{"id":636,"date":"2023-09-30T06:14:36","date_gmt":"2023-09-30T10:14:36","guid":{"rendered":"https:\/\/quemcuidadocuidador.com.br\/?p=636"},"modified":"2023-09-30T06:14:37","modified_gmt":"2023-09-30T10:14:37","slug":"vivendo-o-festival-paralimpico","status":"publish","type":"post","link":"https:\/\/quemcuidadocuidador.com.br\/index.php\/2023\/09\/30\/vivendo-o-festival-paralimpico\/","title":{"rendered":"Vivendo o Festival Paral\u00edmpico"},"content":{"rendered":"\n<p>\u00c9 s\u00e1bado, 23 de setembro de 2023. &nbsp;S\u00e3o 8:09 minutos da manh\u00e3. Estou atrasada. A mudan\u00e7a da rotina \u00e9 intensa. Ao parar em frente ao Gin\u00e1sio de Esportes e desligar o carro, sabe aquela vozinha interior que de vez em quando fala na nossa cabe\u00e7a, a minha grita \u201cVOC\u00ca N\u00c3O AMARROU O CADAR\u00c7O DO T\u00caNIS\u201d, ent\u00e3o cheia de esperan\u00e7a pergunto \u201cPedro voc\u00ea cal\u00e7ou o t\u00eanis?\u201d e ele \u201cm\u00e3e esqueci.\u201d<\/p>\n\n\n\n<p>Ent\u00e3o des\u00e7o do carro e pergunto a professora Katiane se ele pode participar das atividades sem t\u00eanis e ela \u201csim!\u201d<\/p>\n\n\n\n<p>Fico inconformada ao esquecer, mas para Pedro tudo est\u00e1 perfeito. Cumprimenta os professores, diz oi para alguns colegas e caminha por toda a quadra. Na verdade, ele tem dificuldade para se concentrar e realizar as atividades, mas est\u00e1 feliz e a conversar com as pessoas que encontra.<\/p>\n\n\n\n<p>De vez em quando vem um professor e o resgata.<\/p>\n\n\n\n<p>O mais importante no evento \u00e9 observar o clima harmonioso, a alegria das crian\u00e7as, o contentamento estampado no rosto de m\u00e3es, pais, av\u00f3s, tias, madrinhas etc. Pois o objetivo do Festival Paral\u00edmpico \u00e9 promover a integra\u00e7\u00e3o de todos.&nbsp; Antes do evento fomos informados de que poder\u00edamos convidar parentes e amigos para participarem das atividades junto com nossos filhos.<\/p>\n\n\n\n<p>Ent\u00e3o a maioria das pessoas que est\u00e3o aqui, j\u00e1 t\u00eam experi\u00eancia de conviver com o diferente. E os alunos do curso de Educa\u00e7\u00e3o F\u00edsica com alegria ajudam e ao mesmo tempo tem a oportunidade de aprender a serem profissionais um pouco mais humanizados.<\/p>\n\n\n\n<p>No futuro quando eles forem trabalhar nas escolas, ter\u00e3o mais sensibilidade para perceber quais crian\u00e7as s\u00e3o diferentes e acolh\u00ea-las com respeito e compaix\u00e3o.<\/p>\n\n\n\n<p>No Festival Paral\u00edmpico as crian\u00e7as est\u00e3o organizadas em grupo e participam de todas as atividades ofertadas: bocha paral\u00edmpica, parabadminton, v\u00f4lei sentado e goalball. Como o calor est\u00e1 intenso, entre uma atividade e outra, sempre h\u00e1 uma pausa para elas tomarem \u00e1gua.<\/p>\n\n\n\n<p>Durante esse per\u00edodo os familiares est\u00e3o nas arquibancadas, assistindo as atividades, conversando entre si, tamb\u00e9m \u00e9 uma festa e uma pausa para n\u00f3s. Pois em nenhum momento \u00e9 solicitada a nossa presen\u00e7a para cuidar dos nossos filhos. Ou, recebemos aqueles olhares, embrulhados na frase \u201c\u00e9 falta de educa\u00e7\u00e3o\u201d.<\/p>\n\n\n\n<p>Em nome do Professor Emanoel Carvalho, Coordenador do Projeto eu e todas as outras fam\u00edlias aqui presentes parabenizamos todos os outros professores e as pessoas volunt\u00e1rias que est\u00e3o ajudando. Sabemos que organizar um evento desse porte n\u00e3o \u00e9 f\u00e1cil.<\/p>\n\n\n\n<p>Entretanto, voc\u00eas foram incr\u00edveis na acolhida, na organiza\u00e7\u00e3o das atividades integrativas, no cuidado com nossos filhos.<\/p>\n\n\n\n<p>Com tranquilidade afirmamos que o Festival Paral\u00edmpico em C\u00e1ceres foi maravilhoso. E os profissionais que atendem nossos filhos s\u00e3o extraordin\u00e1rios. Pois o cuidado, a gentileza, o respeito e a compaix\u00e3o com que voc\u00eas tratam nossos filhos, \u00e9 o que busc\u00e1vamos h\u00e1 anos.<\/p>\n\n\n\n<p>\u00c9 essa humaniza\u00e7\u00e3o ao servir o outro, que n\u00f3s pais gostar\u00edamos de encontrar em todos os outros espa\u00e7os.<\/p>\n\n\n\n<p>Que o exemplo de voc\u00eas possa ser multiplicado!<\/p>\n\n\n\n<p>Nossa gratid\u00e3o, sempre.<\/p>\n\n\n\n<figure class=\"wp-block-image size-large\"><img loading=\"lazy\" width=\"1024\" height=\"771\" src=\"https:\/\/quemcuidadocuidador.com.br\/wp-content\/uploads\/2023\/09\/WhatsApp-Image-2023-09-23-at-13.54.25-1024x771.jpeg\" alt=\"\" class=\"wp-image-638\" srcset=\"https:\/\/quemcuidadocuidador.com.br\/wp-content\/uploads\/2023\/09\/WhatsApp-Image-2023-09-23-at-13.54.25-1024x771.jpeg 1024w, https:\/\/quemcuidadocuidador.com.br\/wp-content\/uploads\/2023\/09\/WhatsApp-Image-2023-09-23-at-13.54.25-300x226.jpeg 300w, https:\/\/quemcuidadocuidador.com.br\/wp-content\/uploads\/2023\/09\/WhatsApp-Image-2023-09-23-at-13.54.25-768x578.jpeg 768w, https:\/\/quemcuidadocuidador.com.br\/wp-content\/uploads\/2023\/09\/WhatsApp-Image-2023-09-23-at-13.54.25-1536x1156.jpeg 1536w, https:\/\/quemcuidadocuidador.com.br\/wp-content\/uploads\/2023\/09\/WhatsApp-Image-2023-09-23-at-13.54.25.jpeg 1600w\" sizes=\"(max-width: 1024px) 100vw, 1024px\" \/><figcaption>Alunos do Projeto Paral\u00edmpico no final das atividades<\/figcaption><\/figure>\n\n\n\n<p><strong>Professores e estagi\u00e1rios que trabalham diretamente no projeto<\/strong><\/p>\n\n\n\n<p>&nbsp;Ludmilla Gabrielle Pereira de Faria<\/p>\n\n\n\n<p>&nbsp;Juliana Catarina Ramos Pires<\/p>\n\n\n\n<p>D\u00e9bora Aparecida Senabio Domingues<\/p>\n\n\n\n<p>Fernanda Pires de Almeida<\/p>\n\n\n\n<p>Luciene Rodrigues de Carvalho<\/p>\n\n\n\n<p>Katiane Maria Queiroz Melo<\/p>\n\n\n\n<p>Karyna Aires da Silva<\/p>\n\n\n\n<p>Riller Silva Reverdito<\/p>\n\n\n\n<p>Coordenador:<\/p>\n\n\n\n<p>Professor Emanoel Carvalho.<\/p>\n","protected":false},"excerpt":{"rendered":"<p>\u00c9 s\u00e1bado, 23 de setembro de 2023. &nbsp;S\u00e3o 8:09 minutos da manh\u00e3. Estou atrasada. A mudan\u00e7a da rotina \u00e9 intensa. Ao parar em frente ao Gin\u00e1sio de Esportes e desligar o carro, sabe aquela vozinha interior que de vez em quando fala na nossa cabe\u00e7a, a minha grita \u201cVOC\u00ca N\u00c3O AMARROU O CADAR\u00c7O DO T\u00caNIS\u201d, &hellip;<\/p>\n<p class=\"read-more\"> <a class=\"\" href=\"https:\/\/quemcuidadocuidador.com.br\/index.php\/2023\/09\/30\/vivendo-o-festival-paralimpico\/\"> <span class=\"screen-reader-text\">Vivendo o Festival Paral\u00edmpico<\/span> Leia mais &raquo;<\/a><\/p>\n","protected":false},"author":2,"featured_media":637,"comment_status":"open","ping_status":"open","sticky":false,"template":"","format":"standard","meta":{"om_disable_all_campaigns":false,"_monsterinsights_skip_tracking":false,"_monsterinsights_sitenote_active":false,"_monsterinsights_sitenote_note":"","_monsterinsights_sitenote_category":0,"site-sidebar-layout":"","site-content-layout":"","ast-main-header-display":"","ast-hfb-above-header-display":"","ast-hfb-below-header-display":"","ast-hfb-mobile-header-display":"","site-post-title":"","ast-breadcrumbs-content":"","ast-featured-img":"","footer-sml-layout":"","theme-transparent-header-meta":"","adv-header-id-meta":"","stick-header-meta":"","header-above-stick-meta":"","header-main-stick-meta":"","header-below-stick-meta":""},"categories":[5],"tags":[],"uagb_featured_image_src":{"full":["https:\/\/quemcuidadocuidador.com.br\/wp-content\/uploads\/2023\/09\/WhatsApp-Image-2023-09-30-at-04.53.06.jpeg",1600,1057,false],"thumbnail":["https:\/\/quemcuidadocuidador.com.br\/wp-content\/uploads\/2023\/09\/WhatsApp-Image-2023-09-30-at-04.53.06-150x150.jpeg",150,150,true],"medium":["https:\/\/quemcuidadocuidador.com.br\/wp-content\/uploads\/2023\/09\/WhatsApp-Image-2023-09-30-at-04.53.06-300x198.jpeg",300,198,true],"medium_large":["https:\/\/quemcuidadocuidador.com.br\/wp-content\/uploads\/2023\/09\/WhatsApp-Image-2023-09-30-at-04.53.06-768x507.jpeg",768,507,true],"large":["https:\/\/quemcuidadocuidador.com.br\/wp-content\/uploads\/2023\/09\/WhatsApp-Image-2023-09-30-at-04.53.06-1024x676.jpeg",1024,676,true],"1536x1536":["https:\/\/quemcuidadocuidador.com.br\/wp-content\/uploads\/2023\/09\/WhatsApp-Image-2023-09-30-at-04.53.06-1536x1015.jpeg",1536,1015,true],"2048x2048":["https:\/\/quemcuidadocuidador.com.br\/wp-content\/uploads\/2023\/09\/WhatsApp-Image-2023-09-30-at-04.53.06.jpeg",1600,1057,false]},"uagb_author_info":{"display_name":"Cicera A Feitosa","author_link":"https:\/\/quemcuidadocuidador.com.br\/index.php\/author\/cicera\/"},"uagb_comment_info":1,"uagb_excerpt":"\u00c9 s\u00e1bado, 23 de setembro de 2023. &nbsp;S\u00e3o 8:09 minutos da manh\u00e3. Estou atrasada. A mudan\u00e7a da rotina \u00e9 intensa. Ao parar em frente ao Gin\u00e1sio de Esportes e desligar o carro, sabe aquela vozinha interior que de vez em quando fala na nossa cabe\u00e7a, a minha grita \u201cVOC\u00ca N\u00c3O AMARROU O CADAR\u00c7O DO T\u00caNIS\u201d,&hellip;","_links":{"self":[{"href":"https:\/\/quemcuidadocuidador.com.br\/index.php\/wp-json\/wp\/v2\/posts\/636"}],"collection":[{"href":"https:\/\/quemcuidadocuidador.com.br\/index.php\/wp-json\/wp\/v2\/posts"}],"about":[{"href":"https:\/\/quemcuidadocuidador.com.br\/index.php\/wp-json\/wp\/v2\/types\/post"}],"author":[{"embeddable":true,"href":"https:\/\/quemcuidadocuidador.com.br\/index.php\/wp-json\/wp\/v2\/users\/2"}],"replies":[{"embeddable":true,"href":"https:\/\/quemcuidadocuidador.com.br\/index.php\/wp-json\/wp\/v2\/comments?post=636"}],"version-history":[{"count":1,"href":"https:\/\/quemcuidadocuidador.com.br\/index.php\/wp-json\/wp\/v2\/posts\/636\/revisions"}],"predecessor-version":[{"id":639,"href":"https:\/\/quemcuidadocuidador.com.br\/index.php\/wp-json\/wp\/v2\/posts\/636\/revisions\/639"}],"wp:featuredmedia":[{"embeddable":true,"href":"https:\/\/quemcuidadocuidador.com.br\/index.php\/wp-json\/wp\/v2\/media\/637"}],"wp:attachment":[{"href":"https:\/\/quemcuidadocuidador.com.br\/index.php\/wp-json\/wp\/v2\/media?parent=636"}],"wp:term":[{"taxonomy":"category","embeddable":true,"href":"https:\/\/quemcuidadocuidador.com.br\/index.php\/wp-json\/wp\/v2\/categories?post=636"},{"taxonomy":"post_tag","embeddable":true,"href":"https:\/\/quemcuidadocuidador.com.br\/index.php\/wp-json\/wp\/v2\/tags?post=636"}],"curies":[{"name":"wp","href":"https:\/\/api.w.org\/{rel}","templated":true}]}}