{"id":630,"date":"2023-09-23T06:36:46","date_gmt":"2023-09-23T10:36:46","guid":{"rendered":"https:\/\/quemcuidadocuidador.com.br\/?p=630"},"modified":"2023-09-23T07:04:16","modified_gmt":"2023-09-23T11:04:16","slug":"uma-arvore-minimalista","status":"publish","type":"post","link":"https:\/\/quemcuidadocuidador.com.br\/index.php\/2023\/09\/23\/uma-arvore-minimalista\/","title":{"rendered":"Uma \u00e1rvore minimalista"},"content":{"rendered":"\n<p>Um longo tempo fiquei a observ\u00e1-la, enquanto algumas pessoas se posicionavam para tirar uma foto como se ela estivesse em suas m\u00e3os. Eu olhava sua grandiosidade ao se destacar no azul do c\u00e9u. O verde de suas folhas sob o sol parecia ainda mais intenso e seu tronco encrustado na pedra. Nenhuma outra \u00e1rvore ao seu redor.\u00a0 Isso sim \u00e9 viver com pouco, com o essencial.<\/p>\n\n\n\n<p>E, o mais importante: servindo ao pr\u00f3ximo, pois em total gratuidade oferece beleza e encantamento ao lugar. Fez de uma pedra sua morada. E vive a saborear a brisa do mar, o calor do sol e a sorrir do espanto dos visitantes ao lhe olharem.<\/p>\n\n\n\n<p>Ao longo dos anos venho aprendendo a ser minimalista. N\u00e3o posso dizer que sou minimalista, porque ainda n\u00e3o desapeguei do grande n\u00famero de livros que tenho. Embora j\u00e1 tenha doado muitos.<\/p>\n\n\n\n<p>Outro fator que me levou para o caminho do minimalismo foi meu filho, pois na \u00e9poca em que sua epilepsia estava totalmente sem controle e ele caia, nosso tempo e esfor\u00e7o era para evitar suas quedas. Ent\u00e3o cuidar e limpar coisas tornou-se algo sem sentido. Tornei minha casa o mais funcional poss\u00edvel.<\/p>\n\n\n\n<p>Al\u00e9m do meu filho, meus pais j\u00e1 tinham uma certa idade. Logo tapetes eram algo sem sentido. No geral h\u00e1 tapete em minha casa apenas no banheiro.<\/p>\n\n\n\n<p>Mas claro que li sobre minimalismo, assisti v\u00eddeos, at\u00e9 entrei num grupo de minimalistas. Entretanto, minha melhor aula sobre minimalismo foi na praia de Tambaba na Para\u00edba, ao observar essa \u00e1rvore.<\/p>\n\n\n\n<p>Em sua exuber\u00e2ncia ela faz jus aquele ditado: o pouco com Deus \u00e9 muito. Pois ao olharmos para a pedra, vemos total escassez de recursos para uma planta sobreviver. Certamente ela n\u00e3o teve crise de indecis\u00e3o para escolher o lugar de fazer sua morada. A pedra mais alta. Sem medo de enfrentar as rajadas de vento e a exposi\u00e7\u00e3o da sua figura para todos.<\/p>\n\n\n\n<p>Ela \u00e9, em total inteireza. E vive da forma mais minimalista poss\u00edvel. Sem pedir mais nada. E o farfalhar de suas folhas ao toque do vento \u00e9 uma prece de gratid\u00e3o ao universo, pois em sua pequena exist\u00eancia, ela pode oferecer beleza e alegria, para o poeta compor poesia.<\/p>\n\n\n\n<p>Que a gente possa aprender com ela, que doa beleza, serenidade e alimento.<\/p>\n\n\n\n<p>E n\u00f3s, o que doamos para os lugares que s\u00e3o nossos lares?<\/p>\n\n\n\n<p>Obs.: \u201cPalmeira \u00e9 o nome comum da Arecaceae, anteriormente conhecida como Palmae ou Palmaceae, a \u00fanica fam\u00edlia bot\u00e2nica da ordem Arecales. Pertencem a esta fam\u00edlia plantas muito conhecidas, como o coqueiro e a tamareira, abrangendo cerca de 205 g\u00eaneros e 2.500 esp\u00e9cies\u201d.<\/p>\n","protected":false},"excerpt":{"rendered":"<p>Um longo tempo fiquei a observ\u00e1-la, enquanto algumas pessoas se posicionavam para tirar uma foto como se ela estivesse em suas m\u00e3os. Eu olhava sua grandiosidade ao se destacar no azul do c\u00e9u. O verde de suas folhas sob o sol parecia ainda mais intenso e seu tronco encrustado na pedra. Nenhuma outra \u00e1rvore ao &hellip;<\/p>\n<p class=\"read-more\"> <a class=\"\" href=\"https:\/\/quemcuidadocuidador.com.br\/index.php\/2023\/09\/23\/uma-arvore-minimalista\/\"> <span class=\"screen-reader-text\">Uma \u00e1rvore minimalista<\/span> Leia mais &raquo;<\/a><\/p>\n","protected":false},"author":2,"featured_media":631,"comment_status":"open","ping_status":"open","sticky":false,"template":"","format":"standard","meta":{"om_disable_all_campaigns":false,"_monsterinsights_skip_tracking":false,"_monsterinsights_sitenote_active":false,"_monsterinsights_sitenote_note":"","_monsterinsights_sitenote_category":0,"site-sidebar-layout":"","site-content-layout":"","ast-main-header-display":"","ast-hfb-above-header-display":"","ast-hfb-below-header-display":"","ast-hfb-mobile-header-display":"","site-post-title":"","ast-breadcrumbs-content":"","ast-featured-img":"","footer-sml-layout":"","theme-transparent-header-meta":"","adv-header-id-meta":"","stick-header-meta":"","header-above-stick-meta":"","header-main-stick-meta":"","header-below-stick-meta":""},"categories":[5],"tags":[],"uagb_featured_image_src":{"full":["https:\/\/quemcuidadocuidador.com.br\/wp-content\/uploads\/2023\/09\/WhatsApp-Image-2023-09-19-at-17.06.09.jpeg",960,1280,false],"thumbnail":["https:\/\/quemcuidadocuidador.com.br\/wp-content\/uploads\/2023\/09\/WhatsApp-Image-2023-09-19-at-17.06.09-150x150.jpeg",150,150,true],"medium":["https:\/\/quemcuidadocuidador.com.br\/wp-content\/uploads\/2023\/09\/WhatsApp-Image-2023-09-19-at-17.06.09-225x300.jpeg",225,300,true],"medium_large":["https:\/\/quemcuidadocuidador.com.br\/wp-content\/uploads\/2023\/09\/WhatsApp-Image-2023-09-19-at-17.06.09-768x1024.jpeg",768,1024,true],"large":["https:\/\/quemcuidadocuidador.com.br\/wp-content\/uploads\/2023\/09\/WhatsApp-Image-2023-09-19-at-17.06.09-768x1024.jpeg",768,1024,true],"1536x1536":["https:\/\/quemcuidadocuidador.com.br\/wp-content\/uploads\/2023\/09\/WhatsApp-Image-2023-09-19-at-17.06.09.jpeg",960,1280,false],"2048x2048":["https:\/\/quemcuidadocuidador.com.br\/wp-content\/uploads\/2023\/09\/WhatsApp-Image-2023-09-19-at-17.06.09.jpeg",960,1280,false]},"uagb_author_info":{"display_name":"Cicera A Feitosa","author_link":"https:\/\/quemcuidadocuidador.com.br\/index.php\/author\/cicera\/"},"uagb_comment_info":12,"uagb_excerpt":"Um longo tempo fiquei a observ\u00e1-la, enquanto algumas pessoas se posicionavam para tirar uma foto como se ela estivesse em suas m\u00e3os. Eu olhava sua grandiosidade ao se destacar no azul do c\u00e9u. O verde de suas folhas sob o sol parecia ainda mais intenso e seu tronco encrustado na pedra. Nenhuma outra \u00e1rvore ao&hellip;","_links":{"self":[{"href":"https:\/\/quemcuidadocuidador.com.br\/index.php\/wp-json\/wp\/v2\/posts\/630"}],"collection":[{"href":"https:\/\/quemcuidadocuidador.com.br\/index.php\/wp-json\/wp\/v2\/posts"}],"about":[{"href":"https:\/\/quemcuidadocuidador.com.br\/index.php\/wp-json\/wp\/v2\/types\/post"}],"author":[{"embeddable":true,"href":"https:\/\/quemcuidadocuidador.com.br\/index.php\/wp-json\/wp\/v2\/users\/2"}],"replies":[{"embeddable":true,"href":"https:\/\/quemcuidadocuidador.com.br\/index.php\/wp-json\/wp\/v2\/comments?post=630"}],"version-history":[{"count":2,"href":"https:\/\/quemcuidadocuidador.com.br\/index.php\/wp-json\/wp\/v2\/posts\/630\/revisions"}],"predecessor-version":[{"id":634,"href":"https:\/\/quemcuidadocuidador.com.br\/index.php\/wp-json\/wp\/v2\/posts\/630\/revisions\/634"}],"wp:featuredmedia":[{"embeddable":true,"href":"https:\/\/quemcuidadocuidador.com.br\/index.php\/wp-json\/wp\/v2\/media\/631"}],"wp:attachment":[{"href":"https:\/\/quemcuidadocuidador.com.br\/index.php\/wp-json\/wp\/v2\/media?parent=630"}],"wp:term":[{"taxonomy":"category","embeddable":true,"href":"https:\/\/quemcuidadocuidador.com.br\/index.php\/wp-json\/wp\/v2\/categories?post=630"},{"taxonomy":"post_tag","embeddable":true,"href":"https:\/\/quemcuidadocuidador.com.br\/index.php\/wp-json\/wp\/v2\/tags?post=630"}],"curies":[{"name":"wp","href":"https:\/\/api.w.org\/{rel}","templated":true}]}}