{"id":625,"date":"2023-09-16T06:53:11","date_gmt":"2023-09-16T10:53:11","guid":{"rendered":"https:\/\/quemcuidadocuidador.com.br\/?p=625"},"modified":"2023-09-16T06:53:12","modified_gmt":"2023-09-16T10:53:12","slug":"mae-bafao-e-a-experiencia-da-gentileza","status":"publish","type":"post","link":"https:\/\/quemcuidadocuidador.com.br\/index.php\/2023\/09\/16\/mae-bafao-e-a-experiencia-da-gentileza\/","title":{"rendered":"M\u00e3e baf\u00e3o e a experi\u00eancia da gentileza"},"content":{"rendered":"\n<p>J\u00e1 viajei antes com meu filho, de carro ou de \u00f4nibus e sempre que eu sugeria viajarmos de avi\u00e3o ele dizia \u201ctenho medo\u201d.&nbsp; Ent\u00e3o comprei as passagens para vir para Jo\u00e3o Pessoa e comecei a lhe mostrar v\u00eddeos sobre os belos lugares que \u00edamos visitar. Se Pedro continuava com d\u00favida no dia que ele viu o teto da igreja de S\u00e3o Francisco ele se decidiu.<\/p>\n\n\n\n<p>Claro que tomei alguns cuidados, como comprar poltronas na parte da frente, para em caso de alguma turbul\u00eancia, ou no momento de decolar e aterrissar o impacto dos movimentos serem menores.<\/p>\n\n\n\n<p>Antes do avi\u00e3o decolar suas m\u00e3os estavam frias e \u00famidas e sua ansiedade transbordava por todos os poros. Tentei mant\u00ea-lo ocupado ao fazer perguntas sobre eventos religiosos. Acredito que funcionou.<\/p>\n\n\n\n<p>No segundo voo, de S\u00e3o Paulo a Jo\u00e3o Pessoa, houve um momento de tanta estabilidade que ele ficou incomodado. \u201cM\u00e3e, porque o avi\u00e3o est\u00e1 parado?\u201d Era noite. \u201cQuero chegar logo\u201d.<\/p>\n\n\n\n<p>Chegamos e confesso que tem sido uma grande aventura e aprendizado. O primeiro foi na praia de Tambaba, quando meu filho, por movimentar os bra\u00e7os com frequ\u00eancia, esbarrou em uma mulher e o marido dela ficou uma fera. Pedro olhava assustado sem saber o que estava acontecendo, pedi desculpas.<\/p>\n\n\n\n<p>&nbsp;O homem com arrog\u00e2ncia disse \u201cvoc\u00ea est\u00e1 doido?\u201d Ent\u00e3o eu com uma calma que n\u00e3o sei de onde veio respondi \u201cele \u00e9 autista\u201d e fiquei na frente de Pedro encarando o homem. Coisas que s\u00f3 m\u00e3e faz&#8230;<\/p>\n\n\n\n<p>Essa foi uma experi\u00eancia bem ruim.<\/p>\n\n\n\n<p>Entretanto, vivenciei uma experi\u00eancia bem agrad\u00e1vel no espa\u00e7o Centro Cultural de S\u00e3o Francisco. Ao chegar l\u00e1 me encantei pela fachada e parei para tirar uma foto, Pedro seguiu em frente. Quando entrei na recep\u00e7\u00e3o nos informaram que professor pagava metade. Nem eu nem minha amiga est\u00e1vamos com a carteira. Logo t\u00ednhamos que pagar o ingresso completo.<\/p>\n\n\n\n<p>&nbsp;Para minha surpresa essa mo\u00e7a, Cl\u00e9cia, que est\u00e1 na foto com o Pedro disse \u201cn\u00e3o precisa pagar para seu filho, para ele \u00e9 de gra\u00e7a\u201d.<\/p>\n\n\n\n<p>Num primeiro momento foi s\u00f3 a alegria de n\u00e3o pagar, em seguida veio a pergunta como ela percebeu, fiz todo o circuito da visita querendo saber como? Quando o passeio terminou fui at\u00e9 ela e perguntei.<\/p>\n\n\n\n<p>Como voc\u00ea percebeu que meu filho era diferente? Num primeiro momento ela disse que sabia porque sempre recebem pessoas com defici\u00eancia. Mas esta era uma resposta vaga. Ent\u00e3o perguntei quais os tra\u00e7os que fizeram ela identificar.<\/p>\n\n\n\n<p>\u201cFoi o jeito dele se movimentar e falar\u201d. Na verdade, ela j\u00e1 estava com medo de eu ter ficado brava e j\u00e1 come\u00e7ava a pedir desculpas. Ent\u00e3o, disse que estava encantada pela percep\u00e7\u00e3o dela e contei o epis\u00f3dio do dia anterior. Ela sorriu e contou \u201ctenho um parente pr\u00f3ximo com defici\u00eancia\u201d.<\/p>\n\n\n\n<p>Acredito que todos aqueles que percebem o diferente \u00e9 por ter um olhar mais gentil e humanizado, outra forma \u00e9 conviver no dia a dia com o diferente.<\/p>\n\n\n\n<p>Aqui tamb\u00e9m aprendi uma li\u00e7\u00e3o importante. O uso do cord\u00e3o de identifica\u00e7\u00e3o \u00e9 importante, para quando encontrarmos um ser desumanizado, ou que esqueceu as boas maneiras em casa, podermos chamar a pol\u00edcia na hora.<\/p>\n\n\n\n<p>Melhor ser m\u00e3e baf\u00e3o, para que o direito de inclus\u00e3o seja respeitado, do que privar a n\u00f3s e a nossos filhos do direito de ir e vir, em qualquer ambiente.<\/p>\n\n\n\n<p>Pedro adorou esse passeio, tem tudo a ver com seu hiper foco: igreja e imagens de santo. E, as pessoas que trabalham no Centro Cultural S\u00e3o Francisco fazem toda a diferen\u00e7a, pela gentileza.<\/p>\n","protected":false},"excerpt":{"rendered":"<p>J\u00e1 viajei antes com meu filho, de carro ou de \u00f4nibus e sempre que eu sugeria viajarmos de avi\u00e3o ele dizia \u201ctenho medo\u201d.&nbsp; Ent\u00e3o comprei as passagens para vir para Jo\u00e3o Pessoa e comecei a lhe mostrar v\u00eddeos sobre os belos lugares que \u00edamos visitar. Se Pedro continuava com d\u00favida no dia que ele viu &hellip;<\/p>\n<p class=\"read-more\"> <a class=\"\" href=\"https:\/\/quemcuidadocuidador.com.br\/index.php\/2023\/09\/16\/mae-bafao-e-a-experiencia-da-gentileza\/\"> <span class=\"screen-reader-text\">M\u00e3e baf\u00e3o e a experi\u00eancia da gentileza<\/span> Leia mais &raquo;<\/a><\/p>\n","protected":false},"author":2,"featured_media":626,"comment_status":"open","ping_status":"open","sticky":false,"template":"","format":"standard","meta":{"om_disable_all_campaigns":false,"_monsterinsights_skip_tracking":false,"_monsterinsights_sitenote_active":false,"_monsterinsights_sitenote_note":"","_monsterinsights_sitenote_category":0,"site-sidebar-layout":"","site-content-layout":"","ast-main-header-display":"","ast-hfb-above-header-display":"","ast-hfb-below-header-display":"","ast-hfb-mobile-header-display":"","site-post-title":"","ast-breadcrumbs-content":"","ast-featured-img":"","footer-sml-layout":"","theme-transparent-header-meta":"","adv-header-id-meta":"","stick-header-meta":"","header-above-stick-meta":"","header-main-stick-meta":"","header-below-stick-meta":""},"categories":[5],"tags":[],"uagb_featured_image_src":{"full":["https:\/\/quemcuidadocuidador.com.br\/wp-content\/uploads\/2023\/09\/WhatsApp-Image-2023-09-16-at-06.13.22.jpeg",1200,1600,false],"thumbnail":["https:\/\/quemcuidadocuidador.com.br\/wp-content\/uploads\/2023\/09\/WhatsApp-Image-2023-09-16-at-06.13.22-150x150.jpeg",150,150,true],"medium":["https:\/\/quemcuidadocuidador.com.br\/wp-content\/uploads\/2023\/09\/WhatsApp-Image-2023-09-16-at-06.13.22-225x300.jpeg",225,300,true],"medium_large":["https:\/\/quemcuidadocuidador.com.br\/wp-content\/uploads\/2023\/09\/WhatsApp-Image-2023-09-16-at-06.13.22-768x1024.jpeg",768,1024,true],"large":["https:\/\/quemcuidadocuidador.com.br\/wp-content\/uploads\/2023\/09\/WhatsApp-Image-2023-09-16-at-06.13.22-768x1024.jpeg",768,1024,true],"1536x1536":["https:\/\/quemcuidadocuidador.com.br\/wp-content\/uploads\/2023\/09\/WhatsApp-Image-2023-09-16-at-06.13.22-1152x1536.jpeg",1152,1536,true],"2048x2048":["https:\/\/quemcuidadocuidador.com.br\/wp-content\/uploads\/2023\/09\/WhatsApp-Image-2023-09-16-at-06.13.22.jpeg",1200,1600,false]},"uagb_author_info":{"display_name":"Cicera A Feitosa","author_link":"https:\/\/quemcuidadocuidador.com.br\/index.php\/author\/cicera\/"},"uagb_comment_info":14,"uagb_excerpt":"J\u00e1 viajei antes com meu filho, de carro ou de \u00f4nibus e sempre que eu sugeria viajarmos de avi\u00e3o ele dizia \u201ctenho medo\u201d.&nbsp; Ent\u00e3o comprei as passagens para vir para Jo\u00e3o Pessoa e comecei a lhe mostrar v\u00eddeos sobre os belos lugares que \u00edamos visitar. Se Pedro continuava com d\u00favida no dia que ele viu&hellip;","_links":{"self":[{"href":"https:\/\/quemcuidadocuidador.com.br\/index.php\/wp-json\/wp\/v2\/posts\/625"}],"collection":[{"href":"https:\/\/quemcuidadocuidador.com.br\/index.php\/wp-json\/wp\/v2\/posts"}],"about":[{"href":"https:\/\/quemcuidadocuidador.com.br\/index.php\/wp-json\/wp\/v2\/types\/post"}],"author":[{"embeddable":true,"href":"https:\/\/quemcuidadocuidador.com.br\/index.php\/wp-json\/wp\/v2\/users\/2"}],"replies":[{"embeddable":true,"href":"https:\/\/quemcuidadocuidador.com.br\/index.php\/wp-json\/wp\/v2\/comments?post=625"}],"version-history":[{"count":1,"href":"https:\/\/quemcuidadocuidador.com.br\/index.php\/wp-json\/wp\/v2\/posts\/625\/revisions"}],"predecessor-version":[{"id":627,"href":"https:\/\/quemcuidadocuidador.com.br\/index.php\/wp-json\/wp\/v2\/posts\/625\/revisions\/627"}],"wp:featuredmedia":[{"embeddable":true,"href":"https:\/\/quemcuidadocuidador.com.br\/index.php\/wp-json\/wp\/v2\/media\/626"}],"wp:attachment":[{"href":"https:\/\/quemcuidadocuidador.com.br\/index.php\/wp-json\/wp\/v2\/media?parent=625"}],"wp:term":[{"taxonomy":"category","embeddable":true,"href":"https:\/\/quemcuidadocuidador.com.br\/index.php\/wp-json\/wp\/v2\/categories?post=625"},{"taxonomy":"post_tag","embeddable":true,"href":"https:\/\/quemcuidadocuidador.com.br\/index.php\/wp-json\/wp\/v2\/tags?post=625"}],"curies":[{"name":"wp","href":"https:\/\/api.w.org\/{rel}","templated":true}]}}