{"id":608,"date":"2023-08-26T07:43:04","date_gmt":"2023-08-26T11:43:04","guid":{"rendered":"https:\/\/quemcuidadocuidador.com.br\/?p=608"},"modified":"2023-08-26T07:47:42","modified_gmt":"2023-08-26T11:47:42","slug":"como-cuidar-do-outro-e-manter-o-autocuidado","status":"publish","type":"post","link":"https:\/\/quemcuidadocuidador.com.br\/index.php\/2023\/08\/26\/como-cuidar-do-outro-e-manter-o-autocuidado\/","title":{"rendered":"Empatia e compaix\u00e3o, uma constru\u00e7\u00e3o di\u00e1ria no cuidar do outro e no autocuidado"},"content":{"rendered":"\n<p>Com frequ\u00eancia recebo mensagens de pessoas que dizem n\u00e3o aguentar mais cuidar do pai ou da m\u00e3e sozinhas. \u201cAs pessoas da minha fam\u00edlia n\u00e3o me ajudam\u201d. Ou m\u00e3es que tamb\u00e9m reclamam dos pais que n\u00e3o se envolvem na a\u00e7\u00e3o de cuidar do filho(a) com defici\u00eancia.<\/p>\n\n\n\n<p>Tamb\u00e9m h\u00e1 uma reclama\u00e7\u00e3o cl\u00e1ssica na qual eu me incluo. Como eles(a) n\u00e3o percebem que eu tamb\u00e9m preciso ser cuidada?<\/p>\n\n\n\n<p>Eu sempre contei com o apoio da minha irm\u00e3, que tamb\u00e9m \u00e9 minha madrinha. Entretanto com o avan\u00e7ar da idade percebo que ela tamb\u00e9m precisa de cuidados.<\/p>\n\n\n\n<p>Portanto estou como a maioria de voc\u00eas que \u00e9 cuidador(a), precisamos de cuidados e parece que nossas necessidades est\u00e3o invis\u00edveis. Pois ningu\u00e9m percebe ou finge n\u00e3o perceber, pois assim n\u00e3o se faz necess\u00e1rio agir.<\/p>\n\n\n\n<p>Como foi que chegamos a esta triste realidade?<\/p>\n\n\n\n<p>As opini\u00f5es s\u00e3o v\u00e1rias e, entre elas: \u201cLarga tudo e vai embora\u201d.<\/p>\n\n\n\n<p>Confesso que gosto muito dessa. Mas como posso abandonar meu pai e meu filho.<\/p>\n\n\n\n<p>Outra muito boa. \u201cPare de cuidar da vida de todo mundo e v\u00e1 viver a sua vida\u201d.<\/p>\n\n\n\n<p>H\u00e1 muito tempo que n\u00e3o tenho nenhum interesse pela vida do outro, porque cuidar da minha n\u00e3o \u00e9 f\u00e1cil. Acredite, quando cuidamos do outro, vinte quatro horas por dia, n\u00e3o sobra tempo nem para saber quem \u00e9 o vizinho do lado ou como \u00e9 vida dele.<\/p>\n\n\n\n<p>Outra p\u00e9rola. \u201cAo cuidar, mesmo que ningu\u00e9m te ajude, voc\u00ea se tornar\u00e1 um ser cheio de luz\u201d.<\/p>\n\n\n\n<p>Tamb\u00e9m n\u00e3o me convence, n\u00e3o tenho a voca\u00e7\u00e3o nem de Madre Tereza de Calcut\u00e1, nem de Santa Irm\u00e3 Dulce. Na verdade, o cansa\u00e7o excessivo nos torna cheios de dores, rabugentos, reclam\u00f5es e estafados. Algumas vezes, s\u00f3 ca\u00edmos a ficha quando vamos parar na UPA.<\/p>\n\n\n\n<p>Sem contar as quantas vezes em que ouvimos que estamos estressados e que precisamos nos acalmar, ou ainda, quando ouvimos que n\u00e3o temos motivos para ficarmos nervosos.<\/p>\n\n\n\n<p>Como sair desse ciclo de cuidados com os outros e nenhum cuidado para n\u00f3s?<\/p>\n\n\n\n<p>Primeira coisa, acabe com a ilus\u00e3o de que um dia algu\u00e9m fale, tire uma semana de folga, que eu fico no seu lugar. Acredite isso nunca acontecer\u00e1.<\/p>\n\n\n\n<p>No dia que voc\u00ea quiser dez dias, v\u00e3o sugerir a voc\u00ea que reduza para cinco, ou que nem saia.<\/p>\n\n\n\n<p>Outra coisa ningu\u00e9m ver\u00e1 que voc\u00ea est\u00e1 exausto(a). Sabe por qu\u00ea? S\u00f3 enxergamos o que queremos ver.<\/p>\n\n\n\n<p>E a maior das nossas ilus\u00f5es, querer que o outro adivinhe o que precisamos, o que queremos, sem nunca termos dito isso com clareza.<\/p>\n\n\n\n<p>Por que o outro perceber\u00e1 quais s\u00e3o suas necessidades, se isso implicar\u00e1 em responsabilidades que ele n\u00e3o est\u00e1 afim de ter e fazer?<\/p>\n\n\n\n<p>Portanto, se voc\u00ea come\u00e7ar\u00e1 a ser cuidador agora, aprenda a estabelecer limites. Estabele\u00e7a um dia de folga por semana.<\/p>\n\n\n\n<p>Toda a fam\u00edlia precisa se envolver no cuidado e nas despesas. \u00c9 essencial a percep\u00e7\u00e3o de que em rela\u00e7\u00e3o ao idoso, com o passar do tempo, os cuidados aumentam, as despesas e o desgaste de quem cuida tamb\u00e9m.<\/p>\n\n\n\n<p>O cuidar a noite, nos deixa em um estado de cansa\u00e7o cr\u00f4nico.<\/p>\n\n\n\n<p>Ent\u00e3o fa\u00e7a reuni\u00f5es com a fam\u00edlia, e demonstre de todas as formas poss\u00edveis e antes que voc\u00ea tenha um infarto. Pois eles nunca perceber\u00e3o o seu cansa\u00e7o. E n\u00e3o tenha medo de elencar todas as suas necessidades enquanto cuidador.<\/p>\n\n\n\n<p>Precisamos ser claros ao dizer o que queremos, o que precisamos. E sempre ter\u00e1 aquele que nunca te compreender\u00e1, por uma quest\u00e3o de escolha pessoal. Talvez voc\u00ea precise judicializar os cuidados.<\/p>\n\n\n\n<p>Claro que quando cuidamos, nos tornamos mais humanizados e percebemos com facilidade a dor do outro. Por\u00e9m se assim n\u00e3o fosse, jamais ser\u00edamos bons cuidadores. Empatia e compaix\u00e3o \u00e9 uma constru\u00e7\u00e3o di\u00e1ria.<\/p>\n","protected":false},"excerpt":{"rendered":"<p>Com frequ\u00eancia recebo mensagens de pessoas que dizem n\u00e3o aguentar mais cuidar do pai ou da m\u00e3e sozinhas. \u201cAs pessoas da minha fam\u00edlia n\u00e3o me ajudam\u201d. Ou m\u00e3es que tamb\u00e9m reclamam dos pais que n\u00e3o se envolvem na a\u00e7\u00e3o de cuidar do filho(a) com defici\u00eancia. Tamb\u00e9m h\u00e1 uma reclama\u00e7\u00e3o cl\u00e1ssica na qual eu me incluo. &hellip;<\/p>\n<p class=\"read-more\"> <a class=\"\" href=\"https:\/\/quemcuidadocuidador.com.br\/index.php\/2023\/08\/26\/como-cuidar-do-outro-e-manter-o-autocuidado\/\"> <span class=\"screen-reader-text\">Empatia e compaix\u00e3o, uma constru\u00e7\u00e3o di\u00e1ria no cuidar do outro e no autocuidado<\/span> Leia mais &raquo;<\/a><\/p>\n","protected":false},"author":2,"featured_media":609,"comment_status":"open","ping_status":"open","sticky":false,"template":"","format":"standard","meta":{"om_disable_all_campaigns":false,"_monsterinsights_skip_tracking":false,"_monsterinsights_sitenote_active":false,"_monsterinsights_sitenote_note":"","_monsterinsights_sitenote_category":0,"site-sidebar-layout":"","site-content-layout":"","ast-main-header-display":"","ast-hfb-above-header-display":"","ast-hfb-below-header-display":"","ast-hfb-mobile-header-display":"","site-post-title":"","ast-breadcrumbs-content":"","ast-featured-img":"","footer-sml-layout":"","theme-transparent-header-meta":"","adv-header-id-meta":"","stick-header-meta":"","header-above-stick-meta":"","header-main-stick-meta":"","header-below-stick-meta":""},"categories":[5],"tags":[],"uagb_featured_image_src":{"full":["https:\/\/quemcuidadocuidador.com.br\/wp-content\/uploads\/2023\/08\/WhatsApp-Image-2023-08-26-at-06.54.44.jpeg",1213,1600,false],"thumbnail":["https:\/\/quemcuidadocuidador.com.br\/wp-content\/uploads\/2023\/08\/WhatsApp-Image-2023-08-26-at-06.54.44-150x150.jpeg",150,150,true],"medium":["https:\/\/quemcuidadocuidador.com.br\/wp-content\/uploads\/2023\/08\/WhatsApp-Image-2023-08-26-at-06.54.44-227x300.jpeg",227,300,true],"medium_large":["https:\/\/quemcuidadocuidador.com.br\/wp-content\/uploads\/2023\/08\/WhatsApp-Image-2023-08-26-at-06.54.44-768x1013.jpeg",768,1013,true],"large":["https:\/\/quemcuidadocuidador.com.br\/wp-content\/uploads\/2023\/08\/WhatsApp-Image-2023-08-26-at-06.54.44-776x1024.jpeg",776,1024,true],"1536x1536":["https:\/\/quemcuidadocuidador.com.br\/wp-content\/uploads\/2023\/08\/WhatsApp-Image-2023-08-26-at-06.54.44-1164x1536.jpeg",1164,1536,true],"2048x2048":["https:\/\/quemcuidadocuidador.com.br\/wp-content\/uploads\/2023\/08\/WhatsApp-Image-2023-08-26-at-06.54.44.jpeg",1213,1600,false]},"uagb_author_info":{"display_name":"Cicera A Feitosa","author_link":"https:\/\/quemcuidadocuidador.com.br\/index.php\/author\/cicera\/"},"uagb_comment_info":9,"uagb_excerpt":"Com frequ\u00eancia recebo mensagens de pessoas que dizem n\u00e3o aguentar mais cuidar do pai ou da m\u00e3e sozinhas. \u201cAs pessoas da minha fam\u00edlia n\u00e3o me ajudam\u201d. Ou m\u00e3es que tamb\u00e9m reclamam dos pais que n\u00e3o se envolvem na a\u00e7\u00e3o de cuidar do filho(a) com defici\u00eancia. Tamb\u00e9m h\u00e1 uma reclama\u00e7\u00e3o cl\u00e1ssica na qual eu me incluo.&hellip;","_links":{"self":[{"href":"https:\/\/quemcuidadocuidador.com.br\/index.php\/wp-json\/wp\/v2\/posts\/608"}],"collection":[{"href":"https:\/\/quemcuidadocuidador.com.br\/index.php\/wp-json\/wp\/v2\/posts"}],"about":[{"href":"https:\/\/quemcuidadocuidador.com.br\/index.php\/wp-json\/wp\/v2\/types\/post"}],"author":[{"embeddable":true,"href":"https:\/\/quemcuidadocuidador.com.br\/index.php\/wp-json\/wp\/v2\/users\/2"}],"replies":[{"embeddable":true,"href":"https:\/\/quemcuidadocuidador.com.br\/index.php\/wp-json\/wp\/v2\/comments?post=608"}],"version-history":[{"count":3,"href":"https:\/\/quemcuidadocuidador.com.br\/index.php\/wp-json\/wp\/v2\/posts\/608\/revisions"}],"predecessor-version":[{"id":613,"href":"https:\/\/quemcuidadocuidador.com.br\/index.php\/wp-json\/wp\/v2\/posts\/608\/revisions\/613"}],"wp:featuredmedia":[{"embeddable":true,"href":"https:\/\/quemcuidadocuidador.com.br\/index.php\/wp-json\/wp\/v2\/media\/609"}],"wp:attachment":[{"href":"https:\/\/quemcuidadocuidador.com.br\/index.php\/wp-json\/wp\/v2\/media?parent=608"}],"wp:term":[{"taxonomy":"category","embeddable":true,"href":"https:\/\/quemcuidadocuidador.com.br\/index.php\/wp-json\/wp\/v2\/categories?post=608"},{"taxonomy":"post_tag","embeddable":true,"href":"https:\/\/quemcuidadocuidador.com.br\/index.php\/wp-json\/wp\/v2\/tags?post=608"}],"curies":[{"name":"wp","href":"https:\/\/api.w.org\/{rel}","templated":true}]}}