{"id":597,"date":"2023-08-05T08:16:40","date_gmt":"2023-08-05T12:16:40","guid":{"rendered":"https:\/\/quemcuidadocuidador.com.br\/?p=597"},"modified":"2023-08-05T08:16:41","modified_gmt":"2023-08-05T12:16:41","slug":"uma-avo-extraordinaria","status":"publish","type":"post","link":"https:\/\/quemcuidadocuidador.com.br\/index.php\/2023\/08\/05\/uma-avo-extraordinaria\/","title":{"rendered":"Uma av\u00f3 extraordin\u00e1ria"},"content":{"rendered":"\n<p>Acredito que algumas datas devem ser lembradas mais de uma vez e, na festa de Vila Bela ao ver dona Nem\u00e9zia participando ativamente das atividades como presidente da Irmandade do Divino Espirito Santo, tinha certeza que era uma foto dela que queria colocar no meu texto sobre o dia dos av\u00f3s.<\/p>\n\n\n\n<p>N\u00e3o fazia ideia sobre o que escreveria, mas, tinha na lembran\u00e7a uma longa conversa que tivemos em Vila Bela h\u00e1 mais de uma d\u00e9cada. Na \u00e9poca n\u00e3o sabia nada sobre sua vida. Mas em minhas mem\u00f3rias \u00e9 como se tivesse acontecido recentemente.<\/p>\n\n\n\n<p>Ent\u00e3o no final da missa me dirigi a sua filha, que eu n\u00e3o conhecia e disse que admirava a m\u00e3e dela, que em visita anterior tinha tido a oportunidade de conhec\u00ea-la&nbsp; e a mesma preenchia os requisitos que me permitiria falar sobre envelhecer, ser av\u00f3 e continuar a fazer parte da comunidade.<\/p>\n\n\n\n<p>A filha dela concordou e prometeu mandar a foto e uma biografia da m\u00e3e. Ent\u00e3o lhe dei um cart\u00e3o, com meu telefone e o link do meu blog.<\/p>\n\n\n\n<p>Quando eu j\u00e1 estava a pensar que a Marcela tinha esquecido, recebi uma mensagem com a foto e a biografia. Como estava fazendo outras coisas agradeci e somente hoje parei para ler a biografia. Com diz o ditado popular \u201cfiquei de queixo ca\u00eddo\u201d, ao perceber como a vida dela \u00e9 plena de a\u00e7\u00f5es, iniciativas, capaz de experimentar o novo e criar oportunidades. Al\u00e9m das v\u00e1rias homenagens recebidas.<\/p>\n\n\n\n<p>Mas, h\u00e1 um dado que me chamou a aten\u00e7\u00e3o em sua biografia, o grande n\u00famero de afilhados. Para mim o melhor indicador de carisma. Afinal quando vamos escolher quem ir\u00e1 batizar um filho nosso, levamos em conta algumas qualidades.<\/p>\n\n\n\n<p>Continuei pensando que ela era uma av\u00f3 perfeita, pois se aposentou e continua envolvida nas a\u00e7\u00f5es da comunidade, criando sentindo para sua vida e distribuindo gentileza por onde passa.<\/p>\n\n\n\n<p>E a gentileza dela se fez presente durante a missa quando a imperatriz n\u00e3o conteve o choro, pois no mesmo instante acontecia em outro espa\u00e7o o vel\u00f3rio de sua av\u00f3. Dona Nem\u00e9zia saiu de seu lugar a abra\u00e7ou e com a m\u00e3o sobre seu cora\u00e7\u00e3o deu batidas suaves, repetidas vezes, num gesto de carinho, conforto e fortaleza.<\/p>\n\n\n\n<p>Mas tamb\u00e9m soube agir com firmeza, no momento de conduzir a elei\u00e7\u00e3o para os novos representantes para a pr\u00f3xima festa.<\/p>\n\n\n\n<p>Uma mulher, que ocupa os espa\u00e7os sociais e sabe agir com firmeza e mansid\u00e3o. Ao caminhar, seus passos imprimem marcas, na hist\u00f3ria de Vila Bela da Sant\u00edssima Trindade.<\/p>\n\n\n\n<p>Dona Nem\u00e9zia Profeta Ribeiro, a aten\u00e7\u00e3o que a senhora deu aos detalhes de suas a\u00e7\u00f5es a transformaram em uma av\u00f3 extraordin\u00e1ria.<\/p>\n\n\n\n<p>Rendo aqui a minha homenagem a essa mulher extraordin\u00e1ria!<\/p>\n","protected":false},"excerpt":{"rendered":"<p>Acredito que algumas datas devem ser lembradas mais de uma vez e, na festa de Vila Bela ao ver dona Nem\u00e9zia participando ativamente das atividades como presidente da Irmandade do Divino Espirito Santo, tinha certeza que era uma foto dela que queria colocar no meu texto sobre o dia dos av\u00f3s. N\u00e3o fazia ideia sobre &hellip;<\/p>\n<p class=\"read-more\"> <a class=\"\" href=\"https:\/\/quemcuidadocuidador.com.br\/index.php\/2023\/08\/05\/uma-avo-extraordinaria\/\"> <span class=\"screen-reader-text\">Uma av\u00f3 extraordin\u00e1ria<\/span> Leia mais &raquo;<\/a><\/p>\n","protected":false},"author":2,"featured_media":598,"comment_status":"open","ping_status":"open","sticky":false,"template":"","format":"standard","meta":{"om_disable_all_campaigns":false,"_monsterinsights_skip_tracking":false,"_monsterinsights_sitenote_active":false,"_monsterinsights_sitenote_note":"","_monsterinsights_sitenote_category":0,"site-sidebar-layout":"","site-content-layout":"","ast-main-header-display":"","ast-hfb-above-header-display":"","ast-hfb-below-header-display":"","ast-hfb-mobile-header-display":"","site-post-title":"","ast-breadcrumbs-content":"","ast-featured-img":"","footer-sml-layout":"","theme-transparent-header-meta":"","adv-header-id-meta":"","stick-header-meta":"","header-above-stick-meta":"","header-main-stick-meta":"","header-below-stick-meta":""},"categories":[4,5],"tags":[],"uagb_featured_image_src":{"full":["https:\/\/quemcuidadocuidador.com.br\/wp-content\/uploads\/2023\/08\/WhatsApp-Image-2023-08-02-at-16.52.15.jpeg",1200,1600,false],"thumbnail":["https:\/\/quemcuidadocuidador.com.br\/wp-content\/uploads\/2023\/08\/WhatsApp-Image-2023-08-02-at-16.52.15-150x150.jpeg",150,150,true],"medium":["https:\/\/quemcuidadocuidador.com.br\/wp-content\/uploads\/2023\/08\/WhatsApp-Image-2023-08-02-at-16.52.15-225x300.jpeg",225,300,true],"medium_large":["https:\/\/quemcuidadocuidador.com.br\/wp-content\/uploads\/2023\/08\/WhatsApp-Image-2023-08-02-at-16.52.15-768x1024.jpeg",768,1024,true],"large":["https:\/\/quemcuidadocuidador.com.br\/wp-content\/uploads\/2023\/08\/WhatsApp-Image-2023-08-02-at-16.52.15-768x1024.jpeg",768,1024,true],"1536x1536":["https:\/\/quemcuidadocuidador.com.br\/wp-content\/uploads\/2023\/08\/WhatsApp-Image-2023-08-02-at-16.52.15-1152x1536.jpeg",1152,1536,true],"2048x2048":["https:\/\/quemcuidadocuidador.com.br\/wp-content\/uploads\/2023\/08\/WhatsApp-Image-2023-08-02-at-16.52.15.jpeg",1200,1600,false]},"uagb_author_info":{"display_name":"Cicera A Feitosa","author_link":"https:\/\/quemcuidadocuidador.com.br\/index.php\/author\/cicera\/"},"uagb_comment_info":2,"uagb_excerpt":"Acredito que algumas datas devem ser lembradas mais de uma vez e, na festa de Vila Bela ao ver dona Nem\u00e9zia participando ativamente das atividades como presidente da Irmandade do Divino Espirito Santo, tinha certeza que era uma foto dela que queria colocar no meu texto sobre o dia dos av\u00f3s. N\u00e3o fazia ideia sobre&hellip;","_links":{"self":[{"href":"https:\/\/quemcuidadocuidador.com.br\/index.php\/wp-json\/wp\/v2\/posts\/597"}],"collection":[{"href":"https:\/\/quemcuidadocuidador.com.br\/index.php\/wp-json\/wp\/v2\/posts"}],"about":[{"href":"https:\/\/quemcuidadocuidador.com.br\/index.php\/wp-json\/wp\/v2\/types\/post"}],"author":[{"embeddable":true,"href":"https:\/\/quemcuidadocuidador.com.br\/index.php\/wp-json\/wp\/v2\/users\/2"}],"replies":[{"embeddable":true,"href":"https:\/\/quemcuidadocuidador.com.br\/index.php\/wp-json\/wp\/v2\/comments?post=597"}],"version-history":[{"count":1,"href":"https:\/\/quemcuidadocuidador.com.br\/index.php\/wp-json\/wp\/v2\/posts\/597\/revisions"}],"predecessor-version":[{"id":599,"href":"https:\/\/quemcuidadocuidador.com.br\/index.php\/wp-json\/wp\/v2\/posts\/597\/revisions\/599"}],"wp:featuredmedia":[{"embeddable":true,"href":"https:\/\/quemcuidadocuidador.com.br\/index.php\/wp-json\/wp\/v2\/media\/598"}],"wp:attachment":[{"href":"https:\/\/quemcuidadocuidador.com.br\/index.php\/wp-json\/wp\/v2\/media?parent=597"}],"wp:term":[{"taxonomy":"category","embeddable":true,"href":"https:\/\/quemcuidadocuidador.com.br\/index.php\/wp-json\/wp\/v2\/categories?post=597"},{"taxonomy":"post_tag","embeddable":true,"href":"https:\/\/quemcuidadocuidador.com.br\/index.php\/wp-json\/wp\/v2\/tags?post=597"}],"curies":[{"name":"wp","href":"https:\/\/api.w.org\/{rel}","templated":true}]}}