{"id":593,"date":"2023-07-29T05:51:13","date_gmt":"2023-07-29T09:51:13","guid":{"rendered":"https:\/\/quemcuidadocuidador.com.br\/?p=593"},"modified":"2023-07-29T05:51:14","modified_gmt":"2023-07-29T09:51:14","slug":"vista-se-de-carinho-e-atencao-e-visite-seus-avos","status":"publish","type":"post","link":"https:\/\/quemcuidadocuidador.com.br\/index.php\/2023\/07\/29\/vista-se-de-carinho-e-atencao-e-visite-seus-avos\/","title":{"rendered":"Vista-se de carinho e aten\u00e7\u00e3o e visite seus av\u00f3s"},"content":{"rendered":"\n<p>H\u00e1 um grande n\u00famero de av\u00f3s e av\u00f4s que no dia 26 de julho n\u00e3o foram lembrados pelos netos, bisnetos e tataranetos, n\u00e3o importam os motivos elencados, ou as hist\u00f3rias que contamos para n\u00f3s mesmos para justificar a aus\u00eancia.<\/p>\n\n\n\n<p>Muitos de n\u00f3s estamos a comemorar a longevidade conquistada, mas precisamos ter bem claro que, ao vivermos mais, a velhice se prolonga e a necessidade de cuidados tamb\u00e9m aumenta exponencialmente.<\/p>\n\n\n\n<p>Enquanto vivemos um pouco mais, vemos filhos, netos construindo suas vidas e muitas vezes partindo para outros lugares. Quando mudamos de cidade, nos inserimos no contexto social, passamos a conviver com outras pessoas, adquirimos novos h\u00e1bitos. Ocupamos o tempo com atividades variadas.<\/p>\n\n\n\n<p>Al\u00e9m disso, somos seduzidos pelo mundo do consumo e estamos sempre a comprar algo novo e, constantemente endividados. Logo n\u00e3o podemos perder um dia de servi\u00e7o.<\/p>\n\n\n\n<p>Com tantas distra\u00e7\u00f5es que o mundo moderno oferece o av\u00f4 e a av\u00f3, que j\u00e1 n\u00e3o s\u00e3o mais produtivos, j\u00e1 n\u00e3o podem ir ao Shopping Center, sacar o cart\u00e3o de cr\u00e9dito e pagar suas comprinhas, ou ir para a cozinha e fazer seu prato favorito. Passa a ter seu prazo de validade vencido.<\/p>\n\n\n\n<p>Logo, h\u00e1 um grande n\u00famero de idosos esquecidos em asilos, casas de repouso. Que se arrumam todos os dias, na espera de que o filho, a filha, o neto, a neta venham visita-lo.<\/p>\n\n\n\n<p>N\u00e3o estou generalizando aqui. Sei que existem muitos idosos que s\u00e3o extremamente bem cuidados por seus familiares.<\/p>\n\n\n\n<p>Ent\u00e3o meu convite neste final de semana para voc\u00ea \u00e9: fa\u00e7a uma visita a um abrigo para idosos de sua cidade. Voc\u00ea encontrar\u00e1 l\u00e1 tantos av\u00f4s e av\u00f3s carentes de um abra\u00e7o. N\u00e3o precisa levar nada. Apenas sua presen\u00e7a.<\/p>\n\n\n\n<p>E para voc\u00ea que h\u00e1 muito tempo n\u00e3o visita seus av\u00f3s, que tal passar um dia com eles. &nbsp;Tamb\u00e9m n\u00e3o precisa levar presentes. Apenas segure suas m\u00e3os, pode pentear os cabelos, fa\u00e7a uma massagem nos p\u00e9s, passe creme em sua pele enrugada e ressecada que traz imprimida nela a passagem do tempo e as marcas de saudades.<\/p>\n\n\n\n<p>De uma \u00e9poca que todos se reuniam para festejar e comemorar, hoje muitos av\u00f3s est\u00e3o repletos de saudades e lembran\u00e7as, mas n\u00e3o h\u00e1 mais com quem compartilhar.<\/p>\n\n\n\n<p>Eles est\u00e3o despidos e precisam de vestes feitas de aten\u00e7\u00e3o, cuidado e compaix\u00e3o. Muitos av\u00f3s est\u00e3o famintos de amor, respeito e companhia.<\/p>\n\n\n\n<p>Podemos fazer a diferen\u00e7a na vida de muitos av\u00f4s e av\u00f3s. Basta ofertarmos escuta verdadeira. Ao agir assim, voc\u00ea pode ser presenteado por uma bela hist\u00f3ria de vida.<\/p>\n\n\n\n<p>E, aos representantes dos poderes p\u00fablicos que cumpram com as responsabilidades inerentes ao cargo que ocupam, para que a dignidade, o respeito e o cuidado cheguem a todos, que est\u00e3o vivendo a velhice com precariedade e abandono.<\/p>\n","protected":false},"excerpt":{"rendered":"<p>H\u00e1 um grande n\u00famero de av\u00f3s e av\u00f4s que no dia 26 de julho n\u00e3o foram lembrados pelos netos, bisnetos e tataranetos, n\u00e3o importam os motivos elencados, ou as hist\u00f3rias que contamos para n\u00f3s mesmos para justificar a aus\u00eancia. Muitos de n\u00f3s estamos a comemorar a longevidade conquistada, mas precisamos ter bem claro que, ao &hellip;<\/p>\n<p class=\"read-more\"> <a class=\"\" href=\"https:\/\/quemcuidadocuidador.com.br\/index.php\/2023\/07\/29\/vista-se-de-carinho-e-atencao-e-visite-seus-avos\/\"> <span class=\"screen-reader-text\">Vista-se de carinho e aten\u00e7\u00e3o e visite seus av\u00f3s<\/span> Leia mais &raquo;<\/a><\/p>\n","protected":false},"author":2,"featured_media":594,"comment_status":"open","ping_status":"open","sticky":false,"template":"","format":"standard","meta":{"om_disable_all_campaigns":false,"_monsterinsights_skip_tracking":false,"_monsterinsights_sitenote_active":false,"_monsterinsights_sitenote_note":"","_monsterinsights_sitenote_category":0,"site-sidebar-layout":"","site-content-layout":"","ast-main-header-display":"","ast-hfb-above-header-display":"","ast-hfb-below-header-display":"","ast-hfb-mobile-header-display":"","site-post-title":"","ast-breadcrumbs-content":"","ast-featured-img":"","footer-sml-layout":"","theme-transparent-header-meta":"","adv-header-id-meta":"","stick-header-meta":"","header-above-stick-meta":"","header-main-stick-meta":"","header-below-stick-meta":""},"categories":[5],"tags":[],"uagb_featured_image_src":{"full":["https:\/\/quemcuidadocuidador.com.br\/wp-content\/uploads\/2023\/07\/ian-schneider-NpSERGidafE-unsplash-scaled.jpg",1709,2560,false],"thumbnail":["https:\/\/quemcuidadocuidador.com.br\/wp-content\/uploads\/2023\/07\/ian-schneider-NpSERGidafE-unsplash-150x150.jpg",150,150,true],"medium":["https:\/\/quemcuidadocuidador.com.br\/wp-content\/uploads\/2023\/07\/ian-schneider-NpSERGidafE-unsplash-200x300.jpg",200,300,true],"medium_large":["https:\/\/quemcuidadocuidador.com.br\/wp-content\/uploads\/2023\/07\/ian-schneider-NpSERGidafE-unsplash-768x1150.jpg",768,1150,true],"large":["https:\/\/quemcuidadocuidador.com.br\/wp-content\/uploads\/2023\/07\/ian-schneider-NpSERGidafE-unsplash-684x1024.jpg",684,1024,true],"1536x1536":["https:\/\/quemcuidadocuidador.com.br\/wp-content\/uploads\/2023\/07\/ian-schneider-NpSERGidafE-unsplash-1025x1536.jpg",1025,1536,true],"2048x2048":["https:\/\/quemcuidadocuidador.com.br\/wp-content\/uploads\/2023\/07\/ian-schneider-NpSERGidafE-unsplash-1367x2048.jpg",1367,2048,true]},"uagb_author_info":{"display_name":"Cicera A Feitosa","author_link":"https:\/\/quemcuidadocuidador.com.br\/index.php\/author\/cicera\/"},"uagb_comment_info":1,"uagb_excerpt":"H\u00e1 um grande n\u00famero de av\u00f3s e av\u00f4s que no dia 26 de julho n\u00e3o foram lembrados pelos netos, bisnetos e tataranetos, n\u00e3o importam os motivos elencados, ou as hist\u00f3rias que contamos para n\u00f3s mesmos para justificar a aus\u00eancia. Muitos de n\u00f3s estamos a comemorar a longevidade conquistada, mas precisamos ter bem claro que, ao&hellip;","_links":{"self":[{"href":"https:\/\/quemcuidadocuidador.com.br\/index.php\/wp-json\/wp\/v2\/posts\/593"}],"collection":[{"href":"https:\/\/quemcuidadocuidador.com.br\/index.php\/wp-json\/wp\/v2\/posts"}],"about":[{"href":"https:\/\/quemcuidadocuidador.com.br\/index.php\/wp-json\/wp\/v2\/types\/post"}],"author":[{"embeddable":true,"href":"https:\/\/quemcuidadocuidador.com.br\/index.php\/wp-json\/wp\/v2\/users\/2"}],"replies":[{"embeddable":true,"href":"https:\/\/quemcuidadocuidador.com.br\/index.php\/wp-json\/wp\/v2\/comments?post=593"}],"version-history":[{"count":1,"href":"https:\/\/quemcuidadocuidador.com.br\/index.php\/wp-json\/wp\/v2\/posts\/593\/revisions"}],"predecessor-version":[{"id":595,"href":"https:\/\/quemcuidadocuidador.com.br\/index.php\/wp-json\/wp\/v2\/posts\/593\/revisions\/595"}],"wp:featuredmedia":[{"embeddable":true,"href":"https:\/\/quemcuidadocuidador.com.br\/index.php\/wp-json\/wp\/v2\/media\/594"}],"wp:attachment":[{"href":"https:\/\/quemcuidadocuidador.com.br\/index.php\/wp-json\/wp\/v2\/media?parent=593"}],"wp:term":[{"taxonomy":"category","embeddable":true,"href":"https:\/\/quemcuidadocuidador.com.br\/index.php\/wp-json\/wp\/v2\/categories?post=593"},{"taxonomy":"post_tag","embeddable":true,"href":"https:\/\/quemcuidadocuidador.com.br\/index.php\/wp-json\/wp\/v2\/tags?post=593"}],"curies":[{"name":"wp","href":"https:\/\/api.w.org\/{rel}","templated":true}]}}