{"id":589,"date":"2023-07-22T06:42:50","date_gmt":"2023-07-22T10:42:50","guid":{"rendered":"https:\/\/quemcuidadocuidador.com.br\/?p=589"},"modified":"2023-07-22T06:42:51","modified_gmt":"2023-07-22T10:42:51","slug":"vila-bela-da-santissima-trindade-na-perspectiva-de-um-autista-doose","status":"publish","type":"post","link":"https:\/\/quemcuidadocuidador.com.br\/index.php\/2023\/07\/22\/vila-bela-da-santissima-trindade-na-perspectiva-de-um-autista-doose\/","title":{"rendered":"Vila Bela da Sant\u00edssima Trindade, na perspectiva de um Autista Doose"},"content":{"rendered":"\n<p>Pedro Henrique, o que voc\u00ea viu na cidade de Vila Bela da Sant\u00edssima Trindade, que voc\u00ea achou lindo?<\/p>\n\n\n\n<p><strong>O p\u00f4r do sol foi lindo, um sol no c\u00e9u e outro na \u00e1gua.<\/strong><\/p>\n\n\n\n<p>No caminho, Pedro estava t\u00e3o ansioso que n\u00e3o dormiu, s\u00e3o 300 quil\u00f4metros, de C\u00e1ceres a Vila Bela.&nbsp; Ele conversou com Ambrosina durante toda a viagem. Fomos brindados com um p\u00f4r do sol acolhedor, e o abra\u00e7o do sol se estendeu na acolhida calorosa da fam\u00edlia da prima da Ambrosina, dona Juranice e seu Ep\u00eddio.<\/p>\n\n\n\n<p>E quando sa\u00edmos para rezar a noite, qual foi a melhor parte?<\/p>\n\n\n\n<p><strong>Foi bom ir no carro do Tarc\u00edsio e da Margarete, gostei da ora\u00e7\u00e3o cantada, de ver os altares, de tomar alu\u00e1 e pegar biscoitos. E da companhia da Tamires e dos irm\u00e3os dela.<\/strong><\/p>\n\n\n\n<p>A fam\u00edlia tratou Pedro com amorosidade, escutando suas hist\u00f3rias com aten\u00e7\u00e3o plena. E quando sa\u00edamos todos prestavam aten\u00e7\u00e3o para n\u00e3o o perder de vista.<\/p>\n\n\n\n<p>Pedro o que voc\u00ea achou da missa e das apresenta\u00e7\u00f5es da cultura africana?<\/p>\n\n\n\n<p><strong>Achei tudo lindo. Gostei de rezar, as apresenta\u00e7\u00f5es foram lindas, mas por que o S\u00e3o Benedito tinha Flores nas m\u00e3os? O S\u00e3o benedito que a Malu me deu tem o menino Jesus.<\/strong><\/p>\n\n\n\n<p>Ele adorou as missas tanto a do Divino Esp\u00edrito Santo, quanto a de S\u00e3o Benedito. Admito que na primeira, a homilia foi perfeita, h\u00e1 anos n\u00e3o ouvia uma que me agradasse do in\u00edcio ao fim. Ver a jun\u00e7\u00e3o dos ritos cat\u00f3licos e da cultura africana \u00e9 de uma beleza que emociona.<\/p>\n\n\n\n<p>Pedro, voc\u00ea gostou das refei\u00e7\u00f5es?<\/p>\n\n\n\n<p><strong>Sim, o churrasco estava bom e a salada tamb\u00e9m.<\/strong><\/p>\n\n\n\n<p>As pessoas de l\u00e1 se destacam na pr\u00e1tica da partilha. As refei\u00e7\u00f5es s\u00e3o gratuitas e saborosas. E todo o trabalho \u00e9 volunt\u00e1rio.<\/p>\n\n\n\n<p>A sensa\u00e7\u00e3o que tive \u00e9 que todos s\u00e3o parentes, todos fazem parte das irmandades, tanto do Divino Espirito Santo, quanto de S\u00e3o Benedito. E nesta uni\u00e3o conseguem manter viva e pulsante suas ra\u00edzes africanas, sentem orgulho de ser descendentes de escravos. E os filhos s\u00e3o incentivados a aprender, praticar e valorizar a cultura.<\/p>\n\n\n\n<p>Voc\u00ea quer voltar em Vila Bela?<\/p>\n\n\n\n<p><strong>Sim<\/strong><\/p>\n\n\n\n<p>Por qu\u00ea?<\/p>\n\n\n\n<p><strong>Porque a cidade \u00e9 legal e as pessoas tamb\u00e9m. Todos me trataram bem. E quero continuar participando das rezas.<\/strong><\/p>\n\n\n\n<p>E, a f\u00e9 parece ser um dos elos que unem a todos. O ambiente religioso, o aconchego das grandes fam\u00edlias e o encanto das dan\u00e7as conquistaram Pedro. Pois na segunda-feira ao chegarmos em casa ele perguntou<\/p>\n\n\n\n<p><strong>Quando vamos voltar em Vila Bela?<\/strong><\/p>\n\n\n\n<p><strong>E a fam\u00edlia do Tarc\u00edsio e da Margarete quando vamos encontrar?<\/strong><\/p>\n\n\n\n<p>Gratid\u00e3o a todos pela amorosidade da acolhida a Pedro Henrique.<\/p>\n","protected":false},"excerpt":{"rendered":"<p>Pedro Henrique, o que voc\u00ea viu na cidade de Vila Bela da Sant\u00edssima Trindade, que voc\u00ea achou lindo? O p\u00f4r do sol foi lindo, um sol no c\u00e9u e outro na \u00e1gua. No caminho, Pedro estava t\u00e3o ansioso que n\u00e3o dormiu, s\u00e3o 300 quil\u00f4metros, de C\u00e1ceres a Vila Bela.&nbsp; Ele conversou com Ambrosina durante toda &hellip;<\/p>\n<p class=\"read-more\"> <a class=\"\" href=\"https:\/\/quemcuidadocuidador.com.br\/index.php\/2023\/07\/22\/vila-bela-da-santissima-trindade-na-perspectiva-de-um-autista-doose\/\"> <span class=\"screen-reader-text\">Vila Bela da Sant\u00edssima Trindade, na perspectiva de um Autista Doose<\/span> Leia mais &raquo;<\/a><\/p>\n","protected":false},"author":2,"featured_media":590,"comment_status":"open","ping_status":"open","sticky":false,"template":"","format":"standard","meta":{"om_disable_all_campaigns":false,"_monsterinsights_skip_tracking":false,"_monsterinsights_sitenote_active":false,"_monsterinsights_sitenote_note":"","_monsterinsights_sitenote_category":0,"site-sidebar-layout":"","site-content-layout":"","ast-main-header-display":"","ast-hfb-above-header-display":"","ast-hfb-below-header-display":"","ast-hfb-mobile-header-display":"","site-post-title":"","ast-breadcrumbs-content":"","ast-featured-img":"","footer-sml-layout":"","theme-transparent-header-meta":"","adv-header-id-meta":"","stick-header-meta":"","header-above-stick-meta":"","header-main-stick-meta":"","header-below-stick-meta":""},"categories":[5],"tags":[],"uagb_featured_image_src":{"full":["https:\/\/quemcuidadocuidador.com.br\/wp-content\/uploads\/2023\/07\/WhatsApp-Image-2023-07-22-at-06.33.21.jpeg",1200,1600,false],"thumbnail":["https:\/\/quemcuidadocuidador.com.br\/wp-content\/uploads\/2023\/07\/WhatsApp-Image-2023-07-22-at-06.33.21-150x150.jpeg",150,150,true],"medium":["https:\/\/quemcuidadocuidador.com.br\/wp-content\/uploads\/2023\/07\/WhatsApp-Image-2023-07-22-at-06.33.21-225x300.jpeg",225,300,true],"medium_large":["https:\/\/quemcuidadocuidador.com.br\/wp-content\/uploads\/2023\/07\/WhatsApp-Image-2023-07-22-at-06.33.21-768x1024.jpeg",768,1024,true],"large":["https:\/\/quemcuidadocuidador.com.br\/wp-content\/uploads\/2023\/07\/WhatsApp-Image-2023-07-22-at-06.33.21-768x1024.jpeg",768,1024,true],"1536x1536":["https:\/\/quemcuidadocuidador.com.br\/wp-content\/uploads\/2023\/07\/WhatsApp-Image-2023-07-22-at-06.33.21-1152x1536.jpeg",1152,1536,true],"2048x2048":["https:\/\/quemcuidadocuidador.com.br\/wp-content\/uploads\/2023\/07\/WhatsApp-Image-2023-07-22-at-06.33.21.jpeg",1200,1600,false]},"uagb_author_info":{"display_name":"Cicera A Feitosa","author_link":"https:\/\/quemcuidadocuidador.com.br\/index.php\/author\/cicera\/"},"uagb_comment_info":14,"uagb_excerpt":"Pedro Henrique, o que voc\u00ea viu na cidade de Vila Bela da Sant\u00edssima Trindade, que voc\u00ea achou lindo? O p\u00f4r do sol foi lindo, um sol no c\u00e9u e outro na \u00e1gua. No caminho, Pedro estava t\u00e3o ansioso que n\u00e3o dormiu, s\u00e3o 300 quil\u00f4metros, de C\u00e1ceres a Vila Bela.&nbsp; Ele conversou com Ambrosina durante toda&hellip;","_links":{"self":[{"href":"https:\/\/quemcuidadocuidador.com.br\/index.php\/wp-json\/wp\/v2\/posts\/589"}],"collection":[{"href":"https:\/\/quemcuidadocuidador.com.br\/index.php\/wp-json\/wp\/v2\/posts"}],"about":[{"href":"https:\/\/quemcuidadocuidador.com.br\/index.php\/wp-json\/wp\/v2\/types\/post"}],"author":[{"embeddable":true,"href":"https:\/\/quemcuidadocuidador.com.br\/index.php\/wp-json\/wp\/v2\/users\/2"}],"replies":[{"embeddable":true,"href":"https:\/\/quemcuidadocuidador.com.br\/index.php\/wp-json\/wp\/v2\/comments?post=589"}],"version-history":[{"count":1,"href":"https:\/\/quemcuidadocuidador.com.br\/index.php\/wp-json\/wp\/v2\/posts\/589\/revisions"}],"predecessor-version":[{"id":591,"href":"https:\/\/quemcuidadocuidador.com.br\/index.php\/wp-json\/wp\/v2\/posts\/589\/revisions\/591"}],"wp:featuredmedia":[{"embeddable":true,"href":"https:\/\/quemcuidadocuidador.com.br\/index.php\/wp-json\/wp\/v2\/media\/590"}],"wp:attachment":[{"href":"https:\/\/quemcuidadocuidador.com.br\/index.php\/wp-json\/wp\/v2\/media?parent=589"}],"wp:term":[{"taxonomy":"category","embeddable":true,"href":"https:\/\/quemcuidadocuidador.com.br\/index.php\/wp-json\/wp\/v2\/categories?post=589"},{"taxonomy":"post_tag","embeddable":true,"href":"https:\/\/quemcuidadocuidador.com.br\/index.php\/wp-json\/wp\/v2\/tags?post=589"}],"curies":[{"name":"wp","href":"https:\/\/api.w.org\/{rel}","templated":true}]}}