{"id":585,"date":"2023-07-15T05:36:19","date_gmt":"2023-07-15T09:36:19","guid":{"rendered":"https:\/\/quemcuidadocuidador.com.br\/?p=585"},"modified":"2023-07-15T05:36:20","modified_gmt":"2023-07-15T09:36:20","slug":"uma-oportunidade-de-viver","status":"publish","type":"post","link":"https:\/\/quemcuidadocuidador.com.br\/index.php\/2023\/07\/15\/uma-oportunidade-de-viver\/","title":{"rendered":"Uma oportunidade de viver"},"content":{"rendered":"\n<p>Eu, procuro viver, mas percebo que ao longo da vida na maioria do tempo apenas existi. E nesse existir fiz aquilo que a maioria de n\u00f3s aprendemos que era o certo a fazer. Estudar era o certo a fazer, pois era garantia de ter um trabalho, passar num concurso tamb\u00e9m era o certo a fazer, pois era sin\u00f4nimo de estabilidade, quando eu era jovem. Hoje n\u00e3o mais. E levei isso a s\u00e9rio. Passei em tr\u00eas concursos, todos para ser professora. Talvez na \u00e9poca eu acalentasse a fantasia de que professor era a profiss\u00e3o que podia mudar o mundo.<\/p>\n\n\n\n<p>Hoje compreendo que essa mudan\u00e7a cabe a cada um de n\u00f3s, inclusive e principalmente do ponto de vista de mudan\u00e7a pessoal.<\/p>\n\n\n\n<p>Assim como muitos da minha idade, considerei importante ter casa pr\u00f3pria, um carro para ter a liberdade de ir e vir. Claro sei que para muitos n\u00e3o chega a ser carro, um popular. Mas \u00e9 o poss\u00edvel de acordo com minhas condi\u00e7\u00f5es financeiras.<\/p>\n\n\n\n<p>No geral falo pouco, mas gosto de ver. Ent\u00e3o adoro observar culturas diferentes, experimentar sabores diferentes, ouvir hist\u00f3rias, mesmo que as vezes a l\u00edngua que o outro fala n\u00e3o seja a minha. Mas nosso c\u00e9rebro sempre encontra um jeito de preencher as lacunas e nosso corpo acompanha o ritmo.<\/p>\n\n\n\n<p>N\u00e3o tenho d\u00favidas que durante a minha vida muito mais existi do que vivi. Pois enquanto estamos preocupados em fazer as contas caberem no sal\u00e1rio mensal, apenas existimos e mais f\u00e1cil somos manipulados pela m\u00eddia de consumo. E ela sempre nos mostra que precisamos de mais coisas. Muitas vezes in\u00fateis.<\/p>\n\n\n\n<p>Caso esteja na d\u00favida caro leitor, d\u00ea uma volta nos c\u00f4modos de sua casa, abra arm\u00e1rios e gavetas e tenho certeza que voc\u00ea encontrar\u00e1 um objeto ou dois que no seu dia a dia nunca \u00e9 usado e pior, pode ser que voc\u00ea tenha se endividado al\u00e9m do seu limite para adquiri-lo.<\/p>\n\n\n\n<p>Estou precisando praticar a arte do desapego a livros, mas est\u00e1 dif\u00edcil. S\u00e3o companheiros de longas jornadas. Com eles conheci tantos lugares, culturas e hist\u00f3rias diferentes, que me permitem viajar com leveza e desfrutar das belezas encontradas pelo caminho.<\/p>\n\n\n\n<p>Esse m\u00eas, indo para Cuiab\u00e1, tive a oportunidade de apreciar os ip\u00eas floridos, com tons de rosa variados. Como n\u00e3o estava dirigindo, pude ficar um longo tempo em estado de contempla\u00e7\u00e3o. Em momentos assim, estou a viver.<\/p>\n\n\n\n<p>Vivo tamb\u00e9m, quando encontro meus amigos para conversas filos\u00f3ficas, ao parar para fazer atividade f\u00edsica, ao apreciar um p\u00f4r do sol, ao encontrar os amigos que ganhei na caminhada da vida, no conv\u00edvio com a minha fam\u00edlia. A cada conquista m\u00ednima de meu filho, ao passar creme no corpo fragilizado de meu pai e, nos momentos que seus passos se tornam lentos e cambaleantes lhe estender a m\u00e3o.<\/p>\n\n\n\n<p>A pergunta que vos deixo \u00e9: Como cuidar do outro e se cuidar? Pois para isso o que mais precisamos \u00e9 de pausas, para nos reabastecermos.<\/p>\n\n\n\n<p>Pare e pense um pouco. At\u00e9 na hora a que ter\u00edamos direito a fazer pausas, em como temos dificuldade de desapegarmos das responsabilidades e cuidados. E se morr\u00eassemos hoje?<\/p>\n\n\n\n<p>De um jeito bom ou ruim ir\u00e1 aparecer algu\u00e9m para fazer aquilo que voc\u00ea fazia.<\/p>\n\n\n\n<p>\u00c9 a lei natural da vida. Somos facilmente substitu\u00eddos.<\/p>\n\n\n\n<p>Talvez a grande li\u00e7\u00e3o que precisamos aprender seja: Quando o outro est\u00e1 cuidando, n\u00e3o importa o que ele fa\u00e7a. Naquele momento, dia ou semana de folga, nada que acontecer com a pessoa que voc\u00ea cuida \u00e9 sua responsabilidade. Mas sim da pessoa que cuida, naquele momento.<\/p>\n\n\n\n<p>Voc\u00ea que cuida vai dizer que n\u00e3o \u00e9 f\u00e1cil. &nbsp;Eu sei. Cheguei a esta epifania ontem. Ap\u00f3s uma conversa acalorada com minha irm\u00e3. Admito que queria decidir quem poderia cuidar de meu pai, na casa dela.<\/p>\n\n\n\n<p>Ent\u00e3o, percebi que isso n\u00e3o era responsabilidade minha. Essa percep\u00e7\u00e3o foi libertadora.<\/p>\n\n\n\n<p>Logo, pe\u00e7o desculpas a minha irm\u00e3, por ter sido t\u00e3o intransigente sobre cuidados ao longo dos anos.<\/p>\n\n\n\n<p>Acho at\u00e9 que ao inv\u00e9s do final de semana, vou passar a semana inteira em Vila Bela da Sant\u00edssima Trindade. Um lugar e uma oportunidade \u00f3tima de viver.<\/p>\n","protected":false},"excerpt":{"rendered":"<p>Eu, procuro viver, mas percebo que ao longo da vida na maioria do tempo apenas existi. E nesse existir fiz aquilo que a maioria de n\u00f3s aprendemos que era o certo a fazer. Estudar era o certo a fazer, pois era garantia de ter um trabalho, passar num concurso tamb\u00e9m era o certo a fazer, &hellip;<\/p>\n<p class=\"read-more\"> <a class=\"\" href=\"https:\/\/quemcuidadocuidador.com.br\/index.php\/2023\/07\/15\/uma-oportunidade-de-viver\/\"> <span class=\"screen-reader-text\">Uma oportunidade de viver<\/span> Leia mais &raquo;<\/a><\/p>\n","protected":false},"author":2,"featured_media":586,"comment_status":"open","ping_status":"open","sticky":false,"template":"","format":"standard","meta":{"om_disable_all_campaigns":false,"_monsterinsights_skip_tracking":false,"_monsterinsights_sitenote_active":false,"_monsterinsights_sitenote_note":"","_monsterinsights_sitenote_category":0,"site-sidebar-layout":"","site-content-layout":"","ast-main-header-display":"","ast-hfb-above-header-display":"","ast-hfb-below-header-display":"","ast-hfb-mobile-header-display":"","site-post-title":"","ast-breadcrumbs-content":"","ast-featured-img":"","footer-sml-layout":"","theme-transparent-header-meta":"","adv-header-id-meta":"","stick-header-meta":"","header-above-stick-meta":"","header-main-stick-meta":"","header-below-stick-meta":""},"categories":[5],"tags":[],"uagb_featured_image_src":{"full":["https:\/\/quemcuidadocuidador.com.br\/wp-content\/uploads\/2023\/07\/WhatsApp-Image-2023-07-15-at-05.18.22.jpeg",1090,1363,false],"thumbnail":["https:\/\/quemcuidadocuidador.com.br\/wp-content\/uploads\/2023\/07\/WhatsApp-Image-2023-07-15-at-05.18.22-150x150.jpeg",150,150,true],"medium":["https:\/\/quemcuidadocuidador.com.br\/wp-content\/uploads\/2023\/07\/WhatsApp-Image-2023-07-15-at-05.18.22-240x300.jpeg",240,300,true],"medium_large":["https:\/\/quemcuidadocuidador.com.br\/wp-content\/uploads\/2023\/07\/WhatsApp-Image-2023-07-15-at-05.18.22-768x960.jpeg",768,960,true],"large":["https:\/\/quemcuidadocuidador.com.br\/wp-content\/uploads\/2023\/07\/WhatsApp-Image-2023-07-15-at-05.18.22-819x1024.jpeg",819,1024,true],"1536x1536":["https:\/\/quemcuidadocuidador.com.br\/wp-content\/uploads\/2023\/07\/WhatsApp-Image-2023-07-15-at-05.18.22.jpeg",1090,1363,false],"2048x2048":["https:\/\/quemcuidadocuidador.com.br\/wp-content\/uploads\/2023\/07\/WhatsApp-Image-2023-07-15-at-05.18.22.jpeg",1090,1363,false]},"uagb_author_info":{"display_name":"Cicera A Feitosa","author_link":"https:\/\/quemcuidadocuidador.com.br\/index.php\/author\/cicera\/"},"uagb_comment_info":11,"uagb_excerpt":"Eu, procuro viver, mas percebo que ao longo da vida na maioria do tempo apenas existi. E nesse existir fiz aquilo que a maioria de n\u00f3s aprendemos que era o certo a fazer. Estudar era o certo a fazer, pois era garantia de ter um trabalho, passar num concurso tamb\u00e9m era o certo a fazer,&hellip;","_links":{"self":[{"href":"https:\/\/quemcuidadocuidador.com.br\/index.php\/wp-json\/wp\/v2\/posts\/585"}],"collection":[{"href":"https:\/\/quemcuidadocuidador.com.br\/index.php\/wp-json\/wp\/v2\/posts"}],"about":[{"href":"https:\/\/quemcuidadocuidador.com.br\/index.php\/wp-json\/wp\/v2\/types\/post"}],"author":[{"embeddable":true,"href":"https:\/\/quemcuidadocuidador.com.br\/index.php\/wp-json\/wp\/v2\/users\/2"}],"replies":[{"embeddable":true,"href":"https:\/\/quemcuidadocuidador.com.br\/index.php\/wp-json\/wp\/v2\/comments?post=585"}],"version-history":[{"count":1,"href":"https:\/\/quemcuidadocuidador.com.br\/index.php\/wp-json\/wp\/v2\/posts\/585\/revisions"}],"predecessor-version":[{"id":587,"href":"https:\/\/quemcuidadocuidador.com.br\/index.php\/wp-json\/wp\/v2\/posts\/585\/revisions\/587"}],"wp:featuredmedia":[{"embeddable":true,"href":"https:\/\/quemcuidadocuidador.com.br\/index.php\/wp-json\/wp\/v2\/media\/586"}],"wp:attachment":[{"href":"https:\/\/quemcuidadocuidador.com.br\/index.php\/wp-json\/wp\/v2\/media?parent=585"}],"wp:term":[{"taxonomy":"category","embeddable":true,"href":"https:\/\/quemcuidadocuidador.com.br\/index.php\/wp-json\/wp\/v2\/categories?post=585"},{"taxonomy":"post_tag","embeddable":true,"href":"https:\/\/quemcuidadocuidador.com.br\/index.php\/wp-json\/wp\/v2\/tags?post=585"}],"curies":[{"name":"wp","href":"https:\/\/api.w.org\/{rel}","templated":true}]}}