{"id":563,"date":"2023-07-01T05:01:33","date_gmt":"2023-07-01T09:01:33","guid":{"rendered":"https:\/\/quemcuidadocuidador.com.br\/?p=563"},"modified":"2023-07-01T05:01:34","modified_gmt":"2023-07-01T09:01:34","slug":"cordaodegirassol","status":"publish","type":"post","link":"https:\/\/quemcuidadocuidador.com.br\/index.php\/2023\/07\/01\/cordaodegirassol\/","title":{"rendered":"#cordaodegirassol"},"content":{"rendered":"\n<p>\u00c9 importante o uso do Cord\u00e3o de Girassol, quando se tem alguma defici\u00eancia oculta, n\u00e3o vis\u00edvel aos olhos como uma defici\u00eancia f\u00edsica. Ao conversamos com pessoas com defici\u00eancias vis\u00edveis, muitas apontam dificuldades de locomo\u00e7\u00e3o e, \u00e0s vezes de direitos que s\u00e3o ignorados por muitos.<\/p>\n\n\n\n<p>Ent\u00e3o imagina quando essa defici\u00eancia n\u00e3o est\u00e1 vis\u00edvel aos olhos? Por in\u00fameras vezes vi meu filho passar por escrut\u00ednio de olhares, mais severos do que um leitor de raio x nos aeroportos, que mostram a imagem do que est\u00e1 dentro de nossas bagagens e ponto final. J\u00e1 o olhar do ser humano \u00e9 sempre acompanhado de julgamento.<\/p>\n\n\n\n<p>Quem tem filho ou filha com autismo e uma variedade enorme de outras defici\u00eancias invis\u00edveis est\u00e1 sujeito aos olhares enviesados do cotidiano. Quantas vezes, junto com esse olhar escrutinador, veio o julgamento \u201cfalta de educa\u00e7\u00e3o\u201d ou ent\u00e3o, quando em ambientes escolares, profissionais da educa\u00e7\u00e3o os categorizam como: \u201cquarta-feira\u201d e \u201csem no\u00e7\u00e3o\u201d etc.<\/p>\n\n\n\n<p>Ou quantos adultos com fibromialgia, \u00e0s vezes com dores terr\u00edveis, e por n\u00e3o conseguirem mais congelar um sorriso no rosto s\u00e3o julgados como \u201cmal-educados\u201d.<\/p>\n\n\n\n<p>Poderia citar v\u00e1rias outras doen\u00e7as que est\u00e3o na categoria de invis\u00edveis, mas acredito que o mais importante \u00e9 dizer que agora, em nosso munic\u00edpio, o direito de usar o Cord\u00e3o de Girassol e a carteirinha especificando qual \u00e9 sua doen\u00e7a invis\u00edvel, \u00e9 lei.<\/p>\n\n\n\n<p>A advogada Debora Pacheco, tamb\u00e9m portadora de uma defici\u00eancia invis\u00edvel teve importante papel nessa conquista.<\/p>\n\n\n\n<p>\u00c0 luz da import\u00e2ncia do Cord\u00e3o de Girassol e, ao saber que foi uma pequena equipe de um aeroporto no Reino Unido que teve um olhar acolhedor e buscou solu\u00e7\u00e3o para servir com mais qualidade, para reconhecer aquele que precisa de mais aten\u00e7\u00e3o, meu cora\u00e7\u00e3o fica em festa.<\/p>\n\n\n\n<p>Tudo passa primeiro por algu\u00e9m, que na sua lida di\u00e1ria, olha para o outro com mais gentileza, sabe acolher o diferente e tem percep\u00e7\u00e3o do resultado de uma acolhida verdadeira.<\/p>\n\n\n\n<p>Fica o convite para aprendermos a olhar e observar o outro uns segundos a mais sem nenhum julgamento, pois quando fazemos isso percebemos outros sinais, t\u00e3o vis\u00edveis quanto um Cord\u00e3o de Girassol e que s\u00f3 precisam da nossa aten\u00e7\u00e3o plena.<\/p>\n\n\n\n<p>Outro pedido \u00e9: nos ajudem a divulgar ao m\u00e1ximo o que \u00e9 o Cord\u00e3o de Girassol, em sua casa, com os parentes pr\u00f3ximos, os vizinhos, no local de trabalho, na igreja que voc\u00ea frequenta, clubes, bibliotecas, bancos, consult\u00f3rios, supermercados, padarias, prefeitura, secretarias e tantos outros estabelecimentos.<\/p>\n\n\n\n<p>Empres\u00e1rios, que tal uns banners bem legais para espalhar pela cidade, nesse per\u00edodo do Festival Internacional de Pesca. Seria \u00fatil a toda a nossa comunidade e a todas as outras pessoas que passam por aqui de outras cidades, munic\u00edpios, estados e pa\u00edses. Assim, teriam informa\u00e7\u00f5es sobre o que \u00e9 o Cord\u00e3o de Girassol e a sua import\u00e2ncia para as pessoas que possuem alguma defici\u00eancia invis\u00edvel, aos nossos olhos e a nossa constante falta de sensibilidade.<\/p>\n\n\n\n<p>Essa falta de sensibilidade e observa\u00e7\u00e3o \u00e0s vezes prejudicam a forma como as pessoas s\u00e3o atendidas em estabelecimentos p\u00fablicos e comerciais.<\/p>\n\n\n\n<p>Quem nunca ficou encantado quando, ao chegar num ambiente, se sente bem acolhido. Sem perceber, fazemos propaganda do espa\u00e7o e da pessoa que nos atendeu.<\/p>\n\n\n\n<p>Caros leitores, o cuidado com o outro pede amor e respeito, em qualquer ambiente. O cuidar de forma humanizada, sempre far\u00e1 a diferen\u00e7a.<\/p>\n\n\n\n<p>Portanto, \u00e9 importante a divulga\u00e7\u00e3o do Cord\u00e3o de Girassol, pois n\u00e3o adianta nada eu estar usando um e o outro desconhecer o significado.<\/p>\n\n\n\n<p>Conto com voc\u00ea.<\/p>\n\n\n\n<p>#cordaodegirassol<\/p>\n","protected":false},"excerpt":{"rendered":"<p>\u00c9 importante o uso do Cord\u00e3o de Girassol, quando se tem alguma defici\u00eancia oculta, n\u00e3o vis\u00edvel aos olhos como uma defici\u00eancia f\u00edsica. Ao conversamos com pessoas com defici\u00eancias vis\u00edveis, muitas apontam dificuldades de locomo\u00e7\u00e3o e, \u00e0s vezes de direitos que s\u00e3o ignorados por muitos. Ent\u00e3o imagina quando essa defici\u00eancia n\u00e3o est\u00e1 vis\u00edvel aos olhos? Por &hellip;<\/p>\n<p class=\"read-more\"> <a class=\"\" href=\"https:\/\/quemcuidadocuidador.com.br\/index.php\/2023\/07\/01\/cordaodegirassol\/\"> <span class=\"screen-reader-text\">#cordaodegirassol<\/span> Leia mais &raquo;<\/a><\/p>\n","protected":false},"author":2,"featured_media":564,"comment_status":"open","ping_status":"open","sticky":false,"template":"","format":"standard","meta":{"om_disable_all_campaigns":false,"_monsterinsights_skip_tracking":false,"_monsterinsights_sitenote_active":false,"_monsterinsights_sitenote_note":"","_monsterinsights_sitenote_category":0,"site-sidebar-layout":"","site-content-layout":"","ast-main-header-display":"","ast-hfb-above-header-display":"","ast-hfb-below-header-display":"","ast-hfb-mobile-header-display":"","site-post-title":"","ast-breadcrumbs-content":"","ast-featured-img":"","footer-sml-layout":"","theme-transparent-header-meta":"","adv-header-id-meta":"","stick-header-meta":"","header-above-stick-meta":"","header-main-stick-meta":"","header-below-stick-meta":""},"categories":[5],"tags":[],"uagb_featured_image_src":{"full":["https:\/\/quemcuidadocuidador.com.br\/wp-content\/uploads\/2023\/07\/WhatsApp-Image-2023-06-30-at-18.17.06.jpeg",1110,1280,false],"thumbnail":["https:\/\/quemcuidadocuidador.com.br\/wp-content\/uploads\/2023\/07\/WhatsApp-Image-2023-06-30-at-18.17.06-150x150.jpeg",150,150,true],"medium":["https:\/\/quemcuidadocuidador.com.br\/wp-content\/uploads\/2023\/07\/WhatsApp-Image-2023-06-30-at-18.17.06-260x300.jpeg",260,300,true],"medium_large":["https:\/\/quemcuidadocuidador.com.br\/wp-content\/uploads\/2023\/07\/WhatsApp-Image-2023-06-30-at-18.17.06-768x886.jpeg",768,886,true],"large":["https:\/\/quemcuidadocuidador.com.br\/wp-content\/uploads\/2023\/07\/WhatsApp-Image-2023-06-30-at-18.17.06-888x1024.jpeg",888,1024,true],"1536x1536":["https:\/\/quemcuidadocuidador.com.br\/wp-content\/uploads\/2023\/07\/WhatsApp-Image-2023-06-30-at-18.17.06.jpeg",1110,1280,false],"2048x2048":["https:\/\/quemcuidadocuidador.com.br\/wp-content\/uploads\/2023\/07\/WhatsApp-Image-2023-06-30-at-18.17.06.jpeg",1110,1280,false]},"uagb_author_info":{"display_name":"Cicera A Feitosa","author_link":"https:\/\/quemcuidadocuidador.com.br\/index.php\/author\/cicera\/"},"uagb_comment_info":5,"uagb_excerpt":"\u00c9 importante o uso do Cord\u00e3o de Girassol, quando se tem alguma defici\u00eancia oculta, n\u00e3o vis\u00edvel aos olhos como uma defici\u00eancia f\u00edsica. Ao conversamos com pessoas com defici\u00eancias vis\u00edveis, muitas apontam dificuldades de locomo\u00e7\u00e3o e, \u00e0s vezes de direitos que s\u00e3o ignorados por muitos. Ent\u00e3o imagina quando essa defici\u00eancia n\u00e3o est\u00e1 vis\u00edvel aos olhos? Por&hellip;","_links":{"self":[{"href":"https:\/\/quemcuidadocuidador.com.br\/index.php\/wp-json\/wp\/v2\/posts\/563"}],"collection":[{"href":"https:\/\/quemcuidadocuidador.com.br\/index.php\/wp-json\/wp\/v2\/posts"}],"about":[{"href":"https:\/\/quemcuidadocuidador.com.br\/index.php\/wp-json\/wp\/v2\/types\/post"}],"author":[{"embeddable":true,"href":"https:\/\/quemcuidadocuidador.com.br\/index.php\/wp-json\/wp\/v2\/users\/2"}],"replies":[{"embeddable":true,"href":"https:\/\/quemcuidadocuidador.com.br\/index.php\/wp-json\/wp\/v2\/comments?post=563"}],"version-history":[{"count":1,"href":"https:\/\/quemcuidadocuidador.com.br\/index.php\/wp-json\/wp\/v2\/posts\/563\/revisions"}],"predecessor-version":[{"id":565,"href":"https:\/\/quemcuidadocuidador.com.br\/index.php\/wp-json\/wp\/v2\/posts\/563\/revisions\/565"}],"wp:featuredmedia":[{"embeddable":true,"href":"https:\/\/quemcuidadocuidador.com.br\/index.php\/wp-json\/wp\/v2\/media\/564"}],"wp:attachment":[{"href":"https:\/\/quemcuidadocuidador.com.br\/index.php\/wp-json\/wp\/v2\/media?parent=563"}],"wp:term":[{"taxonomy":"category","embeddable":true,"href":"https:\/\/quemcuidadocuidador.com.br\/index.php\/wp-json\/wp\/v2\/categories?post=563"},{"taxonomy":"post_tag","embeddable":true,"href":"https:\/\/quemcuidadocuidador.com.br\/index.php\/wp-json\/wp\/v2\/tags?post=563"}],"curies":[{"name":"wp","href":"https:\/\/api.w.org\/{rel}","templated":true}]}}