{"id":557,"date":"2023-06-24T06:36:15","date_gmt":"2023-06-24T10:36:15","guid":{"rendered":"https:\/\/quemcuidadocuidador.com.br\/?p=557"},"modified":"2023-06-24T06:36:16","modified_gmt":"2023-06-24T10:36:16","slug":"voce-e-um-cuidador-sanduiche","status":"publish","type":"post","link":"https:\/\/quemcuidadocuidador.com.br\/index.php\/2023\/06\/24\/voce-e-um-cuidador-sanduiche\/","title":{"rendered":"Voc\u00ea \u00e9 um cuidador sanduiche?"},"content":{"rendered":"\n<p>Eu sou.<\/p>\n\n\n\n<p>Cuidador sanduiche \u00e9 aquela pessoa que precisa cuidar, ao mesmo tempo, de mais de uma pessoa de gera\u00e7\u00f5es diferentes. Um nome mais elegante seria cuidador multigeracional. Na configura\u00e7\u00e3o da sociedade atual, \u00e9 muito comum pessoas da minha faixa et\u00e1ria estarem a cuidar de pais idosos, \u00e0s vezes filhos e em algumas situa\u00e7\u00f5es, netos tamb\u00e9m.<\/p>\n\n\n\n<p>Outra caracter\u00edstica desse grupo, \u00e9 que a maioria das pessoas que exercem esta fun\u00e7\u00e3o no momento s\u00e3o mulheres, raramente os homens.<\/p>\n\n\n\n<p>Ao levar em conta minha experi\u00eancia de cuidar, percebo que nem sempre conseguimos cuidar de gera\u00e7\u00f5es diferentes, dando a ambas a aten\u00e7\u00e3o que precisam ou merecem. No meu caso ao cuidar de meu pai de 96 seis anos, tenho certeza de que nesse processo, Pedro Henrique \u00e9 prejudicado.<\/p>\n\n\n\n<p>Ent\u00e3o procuro n\u00e3o deixar o medicamento dele faltar e como ambos est\u00e3o na categoria de vulner\u00e1veis e nenhum dos dois podem ficar s\u00f3s, meu filho fica sem as terapias e atividades f\u00edsicas que s\u00e3o essenciais para continuar caminhando, por toda a vida.<\/p>\n\n\n\n<p>Qualquer um que seja cuidador sandu\u00edche, tamb\u00e9m sabe o que \u00e9 ficar cansado, estressado e sobrecarregado.<\/p>\n\n\n\n<p>Ainda n\u00e3o compreendo o fen\u00f4meno pelo qual os membros de uma fam\u00edlia acreditam que apenas um da fam\u00edlia tenha que assumir a responsabilidade de cuidar em tempo integral, enquanto alguns se prontificam a faz\u00ea-lo de vez em quando e outros esporadicamente. Outros ainda, s\u00f3 o fazem se forem obrigados a isso.<\/p>\n\n\n\n<p>Ser\u00e1 que aqui no Brasil \u00e9 uma pr\u00e1tica cultural?<\/p>\n\n\n\n<p>Outro fator interessante \u00e9 que ao cuidarmos, n\u00e3o podemos reclamar, e aos poucos vamos somatizando doen\u00e7as f\u00edsicas e emocionais e corremos o risco de precisarmos ser cuidados tamb\u00e9m.<\/p>\n\n\n\n<p>Deixamos de ter vida social, visitar os amigos e, ousar pensar em viajar \u00e9 como querer roubar o fogo do Olimpo, como fez Prometeu, seremos castigados. Possivelmente, porque ningu\u00e9m quer ter sua rotina alterada.<\/p>\n\n\n\n<p>E os Poderes P\u00fablicos, onde est\u00e3o?<\/p>\n\n\n\n<p>Quando voc\u00eas v\u00e3o se dedicar a criar pol\u00edticas p\u00fablicas para se ter espa\u00e7os adequados para acolher estas pessoas tanto no per\u00edodo diurno como noturno.<\/p>\n\n\n\n<p>Quando ter\u00e3o programas para orientar as pessoas que v\u00e3o come\u00e7ar a cuidar.?<\/p>\n\n\n\n<p>N\u00f3s cuidadores familiares, \u00e0s vezes realizamos procedimentos que deveriam ser, por um profissional qualificado.<\/p>\n\n\n\n<p>Em situa\u00e7\u00f5es assim, a quem recorrer?<\/p>\n\n\n\n<p>Cuidar do outro \u00e9 uma a\u00e7\u00e3o que exige compaix\u00e3o, respeito e harmonia. E, ao sermos cuidadores sanduiches,&nbsp; temos necessidades semelhantes.<\/p>\n","protected":false},"excerpt":{"rendered":"<p>Eu sou. Cuidador sanduiche \u00e9 aquela pessoa que precisa cuidar, ao mesmo tempo, de mais de uma pessoa de gera\u00e7\u00f5es diferentes. Um nome mais elegante seria cuidador multigeracional. Na configura\u00e7\u00e3o da sociedade atual, \u00e9 muito comum pessoas da minha faixa et\u00e1ria estarem a cuidar de pais idosos, \u00e0s vezes filhos e em algumas situa\u00e7\u00f5es, netos &hellip;<\/p>\n<p class=\"read-more\"> <a class=\"\" href=\"https:\/\/quemcuidadocuidador.com.br\/index.php\/2023\/06\/24\/voce-e-um-cuidador-sanduiche\/\"> <span class=\"screen-reader-text\">Voc\u00ea \u00e9 um cuidador sanduiche?<\/span> Leia mais &raquo;<\/a><\/p>\n","protected":false},"author":2,"featured_media":558,"comment_status":"open","ping_status":"open","sticky":false,"template":"","format":"standard","meta":{"om_disable_all_campaigns":false,"_monsterinsights_skip_tracking":false,"_monsterinsights_sitenote_active":false,"_monsterinsights_sitenote_note":"","_monsterinsights_sitenote_category":0,"site-sidebar-layout":"","site-content-layout":"","ast-main-header-display":"","ast-hfb-above-header-display":"","ast-hfb-below-header-display":"","ast-hfb-mobile-header-display":"","site-post-title":"","ast-breadcrumbs-content":"","ast-featured-img":"","footer-sml-layout":"","theme-transparent-header-meta":"","adv-header-id-meta":"","stick-header-meta":"","header-above-stick-meta":"","header-main-stick-meta":"","header-below-stick-meta":""},"categories":[5],"tags":[],"uagb_featured_image_src":{"full":["https:\/\/quemcuidadocuidador.com.br\/wp-content\/uploads\/2023\/06\/WhatsApp-Image-2023-06-22-at-15.24.06.jpeg",1600,1450,false],"thumbnail":["https:\/\/quemcuidadocuidador.com.br\/wp-content\/uploads\/2023\/06\/WhatsApp-Image-2023-06-22-at-15.24.06-150x150.jpeg",150,150,true],"medium":["https:\/\/quemcuidadocuidador.com.br\/wp-content\/uploads\/2023\/06\/WhatsApp-Image-2023-06-22-at-15.24.06-300x272.jpeg",300,272,true],"medium_large":["https:\/\/quemcuidadocuidador.com.br\/wp-content\/uploads\/2023\/06\/WhatsApp-Image-2023-06-22-at-15.24.06-768x696.jpeg",768,696,true],"large":["https:\/\/quemcuidadocuidador.com.br\/wp-content\/uploads\/2023\/06\/WhatsApp-Image-2023-06-22-at-15.24.06-1024x928.jpeg",1024,928,true],"1536x1536":["https:\/\/quemcuidadocuidador.com.br\/wp-content\/uploads\/2023\/06\/WhatsApp-Image-2023-06-22-at-15.24.06-1536x1392.jpeg",1536,1392,true],"2048x2048":["https:\/\/quemcuidadocuidador.com.br\/wp-content\/uploads\/2023\/06\/WhatsApp-Image-2023-06-22-at-15.24.06.jpeg",1600,1450,false]},"uagb_author_info":{"display_name":"Cicera A Feitosa","author_link":"https:\/\/quemcuidadocuidador.com.br\/index.php\/author\/cicera\/"},"uagb_comment_info":4,"uagb_excerpt":"Eu sou. Cuidador sanduiche \u00e9 aquela pessoa que precisa cuidar, ao mesmo tempo, de mais de uma pessoa de gera\u00e7\u00f5es diferentes. Um nome mais elegante seria cuidador multigeracional. Na configura\u00e7\u00e3o da sociedade atual, \u00e9 muito comum pessoas da minha faixa et\u00e1ria estarem a cuidar de pais idosos, \u00e0s vezes filhos e em algumas situa\u00e7\u00f5es, netos&hellip;","_links":{"self":[{"href":"https:\/\/quemcuidadocuidador.com.br\/index.php\/wp-json\/wp\/v2\/posts\/557"}],"collection":[{"href":"https:\/\/quemcuidadocuidador.com.br\/index.php\/wp-json\/wp\/v2\/posts"}],"about":[{"href":"https:\/\/quemcuidadocuidador.com.br\/index.php\/wp-json\/wp\/v2\/types\/post"}],"author":[{"embeddable":true,"href":"https:\/\/quemcuidadocuidador.com.br\/index.php\/wp-json\/wp\/v2\/users\/2"}],"replies":[{"embeddable":true,"href":"https:\/\/quemcuidadocuidador.com.br\/index.php\/wp-json\/wp\/v2\/comments?post=557"}],"version-history":[{"count":1,"href":"https:\/\/quemcuidadocuidador.com.br\/index.php\/wp-json\/wp\/v2\/posts\/557\/revisions"}],"predecessor-version":[{"id":559,"href":"https:\/\/quemcuidadocuidador.com.br\/index.php\/wp-json\/wp\/v2\/posts\/557\/revisions\/559"}],"wp:featuredmedia":[{"embeddable":true,"href":"https:\/\/quemcuidadocuidador.com.br\/index.php\/wp-json\/wp\/v2\/media\/558"}],"wp:attachment":[{"href":"https:\/\/quemcuidadocuidador.com.br\/index.php\/wp-json\/wp\/v2\/media?parent=557"}],"wp:term":[{"taxonomy":"category","embeddable":true,"href":"https:\/\/quemcuidadocuidador.com.br\/index.php\/wp-json\/wp\/v2\/categories?post=557"},{"taxonomy":"post_tag","embeddable":true,"href":"https:\/\/quemcuidadocuidador.com.br\/index.php\/wp-json\/wp\/v2\/tags?post=557"}],"curies":[{"name":"wp","href":"https:\/\/api.w.org\/{rel}","templated":true}]}}