{"id":553,"date":"2023-06-17T08:03:20","date_gmt":"2023-06-17T12:03:20","guid":{"rendered":"https:\/\/quemcuidadocuidador.com.br\/?p=553"},"modified":"2023-06-17T08:03:21","modified_gmt":"2023-06-17T12:03:21","slug":"dia-do-orgulho-autista-ouca-seu-coracao","status":"publish","type":"post","link":"https:\/\/quemcuidadocuidador.com.br\/index.php\/2023\/06\/17\/dia-do-orgulho-autista-ouca-seu-coracao\/","title":{"rendered":"Dia do Orgulho Autista, ou\u00e7a seu cora\u00e7\u00e3o"},"content":{"rendered":"\n<p>Para um jovem ou uma jovem autista que n\u00e3o se adaptou \u00e0 sociedade, n\u00e3o desenvolveu uma super habilidade valorizada no mundo capitalista, n\u00e3o est\u00e1 alfabetizado(a) para entrar na universidade ou para o mercado de trabalho, significa que ao terminar o Ensino M\u00e9dio est\u00e3o fadados a passarem \u00e0s 24 horas do dia, dentro de casa.<\/p>\n\n\n\n<p>A n\u00e3o ser que a fam\u00edlia tenha um bom poder aquisitivo e possa pagar pelas fisioterapias necess\u00e1rias e atividades culturais e recreativas, esse \u00e9 o cen\u00e1rio.<\/p>\n\n\n\n<p>Infelizmente, n\u00e3o h\u00e1 pol\u00edticas p\u00fablicas pensadas para acolher o diferente, especialmente na fase da vida adulta.<\/p>\n\n\n\n<p>Pergunto aos pais t\u00edpicos: Seus filhos passam finais de semana e feriados inteiros dentro de casa? Seus filhos n\u00e3o recebem nenhum convite para sair? J\u00e1 presenciaram na rua em que voc\u00ea mora, um port\u00e3o ser fechado ao seu filho se aproximar?<\/p>\n\n\n\n<p>N\u00f3s, m\u00e3es e pais at\u00edpicos vemos isso acontecer com frequ\u00eancia.<\/p>\n\n\n\n<p>Convites para festas s\u00e3o t\u00e3o raros que quando os recebo e sei que \u00e9 um lugar que posso levar meu filho considero uma verdadeira ben\u00e7\u00e3o. Principalmente se nesse lugar, todos o tratarem com respeito.<\/p>\n\n\n\n<p>Existem outros espa\u00e7os que tamb\u00e9m s\u00e3o bem delicados. Na \u00e1rea da sa\u00fade, por exemplo, meu filho toma Depakote ER. Esse ER significa \u201ccomprimidos revestidos de libera\u00e7\u00e3o prolongada\u201d. Ontem perguntei na farm\u00e1cia a diferen\u00e7a de valor entre um e outro. \u00c9 m\u00ednima.<\/p>\n\n\n\n<p>Portanto, se os profissionais que atendem na farm\u00e1cia do SUS, anotassem quais s\u00e3o os medicamentos procurados e n\u00e3o encontrados, isso tamb\u00e9m facilitaria na nova lista de medicamentos para licita\u00e7\u00e3o.<\/p>\n\n\n\n<p>N\u00f3s seres humanos, somos incr\u00edveis.&nbsp; Os autistas t\u00eam caracter\u00edsticas \u00fanicas, s\u00e3o de uma sensibilidade impar para barulho, sons da natureza e principalmente para sentir como est\u00e1 o cora\u00e7\u00e3o do outro.<\/p>\n\n\n\n<p>Quando um autista te der um abra\u00e7o o receba. Talvez nem voc\u00ea saiba o quanto estava precisando desse abra\u00e7o, mas ele sabe. No final da semana passada me disseram que um filho(a) autista quando chega na fam\u00edlia, \u00e9 porque ele ou ela precisa ser amado, ou porque a fam\u00edlia precisa aprender a amar.<\/p>\n\n\n\n<p>Qual dessas situa\u00e7\u00f5es faz sentido para voc\u00ea? Eu n\u00e3o tive d\u00favidas que, Pedro Henrique, a miss\u00e3o dele \u00e9 ensinar a todos da fam\u00edlia a se amarem mais. Ele n\u00e3o \u00e9 algu\u00e9m que busca por amor, mas ele distribui amor e alegria por onde passa.<\/p>\n\n\n\n<p>Dia 18 de junho \u2013 DIA DO ORGULHO AUTISTA. Eu gostaria que todos os dias fossem dia do respeito ao autista, assim como a qualquer outro ser humano.<\/p>\n\n\n\n<p>Compartilho com voc\u00eas hoje a habilidade de meu filho: saber identificar todas as imagens de santo.<\/p>\n\n\n\n<p>Minha pergunta \u00e9: como esta habilidade pode inclu\u00ed-lo na sociedade?<\/p>\n\n\n\n<p>Aguardo resposta.<\/p>\n","protected":false},"excerpt":{"rendered":"<p>Para um jovem ou uma jovem autista que n\u00e3o se adaptou \u00e0 sociedade, n\u00e3o desenvolveu uma super habilidade valorizada no mundo capitalista, n\u00e3o est\u00e1 alfabetizado(a) para entrar na universidade ou para o mercado de trabalho, significa que ao terminar o Ensino M\u00e9dio est\u00e3o fadados a passarem \u00e0s 24 horas do dia, dentro de casa. A &hellip;<\/p>\n<p class=\"read-more\"> <a class=\"\" href=\"https:\/\/quemcuidadocuidador.com.br\/index.php\/2023\/06\/17\/dia-do-orgulho-autista-ouca-seu-coracao\/\"> <span class=\"screen-reader-text\">Dia do Orgulho Autista, ou\u00e7a seu cora\u00e7\u00e3o<\/span> Leia mais &raquo;<\/a><\/p>\n","protected":false},"author":2,"featured_media":554,"comment_status":"open","ping_status":"open","sticky":false,"template":"","format":"standard","meta":{"om_disable_all_campaigns":false,"_monsterinsights_skip_tracking":false,"_monsterinsights_sitenote_active":false,"_monsterinsights_sitenote_note":"","_monsterinsights_sitenote_category":0,"site-sidebar-layout":"","site-content-layout":"","ast-main-header-display":"","ast-hfb-above-header-display":"","ast-hfb-below-header-display":"","ast-hfb-mobile-header-display":"","site-post-title":"","ast-breadcrumbs-content":"","ast-featured-img":"","footer-sml-layout":"","theme-transparent-header-meta":"","adv-header-id-meta":"","stick-header-meta":"","header-above-stick-meta":"","header-main-stick-meta":"","header-below-stick-meta":""},"categories":[5],"tags":[],"uagb_featured_image_src":{"full":["https:\/\/quemcuidadocuidador.com.br\/wp-content\/uploads\/2023\/06\/WhatsApp-Image-2023-06-17-at-07.05.45.jpeg",1210,1280,false],"thumbnail":["https:\/\/quemcuidadocuidador.com.br\/wp-content\/uploads\/2023\/06\/WhatsApp-Image-2023-06-17-at-07.05.45-150x150.jpeg",150,150,true],"medium":["https:\/\/quemcuidadocuidador.com.br\/wp-content\/uploads\/2023\/06\/WhatsApp-Image-2023-06-17-at-07.05.45-284x300.jpeg",284,300,true],"medium_large":["https:\/\/quemcuidadocuidador.com.br\/wp-content\/uploads\/2023\/06\/WhatsApp-Image-2023-06-17-at-07.05.45-768x812.jpeg",768,812,true],"large":["https:\/\/quemcuidadocuidador.com.br\/wp-content\/uploads\/2023\/06\/WhatsApp-Image-2023-06-17-at-07.05.45-968x1024.jpeg",968,1024,true],"1536x1536":["https:\/\/quemcuidadocuidador.com.br\/wp-content\/uploads\/2023\/06\/WhatsApp-Image-2023-06-17-at-07.05.45.jpeg",1210,1280,false],"2048x2048":["https:\/\/quemcuidadocuidador.com.br\/wp-content\/uploads\/2023\/06\/WhatsApp-Image-2023-06-17-at-07.05.45.jpeg",1210,1280,false]},"uagb_author_info":{"display_name":"Cicera A Feitosa","author_link":"https:\/\/quemcuidadocuidador.com.br\/index.php\/author\/cicera\/"},"uagb_comment_info":9,"uagb_excerpt":"Para um jovem ou uma jovem autista que n\u00e3o se adaptou \u00e0 sociedade, n\u00e3o desenvolveu uma super habilidade valorizada no mundo capitalista, n\u00e3o est\u00e1 alfabetizado(a) para entrar na universidade ou para o mercado de trabalho, significa que ao terminar o Ensino M\u00e9dio est\u00e3o fadados a passarem \u00e0s 24 horas do dia, dentro de casa. A&hellip;","_links":{"self":[{"href":"https:\/\/quemcuidadocuidador.com.br\/index.php\/wp-json\/wp\/v2\/posts\/553"}],"collection":[{"href":"https:\/\/quemcuidadocuidador.com.br\/index.php\/wp-json\/wp\/v2\/posts"}],"about":[{"href":"https:\/\/quemcuidadocuidador.com.br\/index.php\/wp-json\/wp\/v2\/types\/post"}],"author":[{"embeddable":true,"href":"https:\/\/quemcuidadocuidador.com.br\/index.php\/wp-json\/wp\/v2\/users\/2"}],"replies":[{"embeddable":true,"href":"https:\/\/quemcuidadocuidador.com.br\/index.php\/wp-json\/wp\/v2\/comments?post=553"}],"version-history":[{"count":1,"href":"https:\/\/quemcuidadocuidador.com.br\/index.php\/wp-json\/wp\/v2\/posts\/553\/revisions"}],"predecessor-version":[{"id":555,"href":"https:\/\/quemcuidadocuidador.com.br\/index.php\/wp-json\/wp\/v2\/posts\/553\/revisions\/555"}],"wp:featuredmedia":[{"embeddable":true,"href":"https:\/\/quemcuidadocuidador.com.br\/index.php\/wp-json\/wp\/v2\/media\/554"}],"wp:attachment":[{"href":"https:\/\/quemcuidadocuidador.com.br\/index.php\/wp-json\/wp\/v2\/media?parent=553"}],"wp:term":[{"taxonomy":"category","embeddable":true,"href":"https:\/\/quemcuidadocuidador.com.br\/index.php\/wp-json\/wp\/v2\/categories?post=553"},{"taxonomy":"post_tag","embeddable":true,"href":"https:\/\/quemcuidadocuidador.com.br\/index.php\/wp-json\/wp\/v2\/tags?post=553"}],"curies":[{"name":"wp","href":"https:\/\/api.w.org\/{rel}","templated":true}]}}