{"id":542,"date":"2023-06-03T04:46:30","date_gmt":"2023-06-03T08:46:30","guid":{"rendered":"https:\/\/quemcuidadocuidador.com.br\/?p=542"},"modified":"2023-06-03T04:46:31","modified_gmt":"2023-06-03T08:46:31","slug":"memorias-que-se-vao","status":"publish","type":"post","link":"https:\/\/quemcuidadocuidador.com.br\/index.php\/2023\/06\/03\/memorias-que-se-vao\/","title":{"rendered":"Mem\u00f3rias que se v\u00e3o"},"content":{"rendered":"\n<p>Quando somos jovens temos uma mem\u00f3ria capaz de reter todos os acontecimentos, depois de uma certa idade come\u00e7amos a esquecer algumas, como anivers\u00e1rios de amigos, datas de reuni\u00f5es etc. No entanto, o mais dif\u00edcil \u00e9 quando dizemos adeus a algu\u00e9m que foi importante em nossa vida. Pois, a mem\u00f3ria dos bons momentos vividos com aquela pessoa, j\u00e1 n\u00e3o h\u00e1 mais como compartilhar.<\/p>\n\n\n\n<p>Conheci dona Joana, carinhosamente chamada de Joanita, quando mudei para C\u00e1ceres para fazer faculdade h\u00e1 30 anos. Atualmente me sinto uma agregada da fam\u00edlia.<\/p>\n\n\n\n<p>Ent\u00e3o para n\u00e3o perder algumas mem\u00f3rias, vou registrar aqui tr\u00eas que me s\u00e3o muito caras e raras.<\/p>\n\n\n\n<p>Na \u00e9poca da faculdade, quando eu e Aninha \u00edamos para as festas, eu dormia na casa dela, pois moro num bairro afastado do centro. E ao acordar de manh\u00e3 sempre tinha p\u00e3o franc\u00eas, manteiga e ch\u00e1. Dona Joanita nunca me deixou vir para minha casa sem tomar caf\u00e9 da manh\u00e3.<\/p>\n\n\n\n<p>Quando meu filho nasceu e teve s\u00e9rios problemas de sa\u00fade e por um longo tempo minhas dividas n\u00e3o cabiam em seu sal\u00e1rio, todas as vezes que eu precisei levar meu filho ao m\u00e9dico, em Cuiab\u00e1 e n\u00e3o tinha dinheiro para pagar as despesas da viagem, ela me emprestava.<\/p>\n\n\n\n<p>Por \u00faltimo, na \u00e9poca da pandemia, meu filho cheio de saudades dela, o levei para visit\u00e1-la. Ela j\u00e1 estava doente. Lembro-me que fiquei na \u00e1rea e da janela observei os dois rezando no quarto. Essa \u00e9 a mem\u00f3ria que n\u00e3o quero perder. J\u00e1 que dona Joanita fazia exatamente aquilo que alegrava o meu filho. Embora tivesse ci\u00fames de seus santos, ela sempre permitia que Pedro tocasse nas suas imagens sacras.<\/p>\n\n\n\n<p>Outra li\u00e7\u00e3o que podemos aprender com ela, era o otimismo. Nunca reclamava do estado de sa\u00fade. Lembro-me que uma vez ela disse que estava t\u00e3o bem. Que cheguei a pensar que ela tinha sido curada do c\u00e2ncer. Mas, Aninha, sua filha, disse que ela sempre dizia \u00e0s pessoas que estava bem.<\/p>\n\n\n\n<p>S\u00e1bado precisei tomar decis\u00f5es dif\u00edceis, como contar para meu filho que ela tinha morrido, n\u00e3o o levar ao vel\u00f3rio, deix\u00e1-lo com a vizinha para dar uma passada r\u00e1pida, onde o corpo estava sendo velado.<\/p>\n\n\n\n<p>No vel\u00f3rio, observei a jovem Natalisse com um olhar amoroso para o corpo inerte, que tantas vezes ela ajudou a cuidar e a fazer companhia. Percebi, ent\u00e3o, o quanto a rela\u00e7\u00e3o das duas deve ter sido de troca. Uma com os cuidados e a outra a compartilhar hist\u00f3rias de vida, cheias de supera\u00e7\u00e3o e aprendizado.<\/p>\n\n\n\n<p>Para n\u00e3o ir ao funeral, Pedro exigiu duas coisas: era para eu consolar a sua madrinha e n\u00e3o a deixar chorar.<\/p>\n\n\n\n<p>Para Aninha n\u00e3o chorar, tamb\u00e9m n\u00e3o chorei.&nbsp; Por\u00e9m, hoje envolvida por tantas boas lembran\u00e7as, uma suave chuva escapa de meus olhos.<\/p>\n","protected":false},"excerpt":{"rendered":"<p>Quando somos jovens temos uma mem\u00f3ria capaz de reter todos os acontecimentos, depois de uma certa idade come\u00e7amos a esquecer algumas, como anivers\u00e1rios de amigos, datas de reuni\u00f5es etc. No entanto, o mais dif\u00edcil \u00e9 quando dizemos adeus a algu\u00e9m que foi importante em nossa vida. Pois, a mem\u00f3ria dos bons momentos vividos com aquela &hellip;<\/p>\n<p class=\"read-more\"> <a class=\"\" href=\"https:\/\/quemcuidadocuidador.com.br\/index.php\/2023\/06\/03\/memorias-que-se-vao\/\"> <span class=\"screen-reader-text\">Mem\u00f3rias que se v\u00e3o<\/span> Leia mais &raquo;<\/a><\/p>\n","protected":false},"author":2,"featured_media":543,"comment_status":"open","ping_status":"open","sticky":false,"template":"","format":"standard","meta":{"om_disable_all_campaigns":false,"_monsterinsights_skip_tracking":false,"_monsterinsights_sitenote_active":false,"_monsterinsights_sitenote_note":"","_monsterinsights_sitenote_category":0,"site-sidebar-layout":"","site-content-layout":"","ast-main-header-display":"","ast-hfb-above-header-display":"","ast-hfb-below-header-display":"","ast-hfb-mobile-header-display":"","site-post-title":"","ast-breadcrumbs-content":"","ast-featured-img":"","footer-sml-layout":"","theme-transparent-header-meta":"","adv-header-id-meta":"","stick-header-meta":"","header-above-stick-meta":"","header-main-stick-meta":"","header-below-stick-meta":""},"categories":[5],"tags":[],"uagb_featured_image_src":{"full":["https:\/\/quemcuidadocuidador.com.br\/wp-content\/uploads\/2023\/06\/WhatsApp-Image-2023-06-02-at-16.48.40.jpeg",899,1599,false],"thumbnail":["https:\/\/quemcuidadocuidador.com.br\/wp-content\/uploads\/2023\/06\/WhatsApp-Image-2023-06-02-at-16.48.40-150x150.jpeg",150,150,true],"medium":["https:\/\/quemcuidadocuidador.com.br\/wp-content\/uploads\/2023\/06\/WhatsApp-Image-2023-06-02-at-16.48.40-169x300.jpeg",169,300,true],"medium_large":["https:\/\/quemcuidadocuidador.com.br\/wp-content\/uploads\/2023\/06\/WhatsApp-Image-2023-06-02-at-16.48.40-768x1366.jpeg",768,1366,true],"large":["https:\/\/quemcuidadocuidador.com.br\/wp-content\/uploads\/2023\/06\/WhatsApp-Image-2023-06-02-at-16.48.40-576x1024.jpeg",576,1024,true],"1536x1536":["https:\/\/quemcuidadocuidador.com.br\/wp-content\/uploads\/2023\/06\/WhatsApp-Image-2023-06-02-at-16.48.40-864x1536.jpeg",864,1536,true],"2048x2048":["https:\/\/quemcuidadocuidador.com.br\/wp-content\/uploads\/2023\/06\/WhatsApp-Image-2023-06-02-at-16.48.40.jpeg",899,1599,false]},"uagb_author_info":{"display_name":"Cicera A Feitosa","author_link":"https:\/\/quemcuidadocuidador.com.br\/index.php\/author\/cicera\/"},"uagb_comment_info":4,"uagb_excerpt":"Quando somos jovens temos uma mem\u00f3ria capaz de reter todos os acontecimentos, depois de uma certa idade come\u00e7amos a esquecer algumas, como anivers\u00e1rios de amigos, datas de reuni\u00f5es etc. No entanto, o mais dif\u00edcil \u00e9 quando dizemos adeus a algu\u00e9m que foi importante em nossa vida. Pois, a mem\u00f3ria dos bons momentos vividos com aquela&hellip;","_links":{"self":[{"href":"https:\/\/quemcuidadocuidador.com.br\/index.php\/wp-json\/wp\/v2\/posts\/542"}],"collection":[{"href":"https:\/\/quemcuidadocuidador.com.br\/index.php\/wp-json\/wp\/v2\/posts"}],"about":[{"href":"https:\/\/quemcuidadocuidador.com.br\/index.php\/wp-json\/wp\/v2\/types\/post"}],"author":[{"embeddable":true,"href":"https:\/\/quemcuidadocuidador.com.br\/index.php\/wp-json\/wp\/v2\/users\/2"}],"replies":[{"embeddable":true,"href":"https:\/\/quemcuidadocuidador.com.br\/index.php\/wp-json\/wp\/v2\/comments?post=542"}],"version-history":[{"count":1,"href":"https:\/\/quemcuidadocuidador.com.br\/index.php\/wp-json\/wp\/v2\/posts\/542\/revisions"}],"predecessor-version":[{"id":544,"href":"https:\/\/quemcuidadocuidador.com.br\/index.php\/wp-json\/wp\/v2\/posts\/542\/revisions\/544"}],"wp:featuredmedia":[{"embeddable":true,"href":"https:\/\/quemcuidadocuidador.com.br\/index.php\/wp-json\/wp\/v2\/media\/543"}],"wp:attachment":[{"href":"https:\/\/quemcuidadocuidador.com.br\/index.php\/wp-json\/wp\/v2\/media?parent=542"}],"wp:term":[{"taxonomy":"category","embeddable":true,"href":"https:\/\/quemcuidadocuidador.com.br\/index.php\/wp-json\/wp\/v2\/categories?post=542"},{"taxonomy":"post_tag","embeddable":true,"href":"https:\/\/quemcuidadocuidador.com.br\/index.php\/wp-json\/wp\/v2\/tags?post=542"}],"curies":[{"name":"wp","href":"https:\/\/api.w.org\/{rel}","templated":true}]}}