{"id":538,"date":"2023-05-27T04:38:19","date_gmt":"2023-05-27T08:38:19","guid":{"rendered":"https:\/\/quemcuidadocuidador.com.br\/?p=538"},"modified":"2023-05-27T04:38:20","modified_gmt":"2023-05-27T08:38:20","slug":"entre-dividas-e-promessas","status":"publish","type":"post","link":"https:\/\/quemcuidadocuidador.com.br\/index.php\/2023\/05\/27\/entre-dividas-e-promessas\/","title":{"rendered":"Entre d\u00edvidas e promessas"},"content":{"rendered":"\n<p>Na \u00e9poca de Jesus a afirmativa era \u201c<em>quem n\u00e3o tiver pecado, que atire a primeira pedra<\/em>\u201d; nos nossos dias o ditado poderia ser adaptado para \u201c<em>quem n\u00e3o tiver d\u00edvidas que atire a primeira pedra<\/em>\u201d. Talvez nenhum de n\u00f3s pud\u00e9ssemos atirar uma pedra sequer. Pois iludidos pelo credito f\u00e1cil, pelo desejo de ter coisas, \u00e0s vezes nem t\u00e3o \u00fateis. Vivemos a contrair uma d\u00edvida sobre outra. Mas tamb\u00e9m t\u00eam uma fatia que contraiu d\u00edvida por precisar de um carro para transportar filho(a) ou pai idosos de um lugar para outro, levar em terapias ou comprar medicamentos no credito parcelado por j\u00e1 n\u00e3o ter condi\u00e7\u00f5es de comprar \u00e0 vista,<\/p>\n\n\n\n<p>Sem contar a grande angustia geradas pelas informa\u00e7\u00f5es que chegam at\u00e9 n\u00f3s&#8230; sabemos que elas foram escolhidas, cotejadas e selecionadas. Quando uma informa\u00e7\u00e3o chega mil outras foram descartadas.<\/p>\n\n\n\n<p>E, com frequ\u00eancia vemos a mesma not\u00edcia de diferentes pontos de vistas e com tantas justificativas por parte de quem as vincula, que a defini\u00e7\u00e3o de certo e errado tem entre eles uma t\u00eanue linha cinzenta.<\/p>\n\n\n\n<p>Ent\u00e3o minha pergunta \u00e9: Em quem acreditar? Ou a cada decis\u00e3o que tomo que acredito estar sendo senhora do meu destino, a quem estou servindo?<\/p>\n\n\n\n<p>Quais os interesses por tr\u00e1s de propostas que passamos anos lutando por elas e de repente elas surgem do nada, quando se est\u00e1 pr\u00f3ximo de um novo per\u00edodo eleitoral,<\/p>\n\n\n\n<p>N\u00e3o \u00e9 da forma como t\u00ednhamos reivindicado, n\u00e3o atender\u00e1 as necessidades de todos. Enquanto isso h\u00e1 uma fatia da sociedade que est\u00e1 t\u00e3o necessitada de cuidados. Que n\u00e3o podemos bater o p\u00e9 e dizer assim n\u00e3o aceitamos, pois ainda precisamos pensar no coletivo.<\/p>\n\n\n\n<p>\u00c9 assim que tenho me sentido nos \u00faltimos dias. Com a proposta do Ambulat\u00f3rio para crian\u00e7as com Espectro Autista.<\/p>\n\n\n\n<p>Fui a reuni\u00f5es com alguns secret\u00e1rios e representantes de institui\u00e7\u00f5es., audi\u00eancias p\u00fablicas com vereadores e secret\u00e1rios e reuni\u00f5es com a prefeita. Acompanhamos a troca de alguns Secret\u00e1rios da Sa\u00fade.<\/p>\n\n\n\n<p>E a sonhada Rede de Apoio que teria o objetivo de atender autistas e qualquer outra defici\u00eancia na \u00e1rea da sa\u00fade, educa\u00e7\u00e3o, cultura e lazer e se poss\u00edvel a inser\u00e7\u00e3o no mercado de trabalho, foi transformada em apenas um Ambulat\u00f3rio para atender crian\u00e7as com Espectro Autista.<\/p>\n\n\n\n<p>Senhor Secret\u00e1rio de Sa\u00fade o parabenizo por ter tido a iniciativa de fazer alguma coisa. Mas a pergunta que n\u00e3o quer calar \u00e9 como fica meu filho de vinte anos, que terminou o Ensino M\u00e9dio, n\u00e3o est\u00e1 alfabetizado e n\u00e3o est\u00e1 no mercado de trabalho? Fisioterapia para ele \u00e9 a diferen\u00e7a entre continuar caminhando e parar de andar. E acredite o senhor ou n\u00e3o, j\u00e1 n\u00e3o dou mais conta de pagar UNIMED.<\/p>\n\n\n\n<p>Estou falando do meu filho, mas assim como ele existem v\u00e1rios outros, rapazes e mo\u00e7as, que n\u00e3o tem mais a escola para ir e ficam em casa 24 horas por dia.<\/p>\n\n\n\n<p>Vereadores, secret\u00e1rios, prefeita e representantes de institui\u00e7\u00f5es que certamente assumiram o compromisso de fazer um trabalho de extens\u00e3o para a comunidade. Voc\u00eas v\u00e3o desenvolver algum projeto para este p\u00fablico ou, j\u00e1 est\u00e3o focados em projetos para vencerem ao pr\u00f3ximo pleito eleitoral?<\/p>\n\n\n\n<p>Como vai ficar a Rede de Apoio? Quando ela ser\u00e1 constru\u00edda?<\/p>\n\n\n\n<p>Quando nossos filhos e filhas ser\u00e3o tratados com respeito e dignidade e receber\u00e3o os cuidados que precisam e t\u00eam direito?<\/p>\n","protected":false},"excerpt":{"rendered":"<p>Na \u00e9poca de Jesus a afirmativa era \u201cquem n\u00e3o tiver pecado, que atire a primeira pedra\u201d; nos nossos dias o ditado poderia ser adaptado para \u201cquem n\u00e3o tiver d\u00edvidas que atire a primeira pedra\u201d. Talvez nenhum de n\u00f3s pud\u00e9ssemos atirar uma pedra sequer. Pois iludidos pelo credito f\u00e1cil, pelo desejo de ter coisas, \u00e0s vezes &hellip;<\/p>\n<p class=\"read-more\"> <a class=\"\" href=\"https:\/\/quemcuidadocuidador.com.br\/index.php\/2023\/05\/27\/entre-dividas-e-promessas\/\"> <span class=\"screen-reader-text\">Entre d\u00edvidas e promessas<\/span> Leia mais &raquo;<\/a><\/p>\n","protected":false},"author":2,"featured_media":539,"comment_status":"open","ping_status":"open","sticky":false,"template":"","format":"standard","meta":{"om_disable_all_campaigns":false,"_monsterinsights_skip_tracking":false,"_monsterinsights_sitenote_active":false,"_monsterinsights_sitenote_note":"","_monsterinsights_sitenote_category":0,"site-sidebar-layout":"","site-content-layout":"","ast-main-header-display":"","ast-hfb-above-header-display":"","ast-hfb-below-header-display":"","ast-hfb-mobile-header-display":"","site-post-title":"","ast-breadcrumbs-content":"","ast-featured-img":"","footer-sml-layout":"","theme-transparent-header-meta":"","adv-header-id-meta":"","stick-header-meta":"","header-above-stick-meta":"","header-main-stick-meta":"","header-below-stick-meta":""},"categories":[5],"tags":[],"uagb_featured_image_src":{"full":["https:\/\/quemcuidadocuidador.com.br\/wp-content\/uploads\/2023\/05\/mitya-ivanov-LmZY97r7ZwU-unsplash-scaled.jpg",2560,1920,false],"thumbnail":["https:\/\/quemcuidadocuidador.com.br\/wp-content\/uploads\/2023\/05\/mitya-ivanov-LmZY97r7ZwU-unsplash-150x150.jpg",150,150,true],"medium":["https:\/\/quemcuidadocuidador.com.br\/wp-content\/uploads\/2023\/05\/mitya-ivanov-LmZY97r7ZwU-unsplash-300x225.jpg",300,225,true],"medium_large":["https:\/\/quemcuidadocuidador.com.br\/wp-content\/uploads\/2023\/05\/mitya-ivanov-LmZY97r7ZwU-unsplash-768x576.jpg",768,576,true],"large":["https:\/\/quemcuidadocuidador.com.br\/wp-content\/uploads\/2023\/05\/mitya-ivanov-LmZY97r7ZwU-unsplash-1024x768.jpg",1024,768,true],"1536x1536":["https:\/\/quemcuidadocuidador.com.br\/wp-content\/uploads\/2023\/05\/mitya-ivanov-LmZY97r7ZwU-unsplash-1536x1152.jpg",1536,1152,true],"2048x2048":["https:\/\/quemcuidadocuidador.com.br\/wp-content\/uploads\/2023\/05\/mitya-ivanov-LmZY97r7ZwU-unsplash-2048x1536.jpg",2048,1536,true]},"uagb_author_info":{"display_name":"Cicera A Feitosa","author_link":"https:\/\/quemcuidadocuidador.com.br\/index.php\/author\/cicera\/"},"uagb_comment_info":4,"uagb_excerpt":"Na \u00e9poca de Jesus a afirmativa era \u201cquem n\u00e3o tiver pecado, que atire a primeira pedra\u201d; nos nossos dias o ditado poderia ser adaptado para \u201cquem n\u00e3o tiver d\u00edvidas que atire a primeira pedra\u201d. Talvez nenhum de n\u00f3s pud\u00e9ssemos atirar uma pedra sequer. Pois iludidos pelo credito f\u00e1cil, pelo desejo de ter coisas, \u00e0s vezes&hellip;","_links":{"self":[{"href":"https:\/\/quemcuidadocuidador.com.br\/index.php\/wp-json\/wp\/v2\/posts\/538"}],"collection":[{"href":"https:\/\/quemcuidadocuidador.com.br\/index.php\/wp-json\/wp\/v2\/posts"}],"about":[{"href":"https:\/\/quemcuidadocuidador.com.br\/index.php\/wp-json\/wp\/v2\/types\/post"}],"author":[{"embeddable":true,"href":"https:\/\/quemcuidadocuidador.com.br\/index.php\/wp-json\/wp\/v2\/users\/2"}],"replies":[{"embeddable":true,"href":"https:\/\/quemcuidadocuidador.com.br\/index.php\/wp-json\/wp\/v2\/comments?post=538"}],"version-history":[{"count":1,"href":"https:\/\/quemcuidadocuidador.com.br\/index.php\/wp-json\/wp\/v2\/posts\/538\/revisions"}],"predecessor-version":[{"id":540,"href":"https:\/\/quemcuidadocuidador.com.br\/index.php\/wp-json\/wp\/v2\/posts\/538\/revisions\/540"}],"wp:featuredmedia":[{"embeddable":true,"href":"https:\/\/quemcuidadocuidador.com.br\/index.php\/wp-json\/wp\/v2\/media\/539"}],"wp:attachment":[{"href":"https:\/\/quemcuidadocuidador.com.br\/index.php\/wp-json\/wp\/v2\/media?parent=538"}],"wp:term":[{"taxonomy":"category","embeddable":true,"href":"https:\/\/quemcuidadocuidador.com.br\/index.php\/wp-json\/wp\/v2\/categories?post=538"},{"taxonomy":"post_tag","embeddable":true,"href":"https:\/\/quemcuidadocuidador.com.br\/index.php\/wp-json\/wp\/v2\/tags?post=538"}],"curies":[{"name":"wp","href":"https:\/\/api.w.org\/{rel}","templated":true}]}}