{"id":534,"date":"2023-05-20T05:35:30","date_gmt":"2023-05-20T09:35:30","guid":{"rendered":"https:\/\/quemcuidadocuidador.com.br\/?p=534"},"modified":"2023-05-20T05:35:31","modified_gmt":"2023-05-20T09:35:31","slug":"por-um-olhar-humanizado","status":"publish","type":"post","link":"https:\/\/quemcuidadocuidador.com.br\/index.php\/2023\/05\/20\/por-um-olhar-humanizado\/","title":{"rendered":"Por um olhar humanizado"},"content":{"rendered":"\n<p>Caridade foi um dos temas sobre os quais o padre falou na homilia da missa de domingo. Sobre a import\u00e2ncia de a praticarmos.&nbsp; Enquanto ouvia, pensava nas bel\u00edssimas obras de artes existentes no Vaticano e o quanto \u00e9 dif\u00edcil viver esperando pela caridade do outro.<\/p>\n\n\n\n<p>E, a n\u00e3o ser que a fam\u00edlia seja rica, aqui em C\u00e1ceres, n\u00f3s m\u00e3es e pais de filhos e filhas com espectro autista ou de qualquer outra defici\u00eancia, vivemos em constante espera de caridade. O mais cruel \u00e9 que gritamos por ajuda, socorro e um pouco de caridade.<\/p>\n\n\n\n<p>E, no geral n\u00e3o somos ouvidos.<\/p>\n\n\n\n<p>E, fazemos isso o tempo todo: fam\u00edlia, vizinhos, amigos, profissionais da educa\u00e7\u00e3o, profissionais da sa\u00fade e aos nossos queridos representantes pol\u00edticos, pois de forma iludida, demos a eles um voto para nos representar, num cargo em que juraram defender nossos direitos e, muitas vezes, ap\u00f3s a elei\u00e7\u00e3o sequer conseguimos que atendam uma liga\u00e7\u00e3o, que dir\u00e1 tomar alguma atitude a nosso favor ou de nossos filhos!<\/p>\n\n\n\n<p>E, nesse estado de constante espera pela caridade que nunca chega, vemos terminar um mandato e come\u00e7ar outro, de vez em quando sabemos que estamos sendo usados, mas ainda assim comparecemos \u00e0 C\u00e2mara Municipal, pois nos foi sinalizado que um novo projeto contemplar\u00e1 algumas das necessidades de nossos filhos autistas.<\/p>\n\n\n\n<p>Percebo que por mais desacreditados que estejamos, ainda h\u00e1 em n\u00f3s um pequeno sopro de esperan\u00e7a para que dessa vez seja de verdade, e aquele projeto se efetive na pr\u00e1tica.<\/p>\n\n\n\n<p>Por\u00e9m, passado algum tempo, percebemos que foi s\u00f3 uma bandeira pol\u00edtica para justificar que se fez alguma coisa pelo povo, durante o tempo que se passou na C\u00e2mara Municipal.<\/p>\n\n\n\n<p>Na verdade, n\u00e3o necessitamos de caridade, pois s\u00e3o direitos garantidos na Constitui\u00e7\u00e3o. Precisamos reaprender.<\/p>\n\n\n\n<p>E assim, aqueles que foram eleitos, deveriam exercer com respeito e dignidade o cargo recebido pelo voto de cada cidad\u00e3o que acreditou neles.<\/p>\n\n\n\n<p>Tire um tempo para verificar se o seu candidato e todos os outros que foram eleitos, est\u00e3o realizando um trabalho \u00fatil a popula\u00e7\u00e3o Cacerense. Caso n\u00e3o tenham feito nada para contribuir com a qualidade de vida e bem-estar dos eleitores, n\u00e3o merecem ser reeleitos.<\/p>\n\n\n\n<p>E, aqui vai uma dica de ouro: os adultos potencializam as caracter\u00edsticas constru\u00eddas na inf\u00e2ncia e juventude. Portanto, aos novos candidatos que chegam, caso n\u00e3o tenham feito nenhum trabalho social quando adolescentes e jovens, dificilmente o far\u00e3o na vida adulta, como pol\u00edtico. Pois o olhar humanizado \u00e9 desenvolvido desde a nossa inf\u00e2ncia. Nos pequenos gestos do dia a dia.<\/p>\n\n\n\n<p>E ser\u00e1 essa humaniza\u00e7\u00e3o que permitir\u00e1 aos nossos pol\u00edticos praticarem um pouco mais de caridade e respeito \u00e0 vida de cada eleitor, como um bem precioso.<\/p>\n\n\n\n<p>Dessa forma, nosso voto n\u00e3o deve ser para o parente, o amigo ou o cara desonesto que compra seu voto com um sacol\u00e3o. &nbsp;Mas para aquele com projetos que vai al\u00e9m do voto na C\u00e2mara. Pois, acompanha o processo de execu\u00e7\u00e3o e constr\u00f3i pol\u00edticas p\u00fablicas para garantir a perman\u00eancia destes, ap\u00f3s seu mandato.<\/p>\n\n\n\n<p>E sonha com a constru\u00e7\u00e3o de um mundo melhor, para todas as pessoas<\/p>\n\n\n\n<p>\u00c9 para esse cidad\u00e3o que devemos dar o nosso voto.<\/p>\n\n\n\n<p>E, nos dias atuais \u00e9 raro encontrar um assim. Por\u00e9m, ao ocuparmos os espa\u00e7os pol\u00edticos de nossas comunidades podemos ajud\u00e1-los a se constru\u00edrem e se manterem \u00edntegros como pol\u00edticos e cidad\u00e3os. Ali\u00e1s tarefa \u00e1rdua e dif\u00edcil na atualidade.<\/p>\n\n\n\n<p>E, por caridade. Por favor, mais pol\u00edticos honestos, Senhor!!!<\/p>\n","protected":false},"excerpt":{"rendered":"<p>Caridade foi um dos temas sobre os quais o padre falou na homilia da missa de domingo. Sobre a import\u00e2ncia de a praticarmos.&nbsp; Enquanto ouvia, pensava nas bel\u00edssimas obras de artes existentes no Vaticano e o quanto \u00e9 dif\u00edcil viver esperando pela caridade do outro. E, a n\u00e3o ser que a fam\u00edlia seja rica, aqui &hellip;<\/p>\n<p class=\"read-more\"> <a class=\"\" href=\"https:\/\/quemcuidadocuidador.com.br\/index.php\/2023\/05\/20\/por-um-olhar-humanizado\/\"> <span class=\"screen-reader-text\">Por um olhar humanizado<\/span> Leia mais &raquo;<\/a><\/p>\n","protected":false},"author":2,"featured_media":535,"comment_status":"open","ping_status":"open","sticky":false,"template":"","format":"standard","meta":{"om_disable_all_campaigns":false,"_monsterinsights_skip_tracking":false,"_monsterinsights_sitenote_active":false,"_monsterinsights_sitenote_note":"","_monsterinsights_sitenote_category":0,"site-sidebar-layout":"","site-content-layout":"","ast-main-header-display":"","ast-hfb-above-header-display":"","ast-hfb-below-header-display":"","ast-hfb-mobile-header-display":"","site-post-title":"","ast-breadcrumbs-content":"","ast-featured-img":"","footer-sml-layout":"","theme-transparent-header-meta":"","adv-header-id-meta":"","stick-header-meta":"","header-above-stick-meta":"","header-main-stick-meta":"","header-below-stick-meta":""},"categories":[5],"tags":[],"uagb_featured_image_src":{"full":["https:\/\/quemcuidadocuidador.com.br\/wp-content\/uploads\/2023\/05\/katt-yukawa-K0E6E0a0R3A-unsplash-scaled.jpg",2560,1707,false],"thumbnail":["https:\/\/quemcuidadocuidador.com.br\/wp-content\/uploads\/2023\/05\/katt-yukawa-K0E6E0a0R3A-unsplash-150x150.jpg",150,150,true],"medium":["https:\/\/quemcuidadocuidador.com.br\/wp-content\/uploads\/2023\/05\/katt-yukawa-K0E6E0a0R3A-unsplash-300x200.jpg",300,200,true],"medium_large":["https:\/\/quemcuidadocuidador.com.br\/wp-content\/uploads\/2023\/05\/katt-yukawa-K0E6E0a0R3A-unsplash-768x512.jpg",768,512,true],"large":["https:\/\/quemcuidadocuidador.com.br\/wp-content\/uploads\/2023\/05\/katt-yukawa-K0E6E0a0R3A-unsplash-1024x683.jpg",1024,683,true],"1536x1536":["https:\/\/quemcuidadocuidador.com.br\/wp-content\/uploads\/2023\/05\/katt-yukawa-K0E6E0a0R3A-unsplash-1536x1024.jpg",1536,1024,true],"2048x2048":["https:\/\/quemcuidadocuidador.com.br\/wp-content\/uploads\/2023\/05\/katt-yukawa-K0E6E0a0R3A-unsplash-2048x1365.jpg",2048,1365,true]},"uagb_author_info":{"display_name":"Cicera A Feitosa","author_link":"https:\/\/quemcuidadocuidador.com.br\/index.php\/author\/cicera\/"},"uagb_comment_info":8,"uagb_excerpt":"Caridade foi um dos temas sobre os quais o padre falou na homilia da missa de domingo. Sobre a import\u00e2ncia de a praticarmos.&nbsp; Enquanto ouvia, pensava nas bel\u00edssimas obras de artes existentes no Vaticano e o quanto \u00e9 dif\u00edcil viver esperando pela caridade do outro. E, a n\u00e3o ser que a fam\u00edlia seja rica, aqui&hellip;","_links":{"self":[{"href":"https:\/\/quemcuidadocuidador.com.br\/index.php\/wp-json\/wp\/v2\/posts\/534"}],"collection":[{"href":"https:\/\/quemcuidadocuidador.com.br\/index.php\/wp-json\/wp\/v2\/posts"}],"about":[{"href":"https:\/\/quemcuidadocuidador.com.br\/index.php\/wp-json\/wp\/v2\/types\/post"}],"author":[{"embeddable":true,"href":"https:\/\/quemcuidadocuidador.com.br\/index.php\/wp-json\/wp\/v2\/users\/2"}],"replies":[{"embeddable":true,"href":"https:\/\/quemcuidadocuidador.com.br\/index.php\/wp-json\/wp\/v2\/comments?post=534"}],"version-history":[{"count":1,"href":"https:\/\/quemcuidadocuidador.com.br\/index.php\/wp-json\/wp\/v2\/posts\/534\/revisions"}],"predecessor-version":[{"id":536,"href":"https:\/\/quemcuidadocuidador.com.br\/index.php\/wp-json\/wp\/v2\/posts\/534\/revisions\/536"}],"wp:featuredmedia":[{"embeddable":true,"href":"https:\/\/quemcuidadocuidador.com.br\/index.php\/wp-json\/wp\/v2\/media\/535"}],"wp:attachment":[{"href":"https:\/\/quemcuidadocuidador.com.br\/index.php\/wp-json\/wp\/v2\/media?parent=534"}],"wp:term":[{"taxonomy":"category","embeddable":true,"href":"https:\/\/quemcuidadocuidador.com.br\/index.php\/wp-json\/wp\/v2\/categories?post=534"},{"taxonomy":"post_tag","embeddable":true,"href":"https:\/\/quemcuidadocuidador.com.br\/index.php\/wp-json\/wp\/v2\/tags?post=534"}],"curies":[{"name":"wp","href":"https:\/\/api.w.org\/{rel}","templated":true}]}}