{"id":525,"date":"2023-05-06T05:35:46","date_gmt":"2023-05-06T09:35:46","guid":{"rendered":"https:\/\/quemcuidadocuidador.com.br\/?p=525"},"modified":"2023-05-06T05:35:47","modified_gmt":"2023-05-06T09:35:47","slug":"para-mams-p","status":"publish","type":"post","link":"https:\/\/quemcuidadocuidador.com.br\/index.php\/2023\/05\/06\/para-mams-p\/","title":{"rendered":"Para Mams P"},"content":{"rendered":"\n<p>Caro leitor,<\/p>\n\n\n\n<p>Hoje vou contar uma hist\u00f3ria de um encontro fortuito. Duas mulheres, uma de meia idade e a outra um pouco mais velha. Ambas j\u00e1 se conheciam virtualmente. Conhec\u00edamos fiapos da hist\u00f3ria de vida uma da outra.<\/p>\n\n\n\n<p>Nos conhecemos pessoalmente em um retiro que durou uma semana. T\u00ednhamos a oportunidade de conversar nos intervalos e aproveitamos cada minuto dispon\u00edvel.<\/p>\n\n\n\n<p>Entre uma conversa e outra um dia ela me disse: voc\u00ea lembra a minha filha. Contou que sua filha tinha morrido, e que a mesma, se estivesse viva teria a minha idade.<\/p>\n\n\n\n<p>Em outra conversa ela disse: voc\u00ea poderia ser a minha filha.<\/p>\n\n\n\n<p>Outro dia enquanto jant\u00e1vamos novamente o assunto veio \u00e0 baila. Ela \u00e9 uma m\u00e3e saudosa da filha. Eu sou uma filha saudosa de m\u00e3e. A minha morreu h\u00e1 uma d\u00e9cada.<\/p>\n\n\n\n<p>Ent\u00e3o virei para ela e perguntei voc\u00ea aceita ser minha m\u00e3e? Disse em tom brincalh\u00e3o<\/p>\n\n\n\n<p>Ela com um sorriso afirmou eu aceito e ent\u00e3o perguntou: Voc\u00ea aceita ser minha filha.<\/p>\n\n\n\n<p>Aceito.<\/p>\n\n\n\n<p>Rimos e nos abra\u00e7amos.&nbsp; N\u00e3o era preciso palavras.<\/p>\n\n\n\n<p>Ambas sab\u00edamos que o lugar de minha m\u00e3e ser\u00e1 sempre de minha m\u00e3e. Assim como o lugar de sua filha ser\u00e1 sempre o de sua filha.<\/p>\n\n\n\n<p>Naquele momento est\u00e1vamos nos confortando uma a outra para preencher um pouquinho do espa\u00e7o vazio deixado por pessoas que desempenharam um papel important\u00edssimo em nossas vidas.<\/p>\n\n\n\n<p>H\u00e1 quil\u00f4metros e quil\u00f4metros de dist\u00e2ncia entre a gente, mas de alguma forma nossos cora\u00e7\u00f5es est\u00e3o pr\u00f3ximos.<\/p>\n\n\n\n<p>Minha Mams P, um ramalhete de flores para ti.<\/p>\n\n\n\n<p>Que toda filha que j\u00e1 perdeu sua m\u00e3e encontre hoje uma m\u00e3e psicol\u00f3gica para abra\u00e7ar e aquecer o cora\u00e7\u00e3o.<\/p>\n","protected":false},"excerpt":{"rendered":"<p>Caro leitor, Hoje vou contar uma hist\u00f3ria de um encontro fortuito. Duas mulheres, uma de meia idade e a outra um pouco mais velha. Ambas j\u00e1 se conheciam virtualmente. Conhec\u00edamos fiapos da hist\u00f3ria de vida uma da outra. Nos conhecemos pessoalmente em um retiro que durou uma semana. T\u00ednhamos a oportunidade de conversar nos intervalos &hellip;<\/p>\n<p class=\"read-more\"> <a class=\"\" href=\"https:\/\/quemcuidadocuidador.com.br\/index.php\/2023\/05\/06\/para-mams-p\/\"> <span class=\"screen-reader-text\">Para Mams P<\/span> Leia mais &raquo;<\/a><\/p>\n","protected":false},"author":2,"featured_media":526,"comment_status":"open","ping_status":"open","sticky":false,"template":"","format":"standard","meta":{"om_disable_all_campaigns":false,"_monsterinsights_skip_tracking":false,"_monsterinsights_sitenote_active":false,"_monsterinsights_sitenote_note":"","_monsterinsights_sitenote_category":0,"site-sidebar-layout":"","site-content-layout":"","ast-main-header-display":"","ast-hfb-above-header-display":"","ast-hfb-below-header-display":"","ast-hfb-mobile-header-display":"","site-post-title":"","ast-breadcrumbs-content":"","ast-featured-img":"","footer-sml-layout":"","theme-transparent-header-meta":"","adv-header-id-meta":"","stick-header-meta":"","header-above-stick-meta":"","header-main-stick-meta":"","header-below-stick-meta":""},"categories":[5],"tags":[],"uagb_featured_image_src":{"full":["https:\/\/quemcuidadocuidador.com.br\/wp-content\/uploads\/2023\/05\/demi-he-hPcxvCecdPI-unsplash-scaled.jpg",1920,2560,false],"thumbnail":["https:\/\/quemcuidadocuidador.com.br\/wp-content\/uploads\/2023\/05\/demi-he-hPcxvCecdPI-unsplash-150x150.jpg",150,150,true],"medium":["https:\/\/quemcuidadocuidador.com.br\/wp-content\/uploads\/2023\/05\/demi-he-hPcxvCecdPI-unsplash-225x300.jpg",225,300,true],"medium_large":["https:\/\/quemcuidadocuidador.com.br\/wp-content\/uploads\/2023\/05\/demi-he-hPcxvCecdPI-unsplash-768x1024.jpg",768,1024,true],"large":["https:\/\/quemcuidadocuidador.com.br\/wp-content\/uploads\/2023\/05\/demi-he-hPcxvCecdPI-unsplash-768x1024.jpg",768,1024,true],"1536x1536":["https:\/\/quemcuidadocuidador.com.br\/wp-content\/uploads\/2023\/05\/demi-he-hPcxvCecdPI-unsplash-1152x1536.jpg",1152,1536,true],"2048x2048":["https:\/\/quemcuidadocuidador.com.br\/wp-content\/uploads\/2023\/05\/demi-he-hPcxvCecdPI-unsplash-1536x2048.jpg",1536,2048,true]},"uagb_author_info":{"display_name":"Cicera A Feitosa","author_link":"https:\/\/quemcuidadocuidador.com.br\/index.php\/author\/cicera\/"},"uagb_comment_info":22,"uagb_excerpt":"Caro leitor, Hoje vou contar uma hist\u00f3ria de um encontro fortuito. Duas mulheres, uma de meia idade e a outra um pouco mais velha. Ambas j\u00e1 se conheciam virtualmente. Conhec\u00edamos fiapos da hist\u00f3ria de vida uma da outra. Nos conhecemos pessoalmente em um retiro que durou uma semana. T\u00ednhamos a oportunidade de conversar nos intervalos&hellip;","_links":{"self":[{"href":"https:\/\/quemcuidadocuidador.com.br\/index.php\/wp-json\/wp\/v2\/posts\/525"}],"collection":[{"href":"https:\/\/quemcuidadocuidador.com.br\/index.php\/wp-json\/wp\/v2\/posts"}],"about":[{"href":"https:\/\/quemcuidadocuidador.com.br\/index.php\/wp-json\/wp\/v2\/types\/post"}],"author":[{"embeddable":true,"href":"https:\/\/quemcuidadocuidador.com.br\/index.php\/wp-json\/wp\/v2\/users\/2"}],"replies":[{"embeddable":true,"href":"https:\/\/quemcuidadocuidador.com.br\/index.php\/wp-json\/wp\/v2\/comments?post=525"}],"version-history":[{"count":1,"href":"https:\/\/quemcuidadocuidador.com.br\/index.php\/wp-json\/wp\/v2\/posts\/525\/revisions"}],"predecessor-version":[{"id":527,"href":"https:\/\/quemcuidadocuidador.com.br\/index.php\/wp-json\/wp\/v2\/posts\/525\/revisions\/527"}],"wp:featuredmedia":[{"embeddable":true,"href":"https:\/\/quemcuidadocuidador.com.br\/index.php\/wp-json\/wp\/v2\/media\/526"}],"wp:attachment":[{"href":"https:\/\/quemcuidadocuidador.com.br\/index.php\/wp-json\/wp\/v2\/media?parent=525"}],"wp:term":[{"taxonomy":"category","embeddable":true,"href":"https:\/\/quemcuidadocuidador.com.br\/index.php\/wp-json\/wp\/v2\/categories?post=525"},{"taxonomy":"post_tag","embeddable":true,"href":"https:\/\/quemcuidadocuidador.com.br\/index.php\/wp-json\/wp\/v2\/tags?post=525"}],"curies":[{"name":"wp","href":"https:\/\/api.w.org\/{rel}","templated":true}]}}