{"id":509,"date":"2023-04-08T06:33:18","date_gmt":"2023-04-08T10:33:18","guid":{"rendered":"https:\/\/quemcuidadocuidador.com.br\/?p=509"},"modified":"2023-04-08T06:33:19","modified_gmt":"2023-04-08T10:33:19","slug":"revolucoes-por-segundo","status":"publish","type":"post","link":"https:\/\/quemcuidadocuidador.com.br\/index.php\/2023\/04\/08\/revolucoes-por-segundo\/","title":{"rendered":"Revolu\u00e7\u00f5es por segundo"},"content":{"rendered":"\n<p>Voc\u00ea, ao ler este t\u00edtulo pode at\u00e9 dizer que n\u00e3o. Mas elas acontecem sim. Lembre-se do dia que voc\u00ea voltou para casa com ele\/ela no colo.<\/p>\n\n\n\n<p>Talvez voc\u00ea tenha passado a falar mais baixo, pois ele chorava ao ouvir vozes alteradas.<\/p>\n\n\n\n<p>&nbsp;Se voc\u00ea era uma frequentadora ass\u00eddua de reuni\u00f5es familiares no final de semana, daquelas que h\u00e1 um som ligado e as pessoas falam alto, para serem ouvidas, sua presen\u00e7a diminuiu.<\/p>\n\n\n\n<p>Se voc\u00ea adorava mudar os moveis de lugar toda semana, \u00e9 bem prov\u00e1vel que voc\u00ea parou, ou aprendeu a n\u00e3o fazer mudan\u00e7as no quarto do seu filho.<\/p>\n\n\n\n<p>E a primeira vez que voc\u00ea o levou para cortar o cabelo e ele gritou o tempo todo. E voc\u00ea n\u00e3o sabia o que fazer. O ar condicionado ligado, mas voc\u00ea saiu de l\u00e1 suando.<\/p>\n\n\n\n<p>Conhe\u00e7o algumas m\u00e3es que se tornaram cabeleireiras de seus filhos e filhas.<\/p>\n\n\n\n<p>Aqui, n\u00e3o preciso falar dos conflitos entre a m\u00e3e e o pai sobre qual a forma de agir nos momentos de crise. Das discuss\u00f5es com os parentes pr\u00f3ximos. Das reuni\u00f5es na escola, quando esta quer receber uma receita pronta de como agir e uma p\u00edlula m\u00e1gica.<\/p>\n\n\n\n<p>E a inclus\u00e3o, na hora do recreio? Nosso filho s\u00f3, em algum canto do p\u00e1tio.<\/p>\n\n\n\n<p>Ent\u00e3o para lidar com todas estas situa\u00e7\u00f5es voc\u00ea passou por desequil\u00edbrios e mudan\u00e7as? Tenho certeza que foram, s\u00e3o e ainda ser\u00e3o in\u00fameras.<\/p>\n\n\n\n<p>A transforma\u00e7\u00e3o acontece, ou n\u00e3o damos conta e adoecemos.&nbsp; A cada problema \u00e9 como se arrancassem a nossa pele. &nbsp;Assim, vulner\u00e1vel, nosso corpo percebe todas as a\u00e7\u00f5es expressadas ou n\u00e3o, de julgamentos. Percep\u00e7\u00f5es que acontecem a cada segundo vivido, pois um minuto \u00e0s vezes pode ser um tempo muito longo.<\/p>\n\n\n\n<p>Este \u00e9 o momento que nos tornamos mais fortes, pois ao reconstruirmos uma nova pele, nos humanizamos para perceber a dor do outro e servir. \u00c9 o momento que aprendemos a cuidar.<\/p>\n\n\n\n<p>Qual a maior revolu\u00e7\u00e3o voc\u00ea viveu ap\u00f3s a chegada do seu filho\/filha autista em sua vida?<\/p>\n","protected":false},"excerpt":{"rendered":"<p>Voc\u00ea, ao ler este t\u00edtulo pode at\u00e9 dizer que n\u00e3o. Mas elas acontecem sim. Lembre-se do dia que voc\u00ea voltou para casa com ele\/ela no colo. Talvez voc\u00ea tenha passado a falar mais baixo, pois ele chorava ao ouvir vozes alteradas. &nbsp;Se voc\u00ea era uma frequentadora ass\u00eddua de reuni\u00f5es familiares no final de semana, daquelas &hellip;<\/p>\n<p class=\"read-more\"> <a class=\"\" href=\"https:\/\/quemcuidadocuidador.com.br\/index.php\/2023\/04\/08\/revolucoes-por-segundo\/\"> <span class=\"screen-reader-text\">Revolu\u00e7\u00f5es por segundo<\/span> Leia mais &raquo;<\/a><\/p>\n","protected":false},"author":2,"featured_media":510,"comment_status":"open","ping_status":"open","sticky":false,"template":"","format":"standard","meta":{"om_disable_all_campaigns":false,"_monsterinsights_skip_tracking":false,"_monsterinsights_sitenote_active":false,"_monsterinsights_sitenote_note":"","_monsterinsights_sitenote_category":0,"site-sidebar-layout":"","site-content-layout":"","ast-main-header-display":"","ast-hfb-above-header-display":"","ast-hfb-below-header-display":"","ast-hfb-mobile-header-display":"","site-post-title":"","ast-breadcrumbs-content":"","ast-featured-img":"","footer-sml-layout":"","theme-transparent-header-meta":"","adv-header-id-meta":"","stick-header-meta":"","header-above-stick-meta":"","header-main-stick-meta":"","header-below-stick-meta":""},"categories":[5],"tags":[],"uagb_featured_image_src":{"full":["https:\/\/quemcuidadocuidador.com.br\/wp-content\/uploads\/2023\/04\/timon-studler-BIk2ANMmNz4-unsplash-scaled.jpg",2560,1440,false],"thumbnail":["https:\/\/quemcuidadocuidador.com.br\/wp-content\/uploads\/2023\/04\/timon-studler-BIk2ANMmNz4-unsplash-150x150.jpg",150,150,true],"medium":["https:\/\/quemcuidadocuidador.com.br\/wp-content\/uploads\/2023\/04\/timon-studler-BIk2ANMmNz4-unsplash-300x169.jpg",300,169,true],"medium_large":["https:\/\/quemcuidadocuidador.com.br\/wp-content\/uploads\/2023\/04\/timon-studler-BIk2ANMmNz4-unsplash-768x432.jpg",768,432,true],"large":["https:\/\/quemcuidadocuidador.com.br\/wp-content\/uploads\/2023\/04\/timon-studler-BIk2ANMmNz4-unsplash-1024x576.jpg",1024,576,true],"1536x1536":["https:\/\/quemcuidadocuidador.com.br\/wp-content\/uploads\/2023\/04\/timon-studler-BIk2ANMmNz4-unsplash-1536x864.jpg",1536,864,true],"2048x2048":["https:\/\/quemcuidadocuidador.com.br\/wp-content\/uploads\/2023\/04\/timon-studler-BIk2ANMmNz4-unsplash-2048x1152.jpg",2048,1152,true]},"uagb_author_info":{"display_name":"Cicera A Feitosa","author_link":"https:\/\/quemcuidadocuidador.com.br\/index.php\/author\/cicera\/"},"uagb_comment_info":4,"uagb_excerpt":"Voc\u00ea, ao ler este t\u00edtulo pode at\u00e9 dizer que n\u00e3o. Mas elas acontecem sim. Lembre-se do dia que voc\u00ea voltou para casa com ele\/ela no colo. Talvez voc\u00ea tenha passado a falar mais baixo, pois ele chorava ao ouvir vozes alteradas. &nbsp;Se voc\u00ea era uma frequentadora ass\u00eddua de reuni\u00f5es familiares no final de semana, daquelas&hellip;","_links":{"self":[{"href":"https:\/\/quemcuidadocuidador.com.br\/index.php\/wp-json\/wp\/v2\/posts\/509"}],"collection":[{"href":"https:\/\/quemcuidadocuidador.com.br\/index.php\/wp-json\/wp\/v2\/posts"}],"about":[{"href":"https:\/\/quemcuidadocuidador.com.br\/index.php\/wp-json\/wp\/v2\/types\/post"}],"author":[{"embeddable":true,"href":"https:\/\/quemcuidadocuidador.com.br\/index.php\/wp-json\/wp\/v2\/users\/2"}],"replies":[{"embeddable":true,"href":"https:\/\/quemcuidadocuidador.com.br\/index.php\/wp-json\/wp\/v2\/comments?post=509"}],"version-history":[{"count":1,"href":"https:\/\/quemcuidadocuidador.com.br\/index.php\/wp-json\/wp\/v2\/posts\/509\/revisions"}],"predecessor-version":[{"id":511,"href":"https:\/\/quemcuidadocuidador.com.br\/index.php\/wp-json\/wp\/v2\/posts\/509\/revisions\/511"}],"wp:featuredmedia":[{"embeddable":true,"href":"https:\/\/quemcuidadocuidador.com.br\/index.php\/wp-json\/wp\/v2\/media\/510"}],"wp:attachment":[{"href":"https:\/\/quemcuidadocuidador.com.br\/index.php\/wp-json\/wp\/v2\/media?parent=509"}],"wp:term":[{"taxonomy":"category","embeddable":true,"href":"https:\/\/quemcuidadocuidador.com.br\/index.php\/wp-json\/wp\/v2\/categories?post=509"},{"taxonomy":"post_tag","embeddable":true,"href":"https:\/\/quemcuidadocuidador.com.br\/index.php\/wp-json\/wp\/v2\/tags?post=509"}],"curies":[{"name":"wp","href":"https:\/\/api.w.org\/{rel}","templated":true}]}}