{"id":500,"date":"2023-03-25T06:49:12","date_gmt":"2023-03-25T10:49:12","guid":{"rendered":"https:\/\/quemcuidadocuidador.com.br\/?p=500"},"modified":"2023-03-25T06:49:13","modified_gmt":"2023-03-25T10:49:13","slug":"para-que-o-amanha-seja-um-dia-diferente","status":"publish","type":"post","link":"https:\/\/quemcuidadocuidador.com.br\/index.php\/2023\/03\/25\/para-que-o-amanha-seja-um-dia-diferente\/","title":{"rendered":"Para que o amanh\u00e3 seja um dia diferente"},"content":{"rendered":"\n<p>A 10\u00aa Confer\u00eancia Municipal de Sa\u00fade aconteceu nos dias 09 e 10 de mar\u00e7o de 2023 no audit\u00f3rio da SEMATUR.O tema: <strong>Amanh\u00e3 vai ser outro dia: Garantir direitos e defender o SUS, a vida e a democracia<\/strong>. Participei da Confer\u00eancia porque minha fam\u00edlia \u00e9 usu\u00e1ria do SUS e acredito que o SUS \u00e9 maravilhoso. As falhas que acontecem \u00e9 porque as pessoas que decidem, desconhecem as leis e os direitos do usu\u00e1rio.<\/p>\n\n\n\n<p>&nbsp;E n\u00f3s usu\u00e1rios n\u00e3o exigimos nossos direitos. H\u00e1 pessoas que ao inv\u00e9s de defender o direito do cidad\u00e3o comum, infelizmente priorizam os interesses do governo.<\/p>\n\n\n\n<p>A compreens\u00e3o veio, ap\u00f3s passar pela DPU \u2013 Defensoria P\u00fablica da Uni\u00e3o e pela Justi\u00e7a Federal, em busca de medicamentos para meu filho. Na DPU justificaram que atendem fam\u00edlias que ganham at\u00e9 dois mil reais. Na Justi\u00e7a Federal, ganhei na primeira inst\u00e2ncia, mas na segunda foi suspenso, o Juiz analisou o processo considerou incompleto o laudo m\u00e9dico e questionou por que n\u00e3o usar os medicamentos ofertados pelo SUS?<\/p>\n\n\n\n<p>Ele tem S\u00edndrome Doose \u00e9 um tipo raro de epilepsia, e h\u00e1 poucos casos no Pa\u00eds. Por que ser\u00e1 que os laborat\u00f3rios farmac\u00eauticos n\u00e3o est\u00e3o pesquisando novos medicamentos?<\/p>\n\n\n\n<p>O m\u00e9dico, se comprometeu a estudar o processo e fazer um novo laudo. Mas segundo ele isso \u00e9 muito comum de acontecer. \u00c9 muito raro as fam\u00edlias ganharem. Tenho esperan\u00e7a de ser exce\u00e7\u00e3o.<\/p>\n\n\n\n<p>Voltando a Confer\u00eancia, a palestra do advogado Evandro, ao falar do SUS e sobre nossos direitos, foi maravilhosa, pela oportunidade de trazer a todos conhecimento. Pois s\u00f3 quando sabemos os direitos que temos \u00e9 que podemos conquist\u00e1-los.<\/p>\n\n\n\n<p>Na confer\u00eancia se fez presente a S\u00f4nia, m\u00e3e do Claudio, que na semana anterior tinha passado por dificuldades na UPA pela demora no atendimento, e ele precisava que sua sonda fosse trocada.<\/p>\n\n\n\n<p>Conheci o Claudio na Confer\u00eancia, ele estava no colo da m\u00e3e e tem 10 anos, mas sua fragilidade diante da vida \u00e9 t\u00e3o gritante, faltou um olhar mais humanizado dos profissionais da UPA, no sentido de agilizar seu atendimento.<\/p>\n\n\n\n<p>As m\u00e3es que t\u00eam filhos que precisam de cuidados diferenciados, na verdade, cuidados todos n\u00f3s precisamos, deveriam participar da Confer\u00eancia Municipal de Sa\u00fade, pois \u00e9 um dos poucos espa\u00e7os nos quais temos direito a voz. E a oportunidade de elencarmos tudo que precisamos.<\/p>\n\n\n\n<p>Prova dessa possibilidade foram todas as discuss\u00f5es nos grupos, as pessoas participaram de forma ativa, mostrando os problemas e tamb\u00e9m apresentando solu\u00e7\u00f5es. Todos se empenharam no momento da socializa\u00e7\u00e3o das propostas, em defenderem suas ideias e muitos contribu\u00edram no sentido de torn\u00e1-las claras e objetivas, para serem apresentadas no Confer\u00eancia Estadual da Sa\u00fade.<\/p>\n\n\n\n<p>N\u00e3o significa que teremos todas as nossas reivindica\u00e7\u00f5es atendidas. Mas, que tornamos p\u00fablicas as nossas necessidades. E se os representantes do poder p\u00fablico n\u00e3o fazem nada, \u00e9 por omiss\u00e3o e n\u00e3o por desconhecimento.<\/p>\n\n\n\n<p>M\u00e3es e pais, nossa caminhada \u00e9 longa. Em muitos casos, significa uma vida inteira, e diante disso, precisamos de uma Rede de Apoio para termos onde pedir socorro, quando consultas, terapias e medicamentos necess\u00e1rios a rotina de nossos filhos, s\u00e3o negados. Necessitamos desses direitos consolidados.<\/p>\n\n\n\n<p>Assim, manteremos nossas for\u00e7as e esperan\u00e7a na caminhada.&nbsp; Mas precisamos ser a a\u00e7\u00e3o, que despertar\u00e1 os adormecidos para verem e atender o diferente com mais sensibilidade e humaniza\u00e7\u00e3o.<\/p>\n\n\n\n<p>Em nome da Benice, Presidente do Conselho Municipal da Sa\u00fade, parabenizo a todos que fizeram parte da Comiss\u00e3o Organizadora, n\u00e3o pude contribuir, mas acompanhei o trabalho de voc\u00eas durante semanas, na organiza\u00e7\u00e3o da Confer\u00eancia. O trabalho volunt\u00e1rio \u00e9 \u00e1rduo. Entretanto \u00e9 a oportunidade de servir.<\/p>\n\n\n\n<p>Viva a Confer\u00eancia Municipal de Sa\u00fade. Para que o amanh\u00e3 seja um dia diferente, precisamos exigir e come\u00e7ar a construirmos as mudan\u00e7as hoje.<\/p>\n\n\n\n<p>Busquemos saber quando e onde encontrar aqueles que foram eleitos por n\u00f3s.<\/p>\n","protected":false},"excerpt":{"rendered":"<p>A 10\u00aa Confer\u00eancia Municipal de Sa\u00fade aconteceu nos dias 09 e 10 de mar\u00e7o de 2023 no audit\u00f3rio da SEMATUR.O tema: Amanh\u00e3 vai ser outro dia: Garantir direitos e defender o SUS, a vida e a democracia. Participei da Confer\u00eancia porque minha fam\u00edlia \u00e9 usu\u00e1ria do SUS e acredito que o SUS \u00e9 maravilhoso. As &hellip;<\/p>\n<p class=\"read-more\"> <a class=\"\" href=\"https:\/\/quemcuidadocuidador.com.br\/index.php\/2023\/03\/25\/para-que-o-amanha-seja-um-dia-diferente\/\"> <span class=\"screen-reader-text\">Para que o amanh\u00e3 seja um dia diferente<\/span> Leia mais &raquo;<\/a><\/p>\n","protected":false},"author":2,"featured_media":501,"comment_status":"open","ping_status":"open","sticky":false,"template":"","format":"standard","meta":{"om_disable_all_campaigns":false,"_monsterinsights_skip_tracking":false,"_monsterinsights_sitenote_active":false,"_monsterinsights_sitenote_note":"","_monsterinsights_sitenote_category":0,"site-sidebar-layout":"","site-content-layout":"","ast-main-header-display":"","ast-hfb-above-header-display":"","ast-hfb-below-header-display":"","ast-hfb-mobile-header-display":"","site-post-title":"","ast-breadcrumbs-content":"","ast-featured-img":"","footer-sml-layout":"","theme-transparent-header-meta":"","adv-header-id-meta":"","stick-header-meta":"","header-above-stick-meta":"","header-main-stick-meta":"","header-below-stick-meta":""},"categories":[5],"tags":[],"uagb_featured_image_src":{"full":["https:\/\/quemcuidadocuidador.com.br\/wp-content\/uploads\/2023\/03\/WhatsApp-Image-2023-03-24-at-17.20.14.jpeg",720,1600,false],"thumbnail":["https:\/\/quemcuidadocuidador.com.br\/wp-content\/uploads\/2023\/03\/WhatsApp-Image-2023-03-24-at-17.20.14-150x150.jpeg",150,150,true],"medium":["https:\/\/quemcuidadocuidador.com.br\/wp-content\/uploads\/2023\/03\/WhatsApp-Image-2023-03-24-at-17.20.14-135x300.jpeg",135,300,true],"medium_large":["https:\/\/quemcuidadocuidador.com.br\/wp-content\/uploads\/2023\/03\/WhatsApp-Image-2023-03-24-at-17.20.14.jpeg",720,1600,false],"large":["https:\/\/quemcuidadocuidador.com.br\/wp-content\/uploads\/2023\/03\/WhatsApp-Image-2023-03-24-at-17.20.14-461x1024.jpeg",461,1024,true],"1536x1536":["https:\/\/quemcuidadocuidador.com.br\/wp-content\/uploads\/2023\/03\/WhatsApp-Image-2023-03-24-at-17.20.14-691x1536.jpeg",691,1536,true],"2048x2048":["https:\/\/quemcuidadocuidador.com.br\/wp-content\/uploads\/2023\/03\/WhatsApp-Image-2023-03-24-at-17.20.14.jpeg",720,1600,false]},"uagb_author_info":{"display_name":"Cicera A Feitosa","author_link":"https:\/\/quemcuidadocuidador.com.br\/index.php\/author\/cicera\/"},"uagb_comment_info":2,"uagb_excerpt":"A 10\u00aa Confer\u00eancia Municipal de Sa\u00fade aconteceu nos dias 09 e 10 de mar\u00e7o de 2023 no audit\u00f3rio da SEMATUR.O tema: Amanh\u00e3 vai ser outro dia: Garantir direitos e defender o SUS, a vida e a democracia. Participei da Confer\u00eancia porque minha fam\u00edlia \u00e9 usu\u00e1ria do SUS e acredito que o SUS \u00e9 maravilhoso. As&hellip;","_links":{"self":[{"href":"https:\/\/quemcuidadocuidador.com.br\/index.php\/wp-json\/wp\/v2\/posts\/500"}],"collection":[{"href":"https:\/\/quemcuidadocuidador.com.br\/index.php\/wp-json\/wp\/v2\/posts"}],"about":[{"href":"https:\/\/quemcuidadocuidador.com.br\/index.php\/wp-json\/wp\/v2\/types\/post"}],"author":[{"embeddable":true,"href":"https:\/\/quemcuidadocuidador.com.br\/index.php\/wp-json\/wp\/v2\/users\/2"}],"replies":[{"embeddable":true,"href":"https:\/\/quemcuidadocuidador.com.br\/index.php\/wp-json\/wp\/v2\/comments?post=500"}],"version-history":[{"count":1,"href":"https:\/\/quemcuidadocuidador.com.br\/index.php\/wp-json\/wp\/v2\/posts\/500\/revisions"}],"predecessor-version":[{"id":502,"href":"https:\/\/quemcuidadocuidador.com.br\/index.php\/wp-json\/wp\/v2\/posts\/500\/revisions\/502"}],"wp:featuredmedia":[{"embeddable":true,"href":"https:\/\/quemcuidadocuidador.com.br\/index.php\/wp-json\/wp\/v2\/media\/501"}],"wp:attachment":[{"href":"https:\/\/quemcuidadocuidador.com.br\/index.php\/wp-json\/wp\/v2\/media?parent=500"}],"wp:term":[{"taxonomy":"category","embeddable":true,"href":"https:\/\/quemcuidadocuidador.com.br\/index.php\/wp-json\/wp\/v2\/categories?post=500"},{"taxonomy":"post_tag","embeddable":true,"href":"https:\/\/quemcuidadocuidador.com.br\/index.php\/wp-json\/wp\/v2\/tags?post=500"}],"curies":[{"name":"wp","href":"https:\/\/api.w.org\/{rel}","templated":true}]}}