{"id":484,"date":"2023-02-25T04:47:12","date_gmt":"2023-02-25T08:47:12","guid":{"rendered":"https:\/\/quemcuidadocuidador.com.br\/?p=484"},"modified":"2023-02-25T04:47:13","modified_gmt":"2023-02-25T08:47:13","slug":"leveza-liberdade-e-pes-no-chao","status":"publish","type":"post","link":"https:\/\/quemcuidadocuidador.com.br\/index.php\/2023\/02\/25\/leveza-liberdade-e-pes-no-chao\/","title":{"rendered":"Leveza, liberdade e p\u00e9s no ch\u00e3o"},"content":{"rendered":"\n<p>Voc\u00eas, que acompanham meu blog, sabem que o anivers\u00e1rio de Pedro foi comemorado no final de semana. Optei por um lanche no final da tarde o que coincidiu com o in\u00edcio da \u201c\u00c1gua Viva\u201d \u2013 evento religioso que acontece em C\u00e1ceres no per\u00edodo de Carnaval.<\/p>\n\n\n\n<p>Ele estava super feliz com o anivers\u00e1rio, com os convidados, mas ao perceber que come\u00e7ava a entardecer e se dar conta que a \u00c1gua Viva j\u00e1 tinha come\u00e7ado, acelerou sua festa. Pediu para cantar os parab\u00e9ns logo e apressou o processo de partilha do bolo.<\/p>\n\n\n\n<p>Ao perceber que os convidados todos j\u00e1 tinham pegado bolo, ele me chamou e disse:<\/p>\n\n\n\n<p>&#8211; Vamos agora para a \u00c1gua Viva?<\/p>\n\n\n\n<p>&#8211; E os seus convidados?<\/p>\n\n\n\n<p>&#8211; Dispensa eles.<\/p>\n\n\n\n<p>Os que estavam perto, ouviram sua sugest\u00e3o e ca\u00edram na gargalhada.<\/p>\n\n\n\n<p>Ent\u00e3o Am\u00e9lia falou para os outros:<\/p>\n\n\n\n<p>&#8211; Gente! Pedro est\u00e1 nos dispensando!<\/p>\n\n\n\n<p>Como todos j\u00e1 o conhecem de longa data, come\u00e7aram a se despedir. Ele j\u00e1 estava na porta do carro, enquanto os \u00faltimos convidados ainda se despediam para sair.<\/p>\n\n\n\n<p>Minha irm\u00e3 ficou organizando tudo e fomos.<\/p>\n\n\n\n<p>Ao chegar no est\u00e1dio, sentei na arquibancada e fui olhar as fotos do anivers\u00e1rio. Nas fotos que Aninha tinha tirado, vi que Pedro estava descal\u00e7o.<\/p>\n\n\n\n<p>N\u00e3o falei nada pra ele, at\u00e9 porque n\u00e3o iria adiantar mesmo.<\/p>\n\n\n\n<p>Por\u00e9m isso me levou a uma longa reflex\u00e3o. Afinal que import\u00e2ncia tem se estamos cal\u00e7ados ou descal\u00e7os, desde que estejamos felizes?<\/p>\n\n\n\n<p>E ele estava muito feliz.<\/p>\n\n\n\n<p>Outra situa\u00e7\u00e3o maravilhosa e engra\u00e7ada foi quando ele disse: dispensa os convidados. J\u00e1 pensou quantas vezes vivenciamos momentos nos quais adorar\u00edamos pedir para o outro ir embora e n\u00e3o temos a coragem necess\u00e1ria para dizer?<\/p>\n\n\n\n<p>Toda vez que eu n\u00e3o falo para o outro o que quero, n\u00e3o tem como o outro adivinhar, qual \u00e9 o meu querer. Quantos vezes, esperamos que o outro fa\u00e7a algo, que nunca manifestamos em palavras.<\/p>\n\n\n\n<p>Logo, esse algo jamais ser\u00e1 realizado. E toda vez que voc\u00ea deixa de dizer o que quer, corre o risco de ir para o final da fila, pois uma outra pessoa certamente ir\u00e1 dizer o que quer.<\/p>\n\n\n\n<p>Ent\u00e3o as duas li\u00e7\u00f5es aprendidas com Pedro em seu anivers\u00e1rio foram:<\/p>\n\n\n\n<p>A primeira \u2013 Ser livre o suficiente para durante a sua festa de anivers\u00e1rio estar de p\u00e9s no ch\u00e3o. Uma liberdade que n\u00f3s, os ditos normais, raramente temos coragem de experimentar.<\/p>\n\n\n\n<p>Segunda \u2013 dizer o que queremos \u00e9 uma forma de nos posicionarmos perante a vida, de fazermos escolhas e de n\u00e3o ficar esperando que o outro adivinhe o que queremos.<\/p>\n\n\n\n<p>Agindo assim podemos ser mais felizes e verdadeiros. Transformando a a\u00e7\u00e3o de cuidar, em novas possibilidades de aprendizado, com leveza e liberdade.<\/p>\n","protected":false},"excerpt":{"rendered":"<p>Voc\u00eas, que acompanham meu blog, sabem que o anivers\u00e1rio de Pedro foi comemorado no final de semana. Optei por um lanche no final da tarde o que coincidiu com o in\u00edcio da \u201c\u00c1gua Viva\u201d \u2013 evento religioso que acontece em C\u00e1ceres no per\u00edodo de Carnaval. Ele estava super feliz com o anivers\u00e1rio, com os convidados, &hellip;<\/p>\n<p class=\"read-more\"> <a class=\"\" href=\"https:\/\/quemcuidadocuidador.com.br\/index.php\/2023\/02\/25\/leveza-liberdade-e-pes-no-chao\/\"> <span class=\"screen-reader-text\">Leveza, liberdade e p\u00e9s no ch\u00e3o<\/span> Leia mais &raquo;<\/a><\/p>\n","protected":false},"author":2,"featured_media":485,"comment_status":"open","ping_status":"open","sticky":false,"template":"","format":"standard","meta":{"om_disable_all_campaigns":false,"_monsterinsights_skip_tracking":false,"_monsterinsights_sitenote_active":false,"_monsterinsights_sitenote_note":"","_monsterinsights_sitenote_category":0,"site-sidebar-layout":"","site-content-layout":"","ast-main-header-display":"","ast-hfb-above-header-display":"","ast-hfb-below-header-display":"","ast-hfb-mobile-header-display":"","site-post-title":"","ast-breadcrumbs-content":"","ast-featured-img":"","footer-sml-layout":"","theme-transparent-header-meta":"","adv-header-id-meta":"","stick-header-meta":"","header-above-stick-meta":"","header-main-stick-meta":"","header-below-stick-meta":""},"categories":[5],"tags":[],"uagb_featured_image_src":{"full":["https:\/\/quemcuidadocuidador.com.br\/wp-content\/uploads\/2023\/02\/WhatsApp-Image-2023-02-25-at-03.46.37.jpeg",590,1002,false],"thumbnail":["https:\/\/quemcuidadocuidador.com.br\/wp-content\/uploads\/2023\/02\/WhatsApp-Image-2023-02-25-at-03.46.37-150x150.jpeg",150,150,true],"medium":["https:\/\/quemcuidadocuidador.com.br\/wp-content\/uploads\/2023\/02\/WhatsApp-Image-2023-02-25-at-03.46.37-177x300.jpeg",177,300,true],"medium_large":["https:\/\/quemcuidadocuidador.com.br\/wp-content\/uploads\/2023\/02\/WhatsApp-Image-2023-02-25-at-03.46.37.jpeg",590,1002,false],"large":["https:\/\/quemcuidadocuidador.com.br\/wp-content\/uploads\/2023\/02\/WhatsApp-Image-2023-02-25-at-03.46.37.jpeg",590,1002,false],"1536x1536":["https:\/\/quemcuidadocuidador.com.br\/wp-content\/uploads\/2023\/02\/WhatsApp-Image-2023-02-25-at-03.46.37.jpeg",590,1002,false],"2048x2048":["https:\/\/quemcuidadocuidador.com.br\/wp-content\/uploads\/2023\/02\/WhatsApp-Image-2023-02-25-at-03.46.37.jpeg",590,1002,false]},"uagb_author_info":{"display_name":"Cicera A Feitosa","author_link":"https:\/\/quemcuidadocuidador.com.br\/index.php\/author\/cicera\/"},"uagb_comment_info":10,"uagb_excerpt":"Voc\u00eas, que acompanham meu blog, sabem que o anivers\u00e1rio de Pedro foi comemorado no final de semana. Optei por um lanche no final da tarde o que coincidiu com o in\u00edcio da \u201c\u00c1gua Viva\u201d \u2013 evento religioso que acontece em C\u00e1ceres no per\u00edodo de Carnaval. Ele estava super feliz com o anivers\u00e1rio, com os convidados,&hellip;","_links":{"self":[{"href":"https:\/\/quemcuidadocuidador.com.br\/index.php\/wp-json\/wp\/v2\/posts\/484"}],"collection":[{"href":"https:\/\/quemcuidadocuidador.com.br\/index.php\/wp-json\/wp\/v2\/posts"}],"about":[{"href":"https:\/\/quemcuidadocuidador.com.br\/index.php\/wp-json\/wp\/v2\/types\/post"}],"author":[{"embeddable":true,"href":"https:\/\/quemcuidadocuidador.com.br\/index.php\/wp-json\/wp\/v2\/users\/2"}],"replies":[{"embeddable":true,"href":"https:\/\/quemcuidadocuidador.com.br\/index.php\/wp-json\/wp\/v2\/comments?post=484"}],"version-history":[{"count":1,"href":"https:\/\/quemcuidadocuidador.com.br\/index.php\/wp-json\/wp\/v2\/posts\/484\/revisions"}],"predecessor-version":[{"id":486,"href":"https:\/\/quemcuidadocuidador.com.br\/index.php\/wp-json\/wp\/v2\/posts\/484\/revisions\/486"}],"wp:featuredmedia":[{"embeddable":true,"href":"https:\/\/quemcuidadocuidador.com.br\/index.php\/wp-json\/wp\/v2\/media\/485"}],"wp:attachment":[{"href":"https:\/\/quemcuidadocuidador.com.br\/index.php\/wp-json\/wp\/v2\/media?parent=484"}],"wp:term":[{"taxonomy":"category","embeddable":true,"href":"https:\/\/quemcuidadocuidador.com.br\/index.php\/wp-json\/wp\/v2\/categories?post=484"},{"taxonomy":"post_tag","embeddable":true,"href":"https:\/\/quemcuidadocuidador.com.br\/index.php\/wp-json\/wp\/v2\/tags?post=484"}],"curies":[{"name":"wp","href":"https:\/\/api.w.org\/{rel}","templated":true}]}}