{"id":478,"date":"2023-02-18T06:41:06","date_gmt":"2023-02-18T10:41:06","guid":{"rendered":"https:\/\/quemcuidadocuidador.com.br\/?p=478"},"modified":"2023-02-18T06:51:10","modified_gmt":"2023-02-18T10:51:10","slug":"o-seu-sentir-vale-ouro","status":"publish","type":"post","link":"https:\/\/quemcuidadocuidador.com.br\/index.php\/2023\/02\/18\/o-seu-sentir-vale-ouro\/","title":{"rendered":"O seu sentir vale ouro"},"content":{"rendered":"\n<p>S\u00e3o tr\u00eas da manh\u00e3, mas estou acordada desde uma hora, total ins\u00f4nia.<\/p>\n\n\n\n<p>N\u00e3o \u00e9 porque meu filho foi pra balada.<\/p>\n\n\n\n<p>N\u00e3o \u00e9 porque deu o hor\u00e1rio dele chegar da faculdade.<\/p>\n\n\n\n<p>N\u00e3o \u00e9 porque ele est\u00e1 na Bodega com os amigos.<\/p>\n\n\n\n<p>N\u00e3o \u00e9 porque ele est\u00e1 com os amigos no barzinho bebendo.<\/p>\n\n\n\n<p>N\u00e3o \u00e9 porque ele foi acampar com os amigos.<\/p>\n\n\n\n<p>N\u00e3o \u00e9 porque ele e os amigos foram<\/p>\n\n\n\n<p>para o Rio de janeiro,<\/p>\n\n\n\n<p>para curtir uma superbanda de rock rol<\/p>\n\n\n\n<p>e um samba maneiro.<\/p>\n\n\n\n<p>N\u00e3o \u00e9 porque foi dormir na casa da namorada.<\/p>\n\n\n\n<p>Na verdade, \u00e9 porque<\/p>\n\n\n\n<p>ao fazer vinte anos<\/p>\n\n\n\n<p>todas essas experi\u00eancias<\/p>\n\n\n\n<p>vividas pelos jovens de sua idade<\/p>\n\n\n\n<p>ele n\u00e3o est\u00e1 vivenciando.<\/p>\n\n\n\n<p>Ao ser portador de S\u00edndrome Doose<\/p>\n\n\n\n<p>E do Espectro Autista,<\/p>\n\n\n\n<p>pode ser condi\u00e7\u00e3o para perder<\/p>\n\n\n\n<p>O bonde onde est\u00e1:<\/p>\n\n\n\n<p>Alfabetiza\u00e7\u00e3o na idade certa,<\/p>\n\n\n\n<p>festas de anivers\u00e1rios,<\/p>\n\n\n\n<p>noites do pijama,<\/p>\n\n\n\n<p>amigos da mesma faixa et\u00e1ria e<\/p>\n\n\n\n<p>acampamentos&#8230;<\/p>\n\n\n\n<p>Faculdade?!!!<\/p>\n\n\n\n<p>&nbsp;Um sonho<\/p>\n\n\n\n<p>plantado no horizonte.<\/p>\n\n\n\n<p>Bem, bem distante&#8230;<\/p>\n\n\n\n<p>Mas, se ganha<\/p>\n\n\n\n<p>em outros quesitos<\/p>\n\n\n\n<p>dos quais a sociedade vive carente.<\/p>\n\n\n\n<p>&nbsp;empatia, gentileza e humaniza\u00e7\u00e3o.<\/p>\n\n\n\n<p>Pedro Henrique,<\/p>\n\n\n\n<p>O seu sentir<\/p>\n\n\n\n<p>Vale ouro.<\/p>\n\n\n\n<p>Sua sensibilidade<\/p>\n\n\n\n<p>acolhe a todos,<\/p>\n\n\n\n<p>com amor.<\/p>\n\n\n\n<p>Sua ingenuidade<\/p>\n\n\n\n<p>o humaniza.<\/p>\n\n\n\n<p>Voc\u00ea \u00e9, meu mestre,<\/p>\n\n\n\n<p>no aprendizado do cuidar.<\/p>\n\n\n\n<p>Al\u00e9m de muitas felicidades,<\/p>\n\n\n\n<p>para ti.<\/p>\n\n\n\n<p>Eu preciso de uma fatia<\/p>\n\n\n\n<p>da tua sabedoria.<\/p>\n\n\n\n<p>Para, nesta sociedade,<\/p>\n\n\n\n<p>com imensa falta de<\/p>\n\n\n\n<p>&nbsp;solidariedade e pol\u00edticas p\u00fablicas<\/p>\n\n\n\n<p>a gente possa trilhar o caminho<\/p>\n\n\n\n<p>da perseveran\u00e7a,<\/p>\n\n\n\n<p>agregando todas as outras<\/p>\n\n\n\n<p>pessoas exclu\u00eddas.<\/p>\n\n\n\n<p>Pois \u00e9 na harmoniza\u00e7\u00e3o do diferente<\/p>\n\n\n\n<p>que se constr\u00f3i a diversidade.<\/p>\n\n\n\n<p>E a beleza.<\/p>\n\n\n\n<p>Parab\u00e9ns pelos seus 20 anos.<\/p>\n","protected":false},"excerpt":{"rendered":"<p>S\u00e3o tr\u00eas da manh\u00e3, mas estou acordada desde uma hora, total ins\u00f4nia. N\u00e3o \u00e9 porque meu filho foi pra balada. N\u00e3o \u00e9 porque deu o hor\u00e1rio dele chegar da faculdade. N\u00e3o \u00e9 porque ele est\u00e1 na Bodega com os amigos. N\u00e3o \u00e9 porque ele est\u00e1 com os amigos no barzinho bebendo. N\u00e3o \u00e9 porque ele &hellip;<\/p>\n<p class=\"read-more\"> <a class=\"\" href=\"https:\/\/quemcuidadocuidador.com.br\/index.php\/2023\/02\/18\/o-seu-sentir-vale-ouro\/\"> <span class=\"screen-reader-text\">O seu sentir vale ouro<\/span> Leia mais &raquo;<\/a><\/p>\n","protected":false},"author":2,"featured_media":482,"comment_status":"open","ping_status":"open","sticky":false,"template":"","format":"standard","meta":{"om_disable_all_campaigns":false,"_monsterinsights_skip_tracking":false,"_monsterinsights_sitenote_active":false,"_monsterinsights_sitenote_note":"","_monsterinsights_sitenote_category":0,"site-sidebar-layout":"","site-content-layout":"","ast-main-header-display":"","ast-hfb-above-header-display":"","ast-hfb-below-header-display":"","ast-hfb-mobile-header-display":"","site-post-title":"","ast-breadcrumbs-content":"","ast-featured-img":"","footer-sml-layout":"","theme-transparent-header-meta":"","adv-header-id-meta":"","stick-header-meta":"","header-above-stick-meta":"","header-main-stick-meta":"","header-below-stick-meta":""},"categories":[5],"tags":[],"uagb_featured_image_src":{"full":["https:\/\/quemcuidadocuidador.com.br\/wp-content\/uploads\/2023\/02\/WhatsApp-Image-2023-02-16-at-13.50.25.jpeg",903,1280,false],"thumbnail":["https:\/\/quemcuidadocuidador.com.br\/wp-content\/uploads\/2023\/02\/WhatsApp-Image-2023-02-16-at-13.50.25-150x150.jpeg",150,150,true],"medium":["https:\/\/quemcuidadocuidador.com.br\/wp-content\/uploads\/2023\/02\/WhatsApp-Image-2023-02-16-at-13.50.25-212x300.jpeg",212,300,true],"medium_large":["https:\/\/quemcuidadocuidador.com.br\/wp-content\/uploads\/2023\/02\/WhatsApp-Image-2023-02-16-at-13.50.25-768x1089.jpeg",768,1089,true],"large":["https:\/\/quemcuidadocuidador.com.br\/wp-content\/uploads\/2023\/02\/WhatsApp-Image-2023-02-16-at-13.50.25-722x1024.jpeg",722,1024,true],"1536x1536":["https:\/\/quemcuidadocuidador.com.br\/wp-content\/uploads\/2023\/02\/WhatsApp-Image-2023-02-16-at-13.50.25.jpeg",903,1280,false],"2048x2048":["https:\/\/quemcuidadocuidador.com.br\/wp-content\/uploads\/2023\/02\/WhatsApp-Image-2023-02-16-at-13.50.25.jpeg",903,1280,false]},"uagb_author_info":{"display_name":"Cicera A Feitosa","author_link":"https:\/\/quemcuidadocuidador.com.br\/index.php\/author\/cicera\/"},"uagb_comment_info":12,"uagb_excerpt":"S\u00e3o tr\u00eas da manh\u00e3, mas estou acordada desde uma hora, total ins\u00f4nia. N\u00e3o \u00e9 porque meu filho foi pra balada. N\u00e3o \u00e9 porque deu o hor\u00e1rio dele chegar da faculdade. N\u00e3o \u00e9 porque ele est\u00e1 na Bodega com os amigos. N\u00e3o \u00e9 porque ele est\u00e1 com os amigos no barzinho bebendo. N\u00e3o \u00e9 porque ele&hellip;","_links":{"self":[{"href":"https:\/\/quemcuidadocuidador.com.br\/index.php\/wp-json\/wp\/v2\/posts\/478"}],"collection":[{"href":"https:\/\/quemcuidadocuidador.com.br\/index.php\/wp-json\/wp\/v2\/posts"}],"about":[{"href":"https:\/\/quemcuidadocuidador.com.br\/index.php\/wp-json\/wp\/v2\/types\/post"}],"author":[{"embeddable":true,"href":"https:\/\/quemcuidadocuidador.com.br\/index.php\/wp-json\/wp\/v2\/users\/2"}],"replies":[{"embeddable":true,"href":"https:\/\/quemcuidadocuidador.com.br\/index.php\/wp-json\/wp\/v2\/comments?post=478"}],"version-history":[{"count":1,"href":"https:\/\/quemcuidadocuidador.com.br\/index.php\/wp-json\/wp\/v2\/posts\/478\/revisions"}],"predecessor-version":[{"id":480,"href":"https:\/\/quemcuidadocuidador.com.br\/index.php\/wp-json\/wp\/v2\/posts\/478\/revisions\/480"}],"wp:featuredmedia":[{"embeddable":true,"href":"https:\/\/quemcuidadocuidador.com.br\/index.php\/wp-json\/wp\/v2\/media\/482"}],"wp:attachment":[{"href":"https:\/\/quemcuidadocuidador.com.br\/index.php\/wp-json\/wp\/v2\/media?parent=478"}],"wp:term":[{"taxonomy":"category","embeddable":true,"href":"https:\/\/quemcuidadocuidador.com.br\/index.php\/wp-json\/wp\/v2\/categories?post=478"},{"taxonomy":"post_tag","embeddable":true,"href":"https:\/\/quemcuidadocuidador.com.br\/index.php\/wp-json\/wp\/v2\/tags?post=478"}],"curies":[{"name":"wp","href":"https:\/\/api.w.org\/{rel}","templated":true}]}}