{"id":471,"date":"2023-02-04T06:28:34","date_gmt":"2023-02-04T10:28:34","guid":{"rendered":"https:\/\/quemcuidadocuidador.com.br\/?p=471"},"modified":"2023-02-04T06:28:35","modified_gmt":"2023-02-04T10:28:35","slug":"no-limite-da-exaustao-faca-se-ouvir","status":"publish","type":"post","link":"https:\/\/quemcuidadocuidador.com.br\/index.php\/2023\/02\/04\/no-limite-da-exaustao-faca-se-ouvir\/","title":{"rendered":"No limite da exaust\u00e3o, fa\u00e7a-se ouvir&#8230;"},"content":{"rendered":"\n<p>Como sou cuidadora sei que \u00e0s vezes gritamos alto, muito alto. Mas no lugar errado. Embaixo do chuveiro, pois o barulho da \u00e1gua encobre nosso choro, ou enfiamos a cara no travesseiro e gritamos.<\/p>\n\n\n\n<p>&nbsp;Essa situa\u00e7\u00e3o lhe \u00e9 familiar?<\/p>\n\n\n\n<p>Tenho certeza que sim.<\/p>\n\n\n\n<p>Afinal como dizer para o outro que n\u00e3o est\u00e1 na nossa casa todos os dias e n\u00e3o faz ideia das pequenas coisas que acontecem, a forma como elas impactam o nosso cotidiano E, como v\u00e3o minando nossa energia e esperan\u00e7a! At\u00e9 porque, como podemos dizer que cuidar de nosso filho a quem doar\u00edamos nossa vida, est\u00e1 nos exaurindo?!<\/p>\n\n\n\n<p>O que os outros v\u00e3o pensar?<\/p>\n\n\n\n<p>Imagina dizer que estamos exaustos por estar cuidando do pai ou da m\u00e3e. Que ego\u00edsmo! Afinal a eles devemos nossa vida.<\/p>\n\n\n\n<p>O que os outros v\u00e3o pensar?<\/p>\n\n\n\n<p>Aprendi na pr\u00e1tica que o que outro vai pensar n\u00e3o importa. Pois a \u00fanica forma de cuidar das pessoas que amamos com qualidade, amor e respeito \u00e9 tamb\u00e9m e primeiramente, cuidar da gente.<\/p>\n\n\n\n<p>Ao inv\u00e9s de chorar embaixo do chuveiro ou gritar para o travesseiro, utilize toda essa energia e re\u00fana a fam\u00edlia para deliberar novas formas de cuidar. E n\u00e3o tenha medo de alguns membros ficarem chateados.<\/p>\n\n\n\n<p>Sabe por qu\u00ea?&nbsp; Antes de passar alguns dias cuidando, ningu\u00e9m tem no\u00e7\u00e3o da aten\u00e7\u00e3o plena que quem est\u00e1 sendo cuidado precisa. Ou do efeito causado por uma noite em que voc\u00ea tenha seu ritmo de sono alterado. O quanto no outro dia, seu rendimento \u00e9 prejudicado. Ou quanto o efeito de v\u00e1rias noites mal dormidas, interferem no nosso humor.<\/p>\n\n\n\n<p>Percebam que ap\u00f3s eles experimentarem, h\u00e1 v\u00e1rias possibilidades&#8230; Alguns se tornar\u00e3o mais solid\u00e1rios, aparecendo mais vezes para ajudar&#8230; tamb\u00e9m ter\u00e1 aquele que perceber\u00e1 que cuidar n\u00e3o \u00e9 a praia dele. Por\u00e9m, ao ser convocado se disponibilizar\u00e1 a pagar um cuidador, pois compreendeu que, o ato de cuidar pode cansar como qualquer outra atividade.<\/p>\n\n\n\n<p>Entretanto, leva-se um longo tempo para que todos percebam que precisam ajudar. Outros v\u00e3o fazer de conta que tudo est\u00e1 bem. Por isso, \u00e9 preciso ter a coragem de falar e falar e n\u00e3o perder a esperan\u00e7a de ser ouvido(a).<\/p>\n\n\n\n<p>Caro leitor, caso nesse momento voc\u00ea esteja cuidando e se sentido sobrecarregado, pela aus\u00eancia dos familiares, n\u00e3o se iluda, achando que eles v\u00e3o chegar e se oferecer para passar um final de semana cuidando. Lembre-se, embora todos possam ver, temos a tend\u00eancia de enxergarmos s\u00f3 o que queremos.<\/p>\n\n\n\n<p>Ent\u00e3o porque o outro vai se comprometer?<\/p>\n\n\n\n<p>&nbsp;Afinal a casa est\u00e1 limpa, a pessoa cuidada e alimentada. Suas olheiras podem estar vis\u00edveis, a raiz de seus cabelos com um cent\u00edmetro branco. E da\u00ed. A \u00fanica coisa vis\u00edvel ser\u00e1 um certo descuido com a sua apar\u00eancia.<\/p>\n\n\n\n<p>E, caso seja aquele filho ou filha que aparece de vez em quando para uma visita r\u00e1pida, a voc\u00ea ainda ser\u00e1 ordenado que: fa\u00e7a um cafezinho da hora e sirva com bolinhos de chuva ou p\u00e3o de queijo&#8230;<\/p>\n\n\n\n<p>N\u00e3o se irrite, pegue a chave do carro e saia. A outra pessoa sabe onde est\u00e1 o p\u00f3 de caf\u00e9, caso ela realmente queira tomar um cafezinho da hora. Essa \u00e9 a oportunidade perfeita para voc\u00ea ter uma pausa e descansar.<\/p>\n\n\n\n<p>Ah! N\u00e3o tenha pressa para voltar. H\u00e1 quanto tempo voc\u00ea n\u00e3o olha as vitrines, observa um p\u00f4r do sol ou visita uma amiga?<\/p>\n\n\n\n<p>Somente com pausas para descansar, voc\u00ea estar\u00e1 inteiro e na paz necess\u00e1ria para realizar o cuidado com amorosidade. Lembre-se nosso estado emocional torna-se vis\u00edvel atrav\u00e9s dos nossos cinco sentidos.<\/p>\n\n\n\n<p>Portanto, voc\u00ea que \u00e9 cuidador nunca se esque\u00e7a que, os mesmos cuidados que a pessoa cuidada precisa, voc\u00ea tamb\u00e9m precisa. Mas as outras pessoas n\u00e3o sabem. Ent\u00e3o aprenda a dizer quais s\u00e3o suas necessidades, com firmeza e mansid\u00e3o.<\/p>\n\n\n\n<p>Cuidadores, vamos esperan\u00e7ar&#8230;<\/p>\n","protected":false},"excerpt":{"rendered":"<p>Como sou cuidadora sei que \u00e0s vezes gritamos alto, muito alto. Mas no lugar errado. Embaixo do chuveiro, pois o barulho da \u00e1gua encobre nosso choro, ou enfiamos a cara no travesseiro e gritamos. &nbsp;Essa situa\u00e7\u00e3o lhe \u00e9 familiar? Tenho certeza que sim. Afinal como dizer para o outro que n\u00e3o est\u00e1 na nossa casa &hellip;<\/p>\n<p class=\"read-more\"> <a class=\"\" href=\"https:\/\/quemcuidadocuidador.com.br\/index.php\/2023\/02\/04\/no-limite-da-exaustao-faca-se-ouvir\/\"> <span class=\"screen-reader-text\">No limite da exaust\u00e3o, fa\u00e7a-se ouvir&#8230;<\/span> Leia mais &raquo;<\/a><\/p>\n","protected":false},"author":2,"featured_media":472,"comment_status":"open","ping_status":"open","sticky":false,"template":"","format":"standard","meta":{"om_disable_all_campaigns":false,"_monsterinsights_skip_tracking":false,"_monsterinsights_sitenote_active":false,"_monsterinsights_sitenote_note":"","_monsterinsights_sitenote_category":0,"site-sidebar-layout":"","site-content-layout":"","ast-main-header-display":"","ast-hfb-above-header-display":"","ast-hfb-below-header-display":"","ast-hfb-mobile-header-display":"","site-post-title":"","ast-breadcrumbs-content":"","ast-featured-img":"","footer-sml-layout":"","theme-transparent-header-meta":"","adv-header-id-meta":"","stick-header-meta":"","header-above-stick-meta":"","header-main-stick-meta":"","header-below-stick-meta":""},"categories":[5],"tags":[],"uagb_featured_image_src":{"full":["https:\/\/quemcuidadocuidador.com.br\/wp-content\/uploads\/2023\/02\/elmer-canas-ciJjWP73hgg-unsplash-scaled.jpg",2560,1707,false],"thumbnail":["https:\/\/quemcuidadocuidador.com.br\/wp-content\/uploads\/2023\/02\/elmer-canas-ciJjWP73hgg-unsplash-150x150.jpg",150,150,true],"medium":["https:\/\/quemcuidadocuidador.com.br\/wp-content\/uploads\/2023\/02\/elmer-canas-ciJjWP73hgg-unsplash-300x200.jpg",300,200,true],"medium_large":["https:\/\/quemcuidadocuidador.com.br\/wp-content\/uploads\/2023\/02\/elmer-canas-ciJjWP73hgg-unsplash-768x512.jpg",768,512,true],"large":["https:\/\/quemcuidadocuidador.com.br\/wp-content\/uploads\/2023\/02\/elmer-canas-ciJjWP73hgg-unsplash-1024x683.jpg",1024,683,true],"1536x1536":["https:\/\/quemcuidadocuidador.com.br\/wp-content\/uploads\/2023\/02\/elmer-canas-ciJjWP73hgg-unsplash-scaled.jpg",1536,1024,false],"2048x2048":["https:\/\/quemcuidadocuidador.com.br\/wp-content\/uploads\/2023\/02\/elmer-canas-ciJjWP73hgg-unsplash-scaled.jpg",2048,1366,false]},"uagb_author_info":{"display_name":"Cicera A Feitosa","author_link":"https:\/\/quemcuidadocuidador.com.br\/index.php\/author\/cicera\/"},"uagb_comment_info":5,"uagb_excerpt":"Como sou cuidadora sei que \u00e0s vezes gritamos alto, muito alto. Mas no lugar errado. Embaixo do chuveiro, pois o barulho da \u00e1gua encobre nosso choro, ou enfiamos a cara no travesseiro e gritamos. &nbsp;Essa situa\u00e7\u00e3o lhe \u00e9 familiar? Tenho certeza que sim. Afinal como dizer para o outro que n\u00e3o est\u00e1 na nossa casa&hellip;","_links":{"self":[{"href":"https:\/\/quemcuidadocuidador.com.br\/index.php\/wp-json\/wp\/v2\/posts\/471"}],"collection":[{"href":"https:\/\/quemcuidadocuidador.com.br\/index.php\/wp-json\/wp\/v2\/posts"}],"about":[{"href":"https:\/\/quemcuidadocuidador.com.br\/index.php\/wp-json\/wp\/v2\/types\/post"}],"author":[{"embeddable":true,"href":"https:\/\/quemcuidadocuidador.com.br\/index.php\/wp-json\/wp\/v2\/users\/2"}],"replies":[{"embeddable":true,"href":"https:\/\/quemcuidadocuidador.com.br\/index.php\/wp-json\/wp\/v2\/comments?post=471"}],"version-history":[{"count":1,"href":"https:\/\/quemcuidadocuidador.com.br\/index.php\/wp-json\/wp\/v2\/posts\/471\/revisions"}],"predecessor-version":[{"id":473,"href":"https:\/\/quemcuidadocuidador.com.br\/index.php\/wp-json\/wp\/v2\/posts\/471\/revisions\/473"}],"wp:featuredmedia":[{"embeddable":true,"href":"https:\/\/quemcuidadocuidador.com.br\/index.php\/wp-json\/wp\/v2\/media\/472"}],"wp:attachment":[{"href":"https:\/\/quemcuidadocuidador.com.br\/index.php\/wp-json\/wp\/v2\/media?parent=471"}],"wp:term":[{"taxonomy":"category","embeddable":true,"href":"https:\/\/quemcuidadocuidador.com.br\/index.php\/wp-json\/wp\/v2\/categories?post=471"},{"taxonomy":"post_tag","embeddable":true,"href":"https:\/\/quemcuidadocuidador.com.br\/index.php\/wp-json\/wp\/v2\/tags?post=471"}],"curies":[{"name":"wp","href":"https:\/\/api.w.org\/{rel}","templated":true}]}}