{"id":447,"date":"2022-12-31T05:22:51","date_gmt":"2022-12-31T09:22:51","guid":{"rendered":"https:\/\/quemcuidadocuidador.com.br\/?p=447"},"modified":"2022-12-31T05:22:52","modified_gmt":"2022-12-31T09:22:52","slug":"em-2023-aprenda-a-escolher","status":"publish","type":"post","link":"https:\/\/quemcuidadocuidador.com.br\/index.php\/2022\/12\/31\/em-2023-aprenda-a-escolher\/","title":{"rendered":"Em 2023, aprenda a escolher"},"content":{"rendered":"\n<p>Com tantas not\u00edcias circulando nos meios de comunica\u00e7\u00e3o, fiquei me perguntando sobre o que escrever? Afinal, d\u00favidas e incertezas estamos sendo bombardeados 24 horas por dia. Ent\u00e3o pensei que o tema \u201csaber fazer escolhas\u201d, poderia ser interessante.<\/p>\n\n\n\n<p>O ato de escolher n\u00e3o \u00e9 tarefa f\u00e1cil para nenhum de n\u00f3s; \u00e0s vezes, n\u00e3o temos nenhum par\u00e2metro para saber se nossa escolha foi a melhor.<\/p>\n\n\n\n<p>Por\u00e9m, se n\u00e3o fazemos nossas pr\u00f3prias escolhas, deixamos o espa\u00e7o livre para que outras pessoas decidam por n\u00f3s. Em casos assim, essa escolha ser\u00e1 bem pior. Pois, o outro escolher\u00e1 de acordo com seus interesses. E aquilo que realmente nos faria feliz sequer \u00e9 levado em conta.<\/p>\n\n\n\n<p>Portanto, o ato de escolher inclui refletirmos sobre quais a\u00e7\u00f5es que ao realizarmos nos trar\u00e1 alegria.<\/p>\n\n\n\n<p>Ao fazermos o exerc\u00edcio de escolher o que \u00e9 melhor para n\u00f3s podemos manter o foco em uma atividade espec\u00edfica, concentrarmos mais esfor\u00e7os para a conclus\u00e3o dessa a\u00e7\u00e3o e n\u00e3o desperdi\u00e7armos nossa energia, tentando fazer mil coisas ao mesmo tempo, ou o que \u00e9 pior, fazer para agradar o outro.<\/p>\n\n\n\n<p>Quando aprendemos a escolher, automaticamente come\u00e7amos a dizer n\u00e3o. E ao dizermos n\u00e3o para o outro, estamos a dizer sim para nossas escolhas. Assim, estaremos sendo mais honestos e verdadeiros.<\/p>\n\n\n\n<p>No momento, sei que voc\u00ea n\u00e3o vai acreditar nessa possibilidade, pois de repente voc\u00ea j\u00e1 viveu meio s\u00e9culo da sua vida, chateado e c\u00f4nscio de que seus colegas de trabalho est\u00e3o sempre a te explorar. Por\u00e9m, como dizer n\u00e3o aos pedidos de colegas, amigos e parentes? O que os outros v\u00e3o pensar de voc\u00ea?<\/p>\n\n\n\n<p>Acredite: o que o outro vai pensar de ti n\u00e3o tem a menor import\u00e2ncia. A opini\u00e3o do outro n\u00e3o serve para pagar seus boletos no final do m\u00eas.<\/p>\n\n\n\n<p>Come\u00e7ar a fazer escolhas no inicio pode ser dif\u00edcil, at\u00e9 pela falta de h\u00e1bito. Mas, quando voc\u00ea come\u00e7ar e a pr\u00e1tica se tornar um h\u00e1bito, voc\u00ea perceber\u00e1 que estar\u00e1 recuperando a sua liberdade de quando era crian\u00e7a e dizia de forma espont\u00e2nea: \u201cquero\u201d ou \u201cn\u00e3o quero\u201d.<\/p>\n\n\n\n<p>Talvez se recuperarmos essa liberdade de fazermos o que queremos, talvez a gente aprenda a ser menos acumuladores, ficar felizes com coisas m\u00ednimas e agregar novos valores ao nosso tempo.<\/p>\n\n\n\n<p>Podemos come\u00e7ar a dizer n\u00e3o para aquelas reuni\u00f5es de fam\u00edlia, nas quais nos sentimos um peixe fora d\u2019\u00e1gua. As tradi\u00e7\u00f5es de fam\u00edlia s\u00e3o importantes, por\u00e9m h\u00e1 momentos que queremos ter um tempo s\u00f3 pra n\u00f3s. Com o passar do tempo nossas prioridades e interesses mudam.<\/p>\n\n\n\n<p>Como seres humanos, na maioria das vezes somos ego\u00edstas e temos tend\u00eancia de acreditar que somos insubstitu\u00edveis, ledo engano. Todos somos substitu\u00edveis. E quando n\u00e3o aprendemos a fazer escolhas, corremos o risco de ficarmos cansados, doentes e mal-humorados.<\/p>\n\n\n\n<p>Nesse momento todos nos ver\u00e3o como uma pessoa desagrad\u00e1vel. Na verdade, \u00e9 isso que acontece quando n\u00e3o fazemos escolhas e deixamos de cuidar de n\u00f3s. E, quando n\u00e3o cuidamos de n\u00f3s n\u00e3o podemos cuidar do outro. Pois o cuidado perder\u00e1 a qualidade, deixar\u00e1 de ser por amor, para ser por obriga\u00e7\u00e3o.<\/p>\n\n\n\n<p>Portanto, aprenda a fazer escolhas e, principalmente a dizer n\u00e3o. Assim voc\u00ea ser\u00e1 feliz, e quando for cuidar ser\u00e1 com o cora\u00e7\u00e3o a transbordar amor e respeito. Mas lembre-se, voc\u00ea \u00e9 a sua maior miss\u00e3o, aprenda a escolher e se cuidar,<\/p>\n\n\n\n<p>Fa\u00e7a escolhas.<\/p>\n\n\n\n<p>Quais s\u00e3o suas escolhas para 2023?<\/p>\n\n\n\n<p>Texto inspirado pela leitura do cap\u00edtulo I do livro \u201cEssencialismo\u201d do autor Greg Mckeown.<\/p>\n","protected":false},"excerpt":{"rendered":"<p>Com tantas not\u00edcias circulando nos meios de comunica\u00e7\u00e3o, fiquei me perguntando sobre o que escrever? Afinal, d\u00favidas e incertezas estamos sendo bombardeados 24 horas por dia. Ent\u00e3o pensei que o tema \u201csaber fazer escolhas\u201d, poderia ser interessante. O ato de escolher n\u00e3o \u00e9 tarefa f\u00e1cil para nenhum de n\u00f3s; \u00e0s vezes, n\u00e3o temos nenhum par\u00e2metro &hellip;<\/p>\n<p class=\"read-more\"> <a class=\"\" href=\"https:\/\/quemcuidadocuidador.com.br\/index.php\/2022\/12\/31\/em-2023-aprenda-a-escolher\/\"> <span class=\"screen-reader-text\">Em 2023, aprenda a escolher<\/span> Leia mais &raquo;<\/a><\/p>\n","protected":false},"author":2,"featured_media":448,"comment_status":"open","ping_status":"open","sticky":false,"template":"","format":"standard","meta":{"om_disable_all_campaigns":false,"_monsterinsights_skip_tracking":false,"_monsterinsights_sitenote_active":false,"_monsterinsights_sitenote_note":"","_monsterinsights_sitenote_category":0,"site-sidebar-layout":"","site-content-layout":"","ast-main-header-display":"","ast-hfb-above-header-display":"","ast-hfb-below-header-display":"","ast-hfb-mobile-header-display":"","site-post-title":"","ast-breadcrumbs-content":"","ast-featured-img":"","footer-sml-layout":"","theme-transparent-header-meta":"","adv-header-id-meta":"","stick-header-meta":"","header-above-stick-meta":"","header-main-stick-meta":"","header-below-stick-meta":""},"categories":[5],"tags":[],"uagb_featured_image_src":{"full":["https:\/\/quemcuidadocuidador.com.br\/wp-content\/uploads\/2022\/12\/jon-tyson-PXB7yEM5LVs-unsplash-scaled.jpg",1920,2560,false],"thumbnail":["https:\/\/quemcuidadocuidador.com.br\/wp-content\/uploads\/2022\/12\/jon-tyson-PXB7yEM5LVs-unsplash-150x150.jpg",150,150,true],"medium":["https:\/\/quemcuidadocuidador.com.br\/wp-content\/uploads\/2022\/12\/jon-tyson-PXB7yEM5LVs-unsplash-225x300.jpg",225,300,true],"medium_large":["https:\/\/quemcuidadocuidador.com.br\/wp-content\/uploads\/2022\/12\/jon-tyson-PXB7yEM5LVs-unsplash-768x1024.jpg",768,1024,true],"large":["https:\/\/quemcuidadocuidador.com.br\/wp-content\/uploads\/2022\/12\/jon-tyson-PXB7yEM5LVs-unsplash-768x1024.jpg",768,1024,true],"1536x1536":["https:\/\/quemcuidadocuidador.com.br\/wp-content\/uploads\/2022\/12\/jon-tyson-PXB7yEM5LVs-unsplash-1152x1536.jpg",1152,1536,true],"2048x2048":["https:\/\/quemcuidadocuidador.com.br\/wp-content\/uploads\/2022\/12\/jon-tyson-PXB7yEM5LVs-unsplash-1536x2048.jpg",1536,2048,true]},"uagb_author_info":{"display_name":"Cicera A Feitosa","author_link":"https:\/\/quemcuidadocuidador.com.br\/index.php\/author\/cicera\/"},"uagb_comment_info":5,"uagb_excerpt":"Com tantas not\u00edcias circulando nos meios de comunica\u00e7\u00e3o, fiquei me perguntando sobre o que escrever? Afinal, d\u00favidas e incertezas estamos sendo bombardeados 24 horas por dia. Ent\u00e3o pensei que o tema \u201csaber fazer escolhas\u201d, poderia ser interessante. O ato de escolher n\u00e3o \u00e9 tarefa f\u00e1cil para nenhum de n\u00f3s; \u00e0s vezes, n\u00e3o temos nenhum par\u00e2metro&hellip;","_links":{"self":[{"href":"https:\/\/quemcuidadocuidador.com.br\/index.php\/wp-json\/wp\/v2\/posts\/447"}],"collection":[{"href":"https:\/\/quemcuidadocuidador.com.br\/index.php\/wp-json\/wp\/v2\/posts"}],"about":[{"href":"https:\/\/quemcuidadocuidador.com.br\/index.php\/wp-json\/wp\/v2\/types\/post"}],"author":[{"embeddable":true,"href":"https:\/\/quemcuidadocuidador.com.br\/index.php\/wp-json\/wp\/v2\/users\/2"}],"replies":[{"embeddable":true,"href":"https:\/\/quemcuidadocuidador.com.br\/index.php\/wp-json\/wp\/v2\/comments?post=447"}],"version-history":[{"count":1,"href":"https:\/\/quemcuidadocuidador.com.br\/index.php\/wp-json\/wp\/v2\/posts\/447\/revisions"}],"predecessor-version":[{"id":449,"href":"https:\/\/quemcuidadocuidador.com.br\/index.php\/wp-json\/wp\/v2\/posts\/447\/revisions\/449"}],"wp:featuredmedia":[{"embeddable":true,"href":"https:\/\/quemcuidadocuidador.com.br\/index.php\/wp-json\/wp\/v2\/media\/448"}],"wp:attachment":[{"href":"https:\/\/quemcuidadocuidador.com.br\/index.php\/wp-json\/wp\/v2\/media?parent=447"}],"wp:term":[{"taxonomy":"category","embeddable":true,"href":"https:\/\/quemcuidadocuidador.com.br\/index.php\/wp-json\/wp\/v2\/categories?post=447"},{"taxonomy":"post_tag","embeddable":true,"href":"https:\/\/quemcuidadocuidador.com.br\/index.php\/wp-json\/wp\/v2\/tags?post=447"}],"curies":[{"name":"wp","href":"https:\/\/api.w.org\/{rel}","templated":true}]}}