{"id":435,"date":"2022-12-17T06:16:33","date_gmt":"2022-12-17T10:16:33","guid":{"rendered":"https:\/\/quemcuidadocuidador.com.br\/?p=435"},"modified":"2022-12-17T06:16:34","modified_gmt":"2022-12-17T10:16:34","slug":"voce-pode","status":"publish","type":"post","link":"https:\/\/quemcuidadocuidador.com.br\/index.php\/2022\/12\/17\/voce-pode\/","title":{"rendered":"Voc\u00ea pode"},"content":{"rendered":"\n<p>Aos que j\u00e1 conhecem meu blog <strong>\u201cquemcuidadocuidador<\/strong>\u201d sabem que gosto muito da Dr\u00aa. Ana Claudia Arantes \u2013 geriatra; recentemente assisti a um curso dela maravilhoso. Portanto, no texto de hoje ao pensar na proximidade do Natal &#8211; \u00e9poca em que muitas pessoas est\u00e3o de f\u00e9rias, visitam amigos e parentes e h\u00e1 um certo clima de solidariedade no ar, usando as palavras dela <strong><em>voc\u00ea pode<\/em><\/strong>&#8230;<\/p>\n\n\n\n<p>Ao reunir um grupo de pessoas para fazer uma visita para algu\u00e9m que est\u00e1 doente, ou um idoso acamado h\u00e1 muito tempo, com o objetivo de fazer uma ora\u00e7\u00e3o e clamar a Deus, pela cura!&nbsp; Seguindo a sugest\u00e3o da Dr\u00aa. Ana enquanto voc\u00ea ora <strong>voc\u00ea pode<\/strong>:<\/p>\n\n\n\n<p>Trocar a fralda da pessoa;<\/p>\n\n\n\n<p>Substituir a roupa de cama;<\/p>\n\n\n\n<p>Dar um banho no doente;<\/p>\n\n\n\n<p>Limpar a casa;<\/p>\n\n\n\n<p>Lavar a roupa;<\/p>\n\n\n\n<p>Fazer uma faxina no quintal;<\/p>\n\n\n\n<p>Passar as roupas, que foram lavadas, mas o cuidador n\u00e3o teve tempo de passar;<\/p>\n\n\n\n<p>Fazer uma massagem nos p\u00e9s do doente, pois isso ajuda na circula\u00e7\u00e3o;<\/p>\n\n\n\n<p>Cortar as unhas;<\/p>\n\n\n\n<p>Pentear o cabelo;<\/p>\n\n\n\n<p>Tirar a barba;<\/p>\n\n\n\n<p>Passar um hidratante nos bra\u00e7os e pernas;<\/p>\n\n\n\n<p>Lavar as vasilhas da pia;<\/p>\n\n\n\n<p>Fazer uma comidinha bem gostosa;<\/p>\n\n\n\n<p>Dar um abra\u00e7o.<\/p>\n\n\n\n<p>No final de uma visita assim, onde ora\u00e7\u00e3o e a\u00e7\u00e3o se efetivam, na pr\u00e1tica, talvez a cura n\u00e3o aconte\u00e7a.&nbsp; Mas o doente e o cuidador estar\u00e3o radiantes de alegria, pois estar\u00e3o sendo assistidos nas necessidades b\u00e1sicas de aten\u00e7\u00e3o, carinho e respeito.<\/p>\n\n\n\n<p>Aproveitando esse momento, em que temos o h\u00e1bito de presentear com presentes, que tal mudarmos um pouquinho e dar de presente o nosso tempo?!<\/p>\n\n\n\n<p>Eis algumas sugest\u00f5es: Disponha-se a cuidar de um doente por uma tarde, idoso ou crian\u00e7a, que precisam de cuidados em tempo integral, para que a pessoa que cuida, na maioria das vezes m\u00e3es ou filhas cuidadoras, tenham uma tarde de folga. Ela pode ir ao sal\u00e3o cuidar um pouquinho de si, ou quem sabe ir at\u00e9 a pra\u00e7a da SICMATUR apreciar o p\u00f4r do sol e a decora\u00e7\u00e3o natalina, que dizem est\u00e1 muito linda.<\/p>\n\n\n\n<p>Ali\u00e1s, este poderia ser um bel\u00edssimo passeio, para muitas pessoas com dificuldade de locomo\u00e7\u00e3o e que por falta de transporte adequado, raramente saem de casa. Uma alerta para nossos representantes e administradores do munic\u00edpio: a decora\u00e7\u00e3o natalina \u00e9 linda, um deleite para os olhos de quem tem a oportunidade de passar por l\u00e1. Os visitantes ficam deslumbrados.&nbsp;<\/p>\n\n\n\n<p>O que acham de fazerem um projeto de inclus\u00e3o para que cadeirantes e idosos, possam desfrutar desse lugar? Voc\u00eas sabem harmonizar t\u00e3o bem a natureza e a decora\u00e7\u00e3o natalina!&#8230;<\/p>\n\n\n\n<p>S\u00e3o pequenas a\u00e7\u00f5es, mas que podem se transformarem em gestos de amor e cuidado.<\/p>\n\n\n\n<p>Que neste Natal a solidariedade humana seja transmutada em a\u00e7\u00f5es de cuidados. Para que, todos aqueles, que precisam ser cuidados em nossa sociedade, sintam-se acolhidos.<\/p>\n","protected":false},"excerpt":{"rendered":"<p>Aos que j\u00e1 conhecem meu blog \u201cquemcuidadocuidador\u201d sabem que gosto muito da Dr\u00aa. Ana Claudia Arantes \u2013 geriatra; recentemente assisti a um curso dela maravilhoso. Portanto, no texto de hoje ao pensar na proximidade do Natal &#8211; \u00e9poca em que muitas pessoas est\u00e3o de f\u00e9rias, visitam amigos e parentes e h\u00e1 um certo clima de &hellip;<\/p>\n<p class=\"read-more\"> <a class=\"\" href=\"https:\/\/quemcuidadocuidador.com.br\/index.php\/2022\/12\/17\/voce-pode\/\"> <span class=\"screen-reader-text\">Voc\u00ea pode<\/span> Leia mais &raquo;<\/a><\/p>\n","protected":false},"author":2,"featured_media":436,"comment_status":"open","ping_status":"open","sticky":false,"template":"","format":"standard","meta":{"om_disable_all_campaigns":false,"_monsterinsights_skip_tracking":false,"_monsterinsights_sitenote_active":false,"_monsterinsights_sitenote_note":"","_monsterinsights_sitenote_category":0,"site-sidebar-layout":"","site-content-layout":"","ast-main-header-display":"","ast-hfb-above-header-display":"","ast-hfb-below-header-display":"","ast-hfb-mobile-header-display":"","site-post-title":"","ast-breadcrumbs-content":"","ast-featured-img":"","footer-sml-layout":"","theme-transparent-header-meta":"","adv-header-id-meta":"","stick-header-meta":"","header-above-stick-meta":"","header-main-stick-meta":"","header-below-stick-meta":""},"categories":[5],"tags":[],"uagb_featured_image_src":{"full":["https:\/\/quemcuidadocuidador.com.br\/wp-content\/uploads\/2022\/12\/janosch-lino-snDUMdYF7o8-unsplash-scaled.jpg",1696,2560,false],"thumbnail":["https:\/\/quemcuidadocuidador.com.br\/wp-content\/uploads\/2022\/12\/janosch-lino-snDUMdYF7o8-unsplash-150x150.jpg",150,150,true],"medium":["https:\/\/quemcuidadocuidador.com.br\/wp-content\/uploads\/2022\/12\/janosch-lino-snDUMdYF7o8-unsplash-199x300.jpg",199,300,true],"medium_large":["https:\/\/quemcuidadocuidador.com.br\/wp-content\/uploads\/2022\/12\/janosch-lino-snDUMdYF7o8-unsplash-768x1160.jpg",768,1160,true],"large":["https:\/\/quemcuidadocuidador.com.br\/wp-content\/uploads\/2022\/12\/janosch-lino-snDUMdYF7o8-unsplash-678x1024.jpg",678,1024,true],"1536x1536":["https:\/\/quemcuidadocuidador.com.br\/wp-content\/uploads\/2022\/12\/janosch-lino-snDUMdYF7o8-unsplash-scaled.jpg",1018,1536,false],"2048x2048":["https:\/\/quemcuidadocuidador.com.br\/wp-content\/uploads\/2022\/12\/janosch-lino-snDUMdYF7o8-unsplash-scaled.jpg",1357,2048,false]},"uagb_author_info":{"display_name":"Cicera A Feitosa","author_link":"https:\/\/quemcuidadocuidador.com.br\/index.php\/author\/cicera\/"},"uagb_comment_info":9,"uagb_excerpt":"Aos que j\u00e1 conhecem meu blog \u201cquemcuidadocuidador\u201d sabem que gosto muito da Dr\u00aa. Ana Claudia Arantes \u2013 geriatra; recentemente assisti a um curso dela maravilhoso. Portanto, no texto de hoje ao pensar na proximidade do Natal &#8211; \u00e9poca em que muitas pessoas est\u00e3o de f\u00e9rias, visitam amigos e parentes e h\u00e1 um certo clima de&hellip;","_links":{"self":[{"href":"https:\/\/quemcuidadocuidador.com.br\/index.php\/wp-json\/wp\/v2\/posts\/435"}],"collection":[{"href":"https:\/\/quemcuidadocuidador.com.br\/index.php\/wp-json\/wp\/v2\/posts"}],"about":[{"href":"https:\/\/quemcuidadocuidador.com.br\/index.php\/wp-json\/wp\/v2\/types\/post"}],"author":[{"embeddable":true,"href":"https:\/\/quemcuidadocuidador.com.br\/index.php\/wp-json\/wp\/v2\/users\/2"}],"replies":[{"embeddable":true,"href":"https:\/\/quemcuidadocuidador.com.br\/index.php\/wp-json\/wp\/v2\/comments?post=435"}],"version-history":[{"count":1,"href":"https:\/\/quemcuidadocuidador.com.br\/index.php\/wp-json\/wp\/v2\/posts\/435\/revisions"}],"predecessor-version":[{"id":437,"href":"https:\/\/quemcuidadocuidador.com.br\/index.php\/wp-json\/wp\/v2\/posts\/435\/revisions\/437"}],"wp:featuredmedia":[{"embeddable":true,"href":"https:\/\/quemcuidadocuidador.com.br\/index.php\/wp-json\/wp\/v2\/media\/436"}],"wp:attachment":[{"href":"https:\/\/quemcuidadocuidador.com.br\/index.php\/wp-json\/wp\/v2\/media?parent=435"}],"wp:term":[{"taxonomy":"category","embeddable":true,"href":"https:\/\/quemcuidadocuidador.com.br\/index.php\/wp-json\/wp\/v2\/categories?post=435"},{"taxonomy":"post_tag","embeddable":true,"href":"https:\/\/quemcuidadocuidador.com.br\/index.php\/wp-json\/wp\/v2\/tags?post=435"}],"curies":[{"name":"wp","href":"https:\/\/api.w.org\/{rel}","templated":true}]}}