{"id":414,"date":"2022-12-03T06:22:57","date_gmt":"2022-12-03T10:22:57","guid":{"rendered":"https:\/\/quemcuidadocuidador.com.br\/?p=414"},"modified":"2022-12-03T06:25:12","modified_gmt":"2022-12-03T10:25:12","slug":"escolha-construir-historias-e-memorias","status":"publish","type":"post","link":"https:\/\/quemcuidadocuidador.com.br\/index.php\/2022\/12\/03\/escolha-construir-historias-e-memorias\/","title":{"rendered":"Escolha construir hist\u00f3rias e mem\u00f3rias"},"content":{"rendered":"\n<p>Cuidar tamb\u00e9m \u00e9 fazer escolhas, \u00e0s vezes bem dif\u00edceis. Ontem foi um dia assim. Tomei a decis\u00e3o de cancelar meu plano de sa\u00fade da UNIMED.<\/p>\n\n\n\n<p>Dizem que devemos manter pr\u00f3ximo a n\u00f3s coisas que nos d\u00e3o alegria. E a minha rela\u00e7\u00e3o com a institui\u00e7\u00e3o UNIMED nos \u00faltimos tempos deixou de ser assim. Sem contar que, n\u00f3s profissionais da Educa\u00e7\u00e3o de Mato Grosso, vivemos a anos com um sal\u00e1rio que j\u00e1 n\u00e3o era adequado e com a pandemia tornou-se insuficiente.<\/p>\n\n\n\n<p>Claro que ainda tenho imensa gratid\u00e3o por ter um teto, dar conta de pagar \u00e1gua, luz e ter todos os dias, alimento na minha mesa.<\/p>\n\n\n\n<p>Recentemente ouvi uma hist\u00f3ria linda, mas de cortar o cora\u00e7\u00e3o de uma m\u00e3e que quando os filhos eram pequenos, em geral apenas almo\u00e7avam e na hora da janta ela dava \u00e1gua para as crian\u00e7as beberem e as colocava para dormir contando hist\u00f3rias e nessas hist\u00f3rias ela dizia \u201csabe esse barulhinho que voc\u00ea est\u00e1 ouvindo na sua barriguinha, faz de conta que \u00e9 rio, cheio de peixinhos nadando\u201d. Para variar, em outros dias ela comparava o barulho ao mar&#8230;<\/p>\n\n\n\n<p>Ouvi a Monja Cohen contando essa hist\u00f3ria, que foi contada a ela por uma das filhas dessa mulher. Fiquei com vontade de conhecer essa mulher. Sou encantada por contadores de hist\u00f3rias. Amo a contadora de hist\u00f3rias da minha inf\u00e2ncia, dona Manoela.<\/p>\n\n\n\n<p>Essa mulher fez uma coisa m\u00e1gica, pegou toda a sua dor e transformou em belas hist\u00f3rias de empoderamento e liberdade de imagina\u00e7\u00e3o criativa para seus filhos. Que coisa mais bela e emocionante.<\/p>\n\n\n\n<p>Imagino o quanto, na \u00e9poca, essa tenha sido uma situa\u00e7\u00e3o dolorosa para essa m\u00e3e. Afinal nenhum de n\u00f3s quer que nosso filho passe fome. E usando a imagina\u00e7\u00e3o ela transformou a realidade do mundo a sua volta.<\/p>\n\n\n\n<p>Muitas vezes, nos falta criatividade para encontrar solu\u00e7\u00f5es.<\/p>\n\n\n\n<p>Por\u00e9m, voc\u00eas devem estar se perguntando, o que ela far\u00e1 agora sem plano de sa\u00fade para Pedro?<\/p>\n\n\n\n<p>Vou usar o SUS, como a maioria dos brasileiros.<\/p>\n\n\n\n<p>Antes de tomar essa decis\u00e3o, fiz uma profunda an\u00e1lise, de todos os momentos que Pedro precisou de um atendimento mais s\u00e9rio e percebi que, mesmo ele tendo plano de sa\u00fade particular, a gente sempre acabava indo parar no hospital p\u00fablico. Mesmo come\u00e7ando o tratamento no particular.<\/p>\n\n\n\n<p>Aos oito meses, quando ele teve pneumonia, ap\u00f3s o diagn\u00f3stico, a m\u00e9dica disse vou te encaminhar para o Hospital Regional, porque l\u00e1 tem pediatra 24 horas. Uma vez ele caiu e machucou a cabe\u00e7a, tamb\u00e9m foi para o hospital p\u00fablico, porque l\u00e1 tinha neurologista. Assim, tamb\u00e9m foi todas as vezes que ele teve algum osso quebrado.<\/p>\n\n\n\n<p>Ali\u00e1s, quero fazer uma pergunta para todos que tem plano de sa\u00fade, quando voc\u00eas sofreram algum acidente e quebraram alguma coisa, onde voc\u00eas fizeram o tratamento necess\u00e1rio. No hospital particular ou no p\u00fablico?<\/p>\n\n\n\n<p>Com o dinheiro que pagava o plano de sa\u00fade pretendo fazer viagens com meu filho, que lhe permita construir belas hist\u00f3rias e ser feliz. Afinal n\u00e3o conhe\u00e7o nenhuma pessoa que viva com alegria e fazendo o que gosta, ficar doente. Quando estamos felizes n\u00e3o adoecemos. Sequer uma gripe.<\/p>\n\n\n\n<p>Essa \u00e9 a minha escolha de m\u00e3e e cuidadora de Pedro. Vamos ser felizes&#8230;<\/p>\n","protected":false},"excerpt":{"rendered":"<p>Cuidar tamb\u00e9m \u00e9 fazer escolhas, \u00e0s vezes bem dif\u00edceis. Ontem foi um dia assim. Tomei a decis\u00e3o de cancelar meu plano de sa\u00fade da UNIMED. Dizem que devemos manter pr\u00f3ximo a n\u00f3s coisas que nos d\u00e3o alegria. E a minha rela\u00e7\u00e3o com a institui\u00e7\u00e3o UNIMED nos \u00faltimos tempos deixou de ser assim. Sem contar que, &hellip;<\/p>\n<p class=\"read-more\"> <a class=\"\" href=\"https:\/\/quemcuidadocuidador.com.br\/index.php\/2022\/12\/03\/escolha-construir-historias-e-memorias\/\"> <span class=\"screen-reader-text\">Escolha construir hist\u00f3rias e mem\u00f3rias<\/span> Leia mais &raquo;<\/a><\/p>\n","protected":false},"author":2,"featured_media":415,"comment_status":"open","ping_status":"open","sticky":false,"template":"","format":"standard","meta":{"om_disable_all_campaigns":false,"_monsterinsights_skip_tracking":false,"_monsterinsights_sitenote_active":false,"_monsterinsights_sitenote_note":"","_monsterinsights_sitenote_category":0,"site-sidebar-layout":"","site-content-layout":"","ast-main-header-display":"","ast-hfb-above-header-display":"","ast-hfb-below-header-display":"","ast-hfb-mobile-header-display":"","site-post-title":"","ast-breadcrumbs-content":"","ast-featured-img":"","footer-sml-layout":"","theme-transparent-header-meta":"","adv-header-id-meta":"","stick-header-meta":"","header-above-stick-meta":"","header-main-stick-meta":"","header-below-stick-meta":""},"categories":[5],"tags":[],"uagb_featured_image_src":{"full":["https:\/\/quemcuidadocuidador.com.br\/wp-content\/uploads\/2022\/12\/kalen-emsley-G1qxBDxM8vE-unsplash-scaled.jpg",2560,1707,false],"thumbnail":["https:\/\/quemcuidadocuidador.com.br\/wp-content\/uploads\/2022\/12\/kalen-emsley-G1qxBDxM8vE-unsplash-scaled.jpg",150,100,false],"medium":["https:\/\/quemcuidadocuidador.com.br\/wp-content\/uploads\/2022\/12\/kalen-emsley-G1qxBDxM8vE-unsplash-scaled.jpg",300,200,false],"medium_large":["https:\/\/quemcuidadocuidador.com.br\/wp-content\/uploads\/2022\/12\/kalen-emsley-G1qxBDxM8vE-unsplash-scaled.jpg",768,512,false],"large":["https:\/\/quemcuidadocuidador.com.br\/wp-content\/uploads\/2022\/12\/kalen-emsley-G1qxBDxM8vE-unsplash-scaled.jpg",1024,683,false],"1536x1536":["https:\/\/quemcuidadocuidador.com.br\/wp-content\/uploads\/2022\/12\/kalen-emsley-G1qxBDxM8vE-unsplash-scaled.jpg",1536,1024,false],"2048x2048":["https:\/\/quemcuidadocuidador.com.br\/wp-content\/uploads\/2022\/12\/kalen-emsley-G1qxBDxM8vE-unsplash-scaled.jpg",2048,1366,false]},"uagb_author_info":{"display_name":"Cicera A Feitosa","author_link":"https:\/\/quemcuidadocuidador.com.br\/index.php\/author\/cicera\/"},"uagb_comment_info":3,"uagb_excerpt":"Cuidar tamb\u00e9m \u00e9 fazer escolhas, \u00e0s vezes bem dif\u00edceis. Ontem foi um dia assim. Tomei a decis\u00e3o de cancelar meu plano de sa\u00fade da UNIMED. Dizem que devemos manter pr\u00f3ximo a n\u00f3s coisas que nos d\u00e3o alegria. E a minha rela\u00e7\u00e3o com a institui\u00e7\u00e3o UNIMED nos \u00faltimos tempos deixou de ser assim. Sem contar que,&hellip;","_links":{"self":[{"href":"https:\/\/quemcuidadocuidador.com.br\/index.php\/wp-json\/wp\/v2\/posts\/414"}],"collection":[{"href":"https:\/\/quemcuidadocuidador.com.br\/index.php\/wp-json\/wp\/v2\/posts"}],"about":[{"href":"https:\/\/quemcuidadocuidador.com.br\/index.php\/wp-json\/wp\/v2\/types\/post"}],"author":[{"embeddable":true,"href":"https:\/\/quemcuidadocuidador.com.br\/index.php\/wp-json\/wp\/v2\/users\/2"}],"replies":[{"embeddable":true,"href":"https:\/\/quemcuidadocuidador.com.br\/index.php\/wp-json\/wp\/v2\/comments?post=414"}],"version-history":[{"count":2,"href":"https:\/\/quemcuidadocuidador.com.br\/index.php\/wp-json\/wp\/v2\/posts\/414\/revisions"}],"predecessor-version":[{"id":418,"href":"https:\/\/quemcuidadocuidador.com.br\/index.php\/wp-json\/wp\/v2\/posts\/414\/revisions\/418"}],"wp:featuredmedia":[{"embeddable":true,"href":"https:\/\/quemcuidadocuidador.com.br\/index.php\/wp-json\/wp\/v2\/media\/415"}],"wp:attachment":[{"href":"https:\/\/quemcuidadocuidador.com.br\/index.php\/wp-json\/wp\/v2\/media?parent=414"}],"wp:term":[{"taxonomy":"category","embeddable":true,"href":"https:\/\/quemcuidadocuidador.com.br\/index.php\/wp-json\/wp\/v2\/categories?post=414"},{"taxonomy":"post_tag","embeddable":true,"href":"https:\/\/quemcuidadocuidador.com.br\/index.php\/wp-json\/wp\/v2\/tags?post=414"}],"curies":[{"name":"wp","href":"https:\/\/api.w.org\/{rel}","templated":true}]}}