{"id":405,"date":"2022-11-19T06:19:32","date_gmt":"2022-11-19T10:19:32","guid":{"rendered":"https:\/\/quemcuidadocuidador.com.br\/?p=405"},"modified":"2022-11-19T18:05:30","modified_gmt":"2022-11-19T22:05:30","slug":"piquenique-celebrando-a-diversidade","status":"publish","type":"post","link":"https:\/\/quemcuidadocuidador.com.br\/index.php\/2022\/11\/19\/piquenique-celebrando-a-diversidade\/","title":{"rendered":"Piquenique celebrando a diversidade"},"content":{"rendered":"\n<p>Um piquenique, gestado em ternura e aquecido pelo calor do cora\u00e7\u00e3o da psic\u00f3loga Andrea Santiago Sobreira Santos Souza.<\/p>\n\n\n\n<p>Toda a\u00e7\u00e3o humana, que \u00e9 pautada com o firme prop\u00f3sito de servir e ser \u00fatil, torna-se impregnada de amor e este vai se espalhando e contagiando outras pessoas. Foi o que aconteceu com a ideia do piquenique da Andr\u00e9ia para crian\u00e7as e jovens com Espectro autista e suas fam\u00edlias.<\/p>\n\n\n\n<p>Primeiro ela compartilhou a ideia com o pastor de sua igreja, Senhor Edilson, que abra\u00e7ou a causa e com ele vieram v\u00e1rios outros membros da igreja.<\/p>\n\n\n\n<p>Em seguida, veio o apoio da Casa da Amizade \u2013 Distrito 4440 \u2013 Rotary Club e dos estudantes de psicologia da FAPAN.&nbsp; Todos com um \u00fanico objetivo, acolher e abra\u00e7ar de todas as formas poss\u00edveis as crian\u00e7as, jovens e suas respectivas fam\u00edlias.<\/p>\n\n\n\n<p>Aos familiares, solicitaram que contribu\u00edssem com um prato de salgado. Ent\u00e3o voc\u00eas podem imaginar a variedade e disponibilidade de lanches. Acredito que foi poss\u00edvel atender a seletividade alimentar dos nossos filhos.<\/p>\n\n\n\n<p>A escolha do lugar tamb\u00e9m foi aben\u00e7oada: SICMATUR, espa\u00e7o tur\u00edstico, com eventos culturais e quadra de areia, frente a um bra\u00e7o do rio Paraguai, com uma extensa faixa de areia. Temos todos os dias o p\u00f4r do sol que proporciona espet\u00e1culos extasiantes, para aqueles que olham.<\/p>\n\n\n\n<p>Num primeiro momento, algumas crian\u00e7as chegaram t\u00edmidas e, aos poucos foram ocupando os espa\u00e7os. Houve o momento de correr da chuva, alguns ajudando a carregar os lanches, outros mesas e cadeiras. Mas a chuva foi quase de faz de conta, uma pequena nuvem que passou r\u00e1pido e em seguida voltamos para a grama acolhedora, um verdadeiro convite para usufruirmos daquele tapete verde.<\/p>\n\n\n\n<p>Este ficou mais colorido com toalhas coloridas estendidas, para as crian\u00e7as sentarem, pula-pula para os mais animados, alguns jogaram bola, outros foram no parquinho, correria e risadas, alguns reencontros ap\u00f3s o longo per\u00edodo de pandemia. Com muita alegria.<\/p>\n\n\n\n<p>Nesse clima alegre e festivo, passamos a tarde. Nos sentimos a todo instante, acolhidos e cuidados. Num espa\u00e7o em que as pessoas e o espa\u00e7o abra\u00e7avam o diferente. Bastava olhar ao nosso redor, ao observarmos a mata ciliar do outro lada do rio Paraguai a diversidade se faz presente com muitos tipos de plantas e tamanhos variados, percebemos que ali a composi\u00e7\u00e3o da beleza se completa pela diversidade e o diferente, assim como nossos filhos.<\/p>\n\n\n\n<p>S\u00f3 \u00e9 preciso um novo jeito de olhar e de acolhimento, novas maneiras de nos fazermos pr\u00f3ximos e presentes. Se n\u00e3o \u00e9 poss\u00edvel rolar um abra\u00e7o, que tal experimentar um sorriso. Se n\u00e3o rola uma conversa, que tal apenas estar presente e sentir o sil\u00eancio\/ou burburinho. O barulho criado pelas ondas ap\u00f3s a passagem de um barco.<\/p>\n\n\n\n<p>E todos fomos abra\u00e7ados, em toda a nossa diversidade, pelo p\u00f4r-do-sol. De forma t\u00e3o suave e doce, que nossos filhos no final exclamaram.<\/p>\n\n\n\n<p>A gente vai voltar aqui outra vez?!<\/p>\n\n\n\n<p>Espero que a iniciativa da Andreia com o maravilhoso piquenique \u201c<strong><em>Eu celebro a diversidade\u201d<\/em><\/strong> e o apoio da Igreja Batista, a Casa da Amizade e os estudantes de psicologia, possam inspirar outras institui\u00e7\u00f5es e \u00f3rg\u00e3os p\u00fablicos, a criarem espa\u00e7os e a\u00e7\u00f5es de lazer e cultura. Para nossos filhos serem acolhidos e poderem participar das atividades. Assim, poder\u00e3o interagirem uns com os outros e com as fam\u00edlias rec\u00e9m-descobertas.<\/p>\n","protected":false},"excerpt":{"rendered":"<p>Um piquenique, gestado em ternura e aquecido pelo calor do cora\u00e7\u00e3o da psic\u00f3loga Andrea Santiago Sobreira Santos Souza. Toda a\u00e7\u00e3o humana, que \u00e9 pautada com o firme prop\u00f3sito de servir e ser \u00fatil, torna-se impregnada de amor e este vai se espalhando e contagiando outras pessoas. Foi o que aconteceu com a ideia do piquenique &hellip;<\/p>\n<p class=\"read-more\"> <a class=\"\" href=\"https:\/\/quemcuidadocuidador.com.br\/index.php\/2022\/11\/19\/piquenique-celebrando-a-diversidade\/\"> <span class=\"screen-reader-text\">Piquenique celebrando a diversidade<\/span> Leia mais &raquo;<\/a><\/p>\n","protected":false},"author":2,"featured_media":406,"comment_status":"open","ping_status":"open","sticky":false,"template":"","format":"standard","meta":{"om_disable_all_campaigns":false,"_monsterinsights_skip_tracking":false,"_monsterinsights_sitenote_active":false,"_monsterinsights_sitenote_note":"","_monsterinsights_sitenote_category":0,"site-sidebar-layout":"","site-content-layout":"","ast-main-header-display":"","ast-hfb-above-header-display":"","ast-hfb-below-header-display":"","ast-hfb-mobile-header-display":"","site-post-title":"","ast-breadcrumbs-content":"","ast-featured-img":"","footer-sml-layout":"","theme-transparent-header-meta":"","adv-header-id-meta":"","stick-header-meta":"","header-above-stick-meta":"","header-main-stick-meta":"","header-below-stick-meta":""},"categories":[5],"tags":[],"uagb_featured_image_src":{"full":["https:\/\/quemcuidadocuidador.com.br\/wp-content\/uploads\/2022\/11\/WhatsApp-Image-2022-11-19-at-05.43.51.jpeg",736,1019,false],"thumbnail":["https:\/\/quemcuidadocuidador.com.br\/wp-content\/uploads\/2022\/11\/WhatsApp-Image-2022-11-19-at-05.43.51-150x150.jpeg",150,150,true],"medium":["https:\/\/quemcuidadocuidador.com.br\/wp-content\/uploads\/2022\/11\/WhatsApp-Image-2022-11-19-at-05.43.51-217x300.jpeg",217,300,true],"medium_large":["https:\/\/quemcuidadocuidador.com.br\/wp-content\/uploads\/2022\/11\/WhatsApp-Image-2022-11-19-at-05.43.51.jpeg",736,1019,false],"large":["https:\/\/quemcuidadocuidador.com.br\/wp-content\/uploads\/2022\/11\/WhatsApp-Image-2022-11-19-at-05.43.51.jpeg",736,1019,false],"1536x1536":["https:\/\/quemcuidadocuidador.com.br\/wp-content\/uploads\/2022\/11\/WhatsApp-Image-2022-11-19-at-05.43.51.jpeg",736,1019,false],"2048x2048":["https:\/\/quemcuidadocuidador.com.br\/wp-content\/uploads\/2022\/11\/WhatsApp-Image-2022-11-19-at-05.43.51.jpeg",736,1019,false]},"uagb_author_info":{"display_name":"Cicera A Feitosa","author_link":"https:\/\/quemcuidadocuidador.com.br\/index.php\/author\/cicera\/"},"uagb_comment_info":7,"uagb_excerpt":"Um piquenique, gestado em ternura e aquecido pelo calor do cora\u00e7\u00e3o da psic\u00f3loga Andrea Santiago Sobreira Santos Souza. Toda a\u00e7\u00e3o humana, que \u00e9 pautada com o firme prop\u00f3sito de servir e ser \u00fatil, torna-se impregnada de amor e este vai se espalhando e contagiando outras pessoas. Foi o que aconteceu com a ideia do piquenique&hellip;","_links":{"self":[{"href":"https:\/\/quemcuidadocuidador.com.br\/index.php\/wp-json\/wp\/v2\/posts\/405"}],"collection":[{"href":"https:\/\/quemcuidadocuidador.com.br\/index.php\/wp-json\/wp\/v2\/posts"}],"about":[{"href":"https:\/\/quemcuidadocuidador.com.br\/index.php\/wp-json\/wp\/v2\/types\/post"}],"author":[{"embeddable":true,"href":"https:\/\/quemcuidadocuidador.com.br\/index.php\/wp-json\/wp\/v2\/users\/2"}],"replies":[{"embeddable":true,"href":"https:\/\/quemcuidadocuidador.com.br\/index.php\/wp-json\/wp\/v2\/comments?post=405"}],"version-history":[{"count":2,"href":"https:\/\/quemcuidadocuidador.com.br\/index.php\/wp-json\/wp\/v2\/posts\/405\/revisions"}],"predecessor-version":[{"id":408,"href":"https:\/\/quemcuidadocuidador.com.br\/index.php\/wp-json\/wp\/v2\/posts\/405\/revisions\/408"}],"wp:featuredmedia":[{"embeddable":true,"href":"https:\/\/quemcuidadocuidador.com.br\/index.php\/wp-json\/wp\/v2\/media\/406"}],"wp:attachment":[{"href":"https:\/\/quemcuidadocuidador.com.br\/index.php\/wp-json\/wp\/v2\/media?parent=405"}],"wp:term":[{"taxonomy":"category","embeddable":true,"href":"https:\/\/quemcuidadocuidador.com.br\/index.php\/wp-json\/wp\/v2\/categories?post=405"},{"taxonomy":"post_tag","embeddable":true,"href":"https:\/\/quemcuidadocuidador.com.br\/index.php\/wp-json\/wp\/v2\/tags?post=405"}],"curies":[{"name":"wp","href":"https:\/\/api.w.org\/{rel}","templated":true}]}}