{"id":397,"date":"2022-11-05T07:13:17","date_gmt":"2022-11-05T11:13:17","guid":{"rendered":"https:\/\/quemcuidadocuidador.com.br\/?p=397"},"modified":"2022-11-05T07:13:18","modified_gmt":"2022-11-05T11:13:18","slug":"o-cuidar-requer-o-direito-de-ir-e-vir","status":"publish","type":"post","link":"https:\/\/quemcuidadocuidador.com.br\/index.php\/2022\/11\/05\/o-cuidar-requer-o-direito-de-ir-e-vir\/","title":{"rendered":"O cuidar requer o direito de ir e vir"},"content":{"rendered":"\n<p>Quando temos filhos autistas, raramente eles saem de casa sem a nossa companhia. Ao deixamos sair com outra pessoa \u00e9 porque temos certeza que a outra pessoa o conhece bem e, tem habilidade de lidar com todas as suas estereotipias.<\/p>\n\n\n\n<p>Outra regra consensual \u00e9 que est\u00e1 pessoa seja algu\u00e9m com quem nosso filho tenha afinidade. E minha irm\u00e3 Maria do Carmo construiu essa afinidade com Pedro desde que ele nasceu. Quando sa\u00edmos do Centro Cir\u00fargico, ela j\u00e1 estava l\u00e1 para receb\u00ea-lo. Fomos para casa e ela passou uma semana a dar banho em Pedro, troc\u00e1-lo, cortando as etiquetas de suas roupas para n\u00e3o machucar sua pele. Eu, a m\u00e3e, n\u00e3o tinha pensado nessa possibilidade.<\/p>\n\n\n\n<p>&nbsp;E, o cara gostou desses mimos, pois at\u00e9 hoje, todas as suas roupas precisam ser tiradas as etiquetas e, quando por acaso esquecemos de fazer isso, ele acaba rasgando a roupa para tir\u00e1-las.<\/p>\n\n\n\n<p>Quando minha sobrinha Claudia morava aqui, os dois saiam muito, \u00e0s vezes passavam o dia juntos. Mas ao anoitecer ele sempre voltava para casa, pois nunca aceitou dormir na casa dela.<\/p>\n\n\n\n<p>Entretanto na casa de minha irm\u00e3 ele fica tranquilo. Claro que h\u00e1 todo um ritual, um dia ele vai na missa, outro dia a madrinha Kelem vai visit\u00e1-lo e lhe levar revistas. E no terceiro dia, j\u00e1 acabou a programa\u00e7\u00e3o. \u00c9 hora de busc\u00e1-lo.<\/p>\n\n\n\n<p>Desta vez, foram para Lambari D\u2019Oeste-MT na sexta-feira e, como tinha a elei\u00e7\u00e3o no domingo e eu estaria de f\u00e9rias no dia primeiro de novembro, conversei com ele e expliquei que o buscaria na ter\u00e7a-feira de manh\u00e3.<\/p>\n\n\n\n<p>No dia, j\u00e1 pronta para sair, minha irm\u00e3 liga e diz que manifestantes tinham fechado a ponte, porque n\u00e3o aceitam o resultado da elei\u00e7\u00e3o e est\u00e3o pedindo interven\u00e7\u00e3o das For\u00e7as Armadas.<\/p>\n\n\n\n<p>Calculem a minha ang\u00fastia, pois enquanto alguns diziam que eles me deixariam passar por que meu pai \u00e9 idoso e Pedro n\u00e3o poderia ficar sem a medica\u00e7\u00e3o para epilepsia, outros diziam que era arriscado.<\/p>\n\n\n\n<p>Em meio as incertezas, ligo para minha irm\u00e3 e pergunto como est\u00e1 Pedro. Ela afirma, est\u00e1 tranquilo, esperando voc\u00ea chegar&#8230;<\/p>\n\n\n\n<p>Ent\u00e3o converso com ele e explico que n\u00e3o era poss\u00edvel ir naquele momento, mas que na quarta-feira, irei. Ele concorda de boa.<\/p>\n\n\n\n<p>No outro dia vou cedo ao Cemit\u00e9rio, ligo para uma amiga e ela informa que a ponte est\u00e1 liberada, mas os manifestantes continuam l\u00e1. Ent\u00e3o vou \u00e0 Ponte, converso com um policial e manifestantes, que garantem que eu posso ir, pois eles n\u00e3o v\u00e3o fechar a passagem.<\/p>\n\n\n\n<p>Volto em casa, pois preciso levar roupa para meu pai, que est\u00e1 na casa da minha irm\u00e3. Entre pegar as coisas que preciso e falar ao telefone, fecho a porta de casa, tranco o port\u00e3o e de repente, n\u00e3o acho a chave do carro, procuro na bolsa, dentro do carro e nada.<\/p>\n\n\n\n<p>Sabe aquele instante, que n\u00e3o h\u00e1 ningu\u00e9m passando pela rua e nem o vizinho do lado est\u00e1 em casa. Vou na vizinha, pergunto se Ana Clara est\u00e1. Ela diz que n\u00e3o, pergunto por todos. Dona Claudete quis saber o motivo. Fechei o port\u00e3o, a chave do carro est\u00e1 dentro de casa e preciso de ajuda.<\/p>\n\n\n\n<p>Depois de v\u00e1rias tentativas in\u00fateis para quebrar o cadeado do port\u00e3o, ela lembra do Eur\u00edpedes e vai na casa dele. O filho dele vem com uma escada, pula o muro e abre a porta. Informo onde tem uma chave. Ap\u00f3s ele abrir o port\u00e3o, encontro a chave do carro sobre a mesa, na \u00e1rea.<\/p>\n\n\n\n<p>Chego na minha irm\u00e3, encontro um Pedro super feliz. Quando ela diz que vai avisar minha amiga Kelem que cheguei. Na pressa de voltar pe\u00e7o a ela que n\u00e3o ligue. Por\u00e9m ela ignora meu pedido e liga. Quase quebrei uma tradi\u00e7\u00e3o de 30 anos.<\/p>\n\n\n\n<p>Minha amiga chega. E, eu informo, j\u00e1 estamos voltando. Minha irm\u00e3 parecia n\u00e3o ter a menor pressa ou n\u00e3o perceber minha afli\u00e7\u00e3o, ao pegar o que precis\u00e1vamos trazer de volta e ir jogando no porta malas. Insisto&#8230; S\u00f3 volto a respirar aliviada, ao atravessar a ponte. No outro dia, meu corpo tinha transformado em dor, a tens\u00e3o vivida.<\/p>\n\n\n\n<p>Precisamos exercitar a toler\u00e2ncia e o respeito, pois o direito de ir e vir \u00e9 um bem precioso. &nbsp;Precisamos cuidar da nossa liberdade.<\/p>\n","protected":false},"excerpt":{"rendered":"<p>Quando temos filhos autistas, raramente eles saem de casa sem a nossa companhia. Ao deixamos sair com outra pessoa \u00e9 porque temos certeza que a outra pessoa o conhece bem e, tem habilidade de lidar com todas as suas estereotipias. Outra regra consensual \u00e9 que est\u00e1 pessoa seja algu\u00e9m com quem nosso filho tenha afinidade. &hellip;<\/p>\n<p class=\"read-more\"> <a class=\"\" href=\"https:\/\/quemcuidadocuidador.com.br\/index.php\/2022\/11\/05\/o-cuidar-requer-o-direito-de-ir-e-vir\/\"> <span class=\"screen-reader-text\">O cuidar requer o direito de ir e vir<\/span> Leia mais &raquo;<\/a><\/p>\n","protected":false},"author":2,"featured_media":398,"comment_status":"open","ping_status":"open","sticky":false,"template":"","format":"standard","meta":{"om_disable_all_campaigns":false,"_monsterinsights_skip_tracking":false,"_monsterinsights_sitenote_active":false,"_monsterinsights_sitenote_note":"","_monsterinsights_sitenote_category":0,"site-sidebar-layout":"","site-content-layout":"","ast-main-header-display":"","ast-hfb-above-header-display":"","ast-hfb-below-header-display":"","ast-hfb-mobile-header-display":"","site-post-title":"","ast-breadcrumbs-content":"","ast-featured-img":"","footer-sml-layout":"","theme-transparent-header-meta":"","adv-header-id-meta":"","stick-header-meta":"","header-above-stick-meta":"","header-main-stick-meta":"","header-below-stick-meta":""},"categories":[5],"tags":[],"uagb_featured_image_src":{"full":["https:\/\/quemcuidadocuidador.com.br\/wp-content\/uploads\/2022\/11\/rap-dela-rea-NgMqApxnf_8-unsplash-scaled.jpg",2560,1707,false],"thumbnail":["https:\/\/quemcuidadocuidador.com.br\/wp-content\/uploads\/2022\/11\/rap-dela-rea-NgMqApxnf_8-unsplash-150x150.jpg",150,150,true],"medium":["https:\/\/quemcuidadocuidador.com.br\/wp-content\/uploads\/2022\/11\/rap-dela-rea-NgMqApxnf_8-unsplash-300x200.jpg",300,200,true],"medium_large":["https:\/\/quemcuidadocuidador.com.br\/wp-content\/uploads\/2022\/11\/rap-dela-rea-NgMqApxnf_8-unsplash-768x512.jpg",768,512,true],"large":["https:\/\/quemcuidadocuidador.com.br\/wp-content\/uploads\/2022\/11\/rap-dela-rea-NgMqApxnf_8-unsplash-1024x683.jpg",1024,683,true],"1536x1536":["https:\/\/quemcuidadocuidador.com.br\/wp-content\/uploads\/2022\/11\/rap-dela-rea-NgMqApxnf_8-unsplash-scaled.jpg",1536,1024,false],"2048x2048":["https:\/\/quemcuidadocuidador.com.br\/wp-content\/uploads\/2022\/11\/rap-dela-rea-NgMqApxnf_8-unsplash-scaled.jpg",2048,1366,false]},"uagb_author_info":{"display_name":"Cicera A Feitosa","author_link":"https:\/\/quemcuidadocuidador.com.br\/index.php\/author\/cicera\/"},"uagb_comment_info":4,"uagb_excerpt":"Quando temos filhos autistas, raramente eles saem de casa sem a nossa companhia. Ao deixamos sair com outra pessoa \u00e9 porque temos certeza que a outra pessoa o conhece bem e, tem habilidade de lidar com todas as suas estereotipias. Outra regra consensual \u00e9 que est\u00e1 pessoa seja algu\u00e9m com quem nosso filho tenha afinidade.&hellip;","_links":{"self":[{"href":"https:\/\/quemcuidadocuidador.com.br\/index.php\/wp-json\/wp\/v2\/posts\/397"}],"collection":[{"href":"https:\/\/quemcuidadocuidador.com.br\/index.php\/wp-json\/wp\/v2\/posts"}],"about":[{"href":"https:\/\/quemcuidadocuidador.com.br\/index.php\/wp-json\/wp\/v2\/types\/post"}],"author":[{"embeddable":true,"href":"https:\/\/quemcuidadocuidador.com.br\/index.php\/wp-json\/wp\/v2\/users\/2"}],"replies":[{"embeddable":true,"href":"https:\/\/quemcuidadocuidador.com.br\/index.php\/wp-json\/wp\/v2\/comments?post=397"}],"version-history":[{"count":1,"href":"https:\/\/quemcuidadocuidador.com.br\/index.php\/wp-json\/wp\/v2\/posts\/397\/revisions"}],"predecessor-version":[{"id":399,"href":"https:\/\/quemcuidadocuidador.com.br\/index.php\/wp-json\/wp\/v2\/posts\/397\/revisions\/399"}],"wp:featuredmedia":[{"embeddable":true,"href":"https:\/\/quemcuidadocuidador.com.br\/index.php\/wp-json\/wp\/v2\/media\/398"}],"wp:attachment":[{"href":"https:\/\/quemcuidadocuidador.com.br\/index.php\/wp-json\/wp\/v2\/media?parent=397"}],"wp:term":[{"taxonomy":"category","embeddable":true,"href":"https:\/\/quemcuidadocuidador.com.br\/index.php\/wp-json\/wp\/v2\/categories?post=397"},{"taxonomy":"post_tag","embeddable":true,"href":"https:\/\/quemcuidadocuidador.com.br\/index.php\/wp-json\/wp\/v2\/tags?post=397"}],"curies":[{"name":"wp","href":"https:\/\/api.w.org\/{rel}","templated":true}]}}