{"id":388,"date":"2022-10-22T08:00:25","date_gmt":"2022-10-22T12:00:25","guid":{"rendered":"https:\/\/quemcuidadocuidador.com.br\/?p=388"},"modified":"2022-10-22T08:00:26","modified_gmt":"2022-10-22T12:00:26","slug":"equilibrio-entre-luzes-e-sombras","status":"publish","type":"post","link":"https:\/\/quemcuidadocuidador.com.br\/index.php\/2022\/10\/22\/equilibrio-entre-luzes-e-sombras\/","title":{"rendered":"Equil\u00edbrio entre luzes e sombras"},"content":{"rendered":"\n<p>Fiquei muito feliz com os coment\u00e1rios postados no blog e no facebook, pelas pessoas que conhecem Pedro, sabem de sua f\u00e9 e do seu carisma.<\/p>\n\n\n\n<p>Das pessoas que n\u00e3o o conhecem, mas adivinham sua sensibilidade e luz.<\/p>\n\n\n\n<p>Sempre procuro mostrar o que ele tem de melhor. At\u00e9 porque, aquilo que n\u00e3o \u00e9 legal, muitos apontam o dedo e o acusam de falta de educa\u00e7\u00e3o. Muitas vezes, as pessoas n\u00e3o sabem o que \u00e9 S\u00edndrome doose. At\u00e9 mesmo m\u00e9dicos que passaram por nossas vidas a desconheciam. Falando de forma simplificada, \u00e9 uma altera\u00e7\u00e3o no cromossomo XII que causa epilepsia, al\u00e9m do espectro autista.<\/p>\n\n\n\n<p>Ambos interferem no comportamento emocional e intelectual. Tenho certeza que qualquer m\u00e3e compreende quando eu digo que h\u00e1 dias e situa\u00e7\u00f5es, que fazem com que nos sintamos cansadas, vencidas e derrotadas.<\/p>\n\n\n\n<p>Mas para sobreviver, atuamos o tempo todo. Afinal exercemos uma infinidade de pap\u00e9is, que a sociedade e nossos representantes pol\u00edticos fingem n\u00e3o perceber que eles precisam e devem contribuir para uma vida com mais qualidade, equidade e humaniza\u00e7\u00e3o. Para que n\u00f3s, que cuidamos em tempo integral, tamb\u00e9m possamos ser cuidadas.<\/p>\n\n\n\n<p>Olhem para n\u00f3s e, sejam capazes de perceber o quanto o nosso cotidiano e permeado por altos e baixos emocionais que desestabilizam nossas emo\u00e7\u00f5es tamb\u00e9m.<\/p>\n\n\n\n<p>Por mais que a gente exercite o falar baixo, eles extravasam suas frustra\u00e7\u00f5es das formas mais variadas. Gritos, \u00e0s vezes se batem pelas paredes e h\u00e1 ambientes e barulhos que os deixam alterados, em situa\u00e7\u00f5es mais graves, alguns podem at\u00e9 ficarem agressivos<\/p>\n\n\n\n<p>Meu filho desconta a maioria de suas frustra\u00e7\u00f5es com mordidas em seu bra\u00e7o direito, a pele est\u00e1 escura, com cicatrizes.<\/p>\n\n\n\n<p>Ontem observei o comportamento de uma pessoa adulta na fila da farm\u00e1cia, que aperta com tanta frequ\u00eancia a ponta da orelha direita, que a mesma est\u00e1 machucada.<\/p>\n\n\n\n<p>Poderia elencar aqui v\u00e1rias outras situa\u00e7\u00f5es, como a dificuldade de contato f\u00edsico e a dificuldade que alguns sentem em circular por ambientes com muita gente.<\/p>\n\n\n\n<p>Outro exemplo \u00e9 a dificuldade que eles t\u00eam de sa\u00edrem da rotina, acrescentarem uma rotina nova, ou parar de falar do assunto preferido deles.<\/p>\n\n\n\n<p>Momentos h\u00e1, que n\u00f3s, os ditos normais n\u00e3o cuidamos das palavras utilizadas e isso causa uma confus\u00e3o na interpreta\u00e7\u00e3o deles.<\/p>\n\n\n\n<p>Penso que deve ser bem dif\u00edcil para uma m\u00e3e querer abra\u00e7ar o filho(a) e ele(a) recusar o toque. Por outro lado, a gente sabe que eles s\u00e3o t\u00e3o sens\u00edveis e sentem em intensidade m\u00e1xima.<\/p>\n\n\n\n<p>Por\u00e9m da mesma forma que sentimos medo e inseguran\u00e7a eles tamb\u00e9m sentem. E algumas vezes por excesso de prote\u00e7\u00e3o, temos dificuldade de deix\u00e1-los livres para experimentar o mundo.<\/p>\n\n\n\n<p>Pedro Henrique est\u00e1 com 19 anos. A cada vez que observo os jovens da idade dele, que podem ir e vir sozinhos, tento descobrir formas para que sua vida ganhe um pouco mais de funcionalidade e liberdade.<\/p>\n\n\n\n<p>Entretanto, com todo o meu empenho e amor, assim como tantas outras m\u00e3es, tamb\u00e9m me desestabilizo. Pois me sinto como um equilibrista a caminhar por uma corda bamba, ciente de que novos desafios vir\u00e3o. Por\u00e9m falta o tempo de pensar e construir uma estrat\u00e9gia de a\u00e7\u00e3o. Mas \u00e9 preciso agir com rapidez, em situa\u00e7\u00f5es conflituosas. \u00danica maneira de manter a harmonia.<\/p>\n\n\n\n<p>E, assim possibilitar ao meu filho se equilibrar tamb\u00e9m.<\/p>\n","protected":false},"excerpt":{"rendered":"<p>Fiquei muito feliz com os coment\u00e1rios postados no blog e no facebook, pelas pessoas que conhecem Pedro, sabem de sua f\u00e9 e do seu carisma. Das pessoas que n\u00e3o o conhecem, mas adivinham sua sensibilidade e luz. Sempre procuro mostrar o que ele tem de melhor. At\u00e9 porque, aquilo que n\u00e3o \u00e9 legal, muitos apontam &hellip;<\/p>\n<p class=\"read-more\"> <a class=\"\" href=\"https:\/\/quemcuidadocuidador.com.br\/index.php\/2022\/10\/22\/equilibrio-entre-luzes-e-sombras\/\"> <span class=\"screen-reader-text\">Equil\u00edbrio entre luzes e sombras<\/span> Leia mais &raquo;<\/a><\/p>\n","protected":false},"author":2,"featured_media":389,"comment_status":"open","ping_status":"open","sticky":false,"template":"","format":"standard","meta":{"om_disable_all_campaigns":false,"_monsterinsights_skip_tracking":false,"_monsterinsights_sitenote_active":false,"_monsterinsights_sitenote_note":"","_monsterinsights_sitenote_category":0,"site-sidebar-layout":"","site-content-layout":"","ast-main-header-display":"","ast-hfb-above-header-display":"","ast-hfb-below-header-display":"","ast-hfb-mobile-header-display":"","site-post-title":"","ast-breadcrumbs-content":"","ast-featured-img":"","footer-sml-layout":"","theme-transparent-header-meta":"","adv-header-id-meta":"","stick-header-meta":"","header-above-stick-meta":"","header-main-stick-meta":"","header-below-stick-meta":""},"categories":[5],"tags":[],"uagb_featured_image_src":{"full":["https:\/\/quemcuidadocuidador.com.br\/wp-content\/uploads\/2022\/10\/dyu-ha-nGo-UVGKAxI-unsplash-scaled.jpg",2560,2560,false],"thumbnail":["https:\/\/quemcuidadocuidador.com.br\/wp-content\/uploads\/2022\/10\/dyu-ha-nGo-UVGKAxI-unsplash-scaled.jpg",150,150,false],"medium":["https:\/\/quemcuidadocuidador.com.br\/wp-content\/uploads\/2022\/10\/dyu-ha-nGo-UVGKAxI-unsplash-300x300.jpg",300,300,true],"medium_large":["https:\/\/quemcuidadocuidador.com.br\/wp-content\/uploads\/2022\/10\/dyu-ha-nGo-UVGKAxI-unsplash-scaled.jpg",768,768,false],"large":["https:\/\/quemcuidadocuidador.com.br\/wp-content\/uploads\/2022\/10\/dyu-ha-nGo-UVGKAxI-unsplash-scaled.jpg",1024,1024,false],"1536x1536":["https:\/\/quemcuidadocuidador.com.br\/wp-content\/uploads\/2022\/10\/dyu-ha-nGo-UVGKAxI-unsplash-scaled.jpg",1536,1536,false],"2048x2048":["https:\/\/quemcuidadocuidador.com.br\/wp-content\/uploads\/2022\/10\/dyu-ha-nGo-UVGKAxI-unsplash-scaled.jpg",2048,2048,false]},"uagb_author_info":{"display_name":"Cicera A Feitosa","author_link":"https:\/\/quemcuidadocuidador.com.br\/index.php\/author\/cicera\/"},"uagb_comment_info":2,"uagb_excerpt":"Fiquei muito feliz com os coment\u00e1rios postados no blog e no facebook, pelas pessoas que conhecem Pedro, sabem de sua f\u00e9 e do seu carisma. Das pessoas que n\u00e3o o conhecem, mas adivinham sua sensibilidade e luz. Sempre procuro mostrar o que ele tem de melhor. At\u00e9 porque, aquilo que n\u00e3o \u00e9 legal, muitos apontam&hellip;","_links":{"self":[{"href":"https:\/\/quemcuidadocuidador.com.br\/index.php\/wp-json\/wp\/v2\/posts\/388"}],"collection":[{"href":"https:\/\/quemcuidadocuidador.com.br\/index.php\/wp-json\/wp\/v2\/posts"}],"about":[{"href":"https:\/\/quemcuidadocuidador.com.br\/index.php\/wp-json\/wp\/v2\/types\/post"}],"author":[{"embeddable":true,"href":"https:\/\/quemcuidadocuidador.com.br\/index.php\/wp-json\/wp\/v2\/users\/2"}],"replies":[{"embeddable":true,"href":"https:\/\/quemcuidadocuidador.com.br\/index.php\/wp-json\/wp\/v2\/comments?post=388"}],"version-history":[{"count":1,"href":"https:\/\/quemcuidadocuidador.com.br\/index.php\/wp-json\/wp\/v2\/posts\/388\/revisions"}],"predecessor-version":[{"id":391,"href":"https:\/\/quemcuidadocuidador.com.br\/index.php\/wp-json\/wp\/v2\/posts\/388\/revisions\/391"}],"wp:featuredmedia":[{"embeddable":true,"href":"https:\/\/quemcuidadocuidador.com.br\/index.php\/wp-json\/wp\/v2\/media\/389"}],"wp:attachment":[{"href":"https:\/\/quemcuidadocuidador.com.br\/index.php\/wp-json\/wp\/v2\/media?parent=388"}],"wp:term":[{"taxonomy":"category","embeddable":true,"href":"https:\/\/quemcuidadocuidador.com.br\/index.php\/wp-json\/wp\/v2\/categories?post=388"},{"taxonomy":"post_tag","embeddable":true,"href":"https:\/\/quemcuidadocuidador.com.br\/index.php\/wp-json\/wp\/v2\/tags?post=388"}],"curies":[{"name":"wp","href":"https:\/\/api.w.org\/{rel}","templated":true}]}}