{"id":384,"date":"2022-10-15T05:22:00","date_gmt":"2022-10-15T09:22:00","guid":{"rendered":"https:\/\/quemcuidadocuidador.com.br\/?p=384"},"modified":"2022-10-15T05:22:02","modified_gmt":"2022-10-15T09:22:02","slug":"novas-fatias-de-alegria","status":"publish","type":"post","link":"https:\/\/quemcuidadocuidador.com.br\/index.php\/2022\/10\/15\/novas-fatias-de-alegria\/","title":{"rendered":"Novas fatias de alegria"},"content":{"rendered":"\n<p>Quarta-feira foi dia de Nossa Senhora Aparecida, choveu boa parte do dia, minha irm\u00e3 chegou a perguntar o que eu ia fazer se continuasse chovendo. Disse a ela que mesmo com chuva eu iria na prociss\u00e3o. Pois andar na chuva seria bem mais f\u00e1cil, que explicar para Pedro o n\u00e3o ir por estar chovendo.<\/p>\n\n\n\n<p>Por\u00e9m quando foi na hora de irmos para a prociss\u00e3o a chuva parou. Foi t\u00e3o em cima da hora que a prociss\u00e3o aconteceu sem o carro de som. Certamente porque os organizadores tamb\u00e9m n\u00e3o sabiam se a chuva iria parar ou se continuaria.<\/p>\n\n\n\n<p>&nbsp;O rio Paraguai est\u00e1 lindo, com a \u00e1gua a caminhar sobre as margens lentamente. Apreciei essa paisagem linda enquanto aguard\u00e1vamos a chegada da santa de barco.<\/p>\n\n\n\n<p>Confesso que gostei de participar de uma prociss\u00e3o mais silenciosa. Ouv\u00edamos os c\u00e2nticos e as ora\u00e7\u00f5es feitas pr\u00f3ximas. Claro que Pedro cantou com potencia m\u00e1xima, o que atraia alguns olhares.<\/p>\n\n\n\n<p>Em meio \u00e0 multid\u00e3o era poss\u00edvel ouvir o som dos cal\u00e7ados ao atritarem com os gr\u00e3os de areia e terra no asfalto, ou o&nbsp;&nbsp; espalhar de \u00e1gua quando algu\u00e9m despercebido mergulhava o p\u00e9 numa po\u00e7a de \u00e1gua. E havia v\u00e1rias pelo caminho.<\/p>\n\n\n\n<p>Algumas crian\u00e7as vestidas de anjinhos, outras pessoas a carregar suas imagens.&nbsp; E de repente percebi o quanto a vida deve ser bem mais f\u00e1cil para as pessoas que t\u00eam f\u00e9,<\/p>\n\n\n\n<p>Como deve ser bom entregar os problemas e angustias nas m\u00e3os daquela, em que eles acreditam que pode interceder junto ao Pai, e eles, os fi\u00e9is, ter\u00e3o todos as solicita\u00e7\u00f5es atendidas.<\/p>\n\n\n\n<p>Procuro me esfor\u00e7ar todos os dias para que a f\u00e9 de Pedro permita a ele continuar cheio de sonho, esperan\u00e7a e ser muito, muito feliz.<\/p>\n\n\n\n<p>Pois sua f\u00e9 e alegria contagiantes espalham-se por onde passa e ele est\u00e1 sempre a fazer novos amigos. De vez em quando atropela-os com liga\u00e7\u00f5es intermin\u00e1veis.<\/p>\n\n\n\n<p>O incr\u00edvel que na hora de escolher os amigos ele \u00e9 t\u00e3o seletivo que em 19 anos de exist\u00eancia, suas escolhas s\u00e3o assertivas.<\/p>\n\n\n\n<p>Meu filho no espa\u00e7o da igreja \u00e9 popular e tem muito carisma.<\/p>\n\n\n\n<p>Como seu hiper foco \u00e9 a igreja e os santos, ele acaba sabendo de praticamente todos os eventos religiosos.<\/p>\n\n\n\n<p>Claro que n\u00e3o consigo participar de todos com Pedro. Mas quando vou me esfor\u00e7o para que seja um momento especial para ele. Aninha, sua madrinha de Crisma, mantem algumas datas dispon\u00edveis para acompanha-lo nas prociss\u00f5es. Essa parceria de apoio vem de longa data.&nbsp; Sou grata.<\/p>\n\n\n\n<p>E sei que eu e Pedro somos abra\u00e7ados por toda a fam\u00edlia da Aninha.<\/p>\n","protected":false},"excerpt":{"rendered":"<p>Quarta-feira foi dia de Nossa Senhora Aparecida, choveu boa parte do dia, minha irm\u00e3 chegou a perguntar o que eu ia fazer se continuasse chovendo. Disse a ela que mesmo com chuva eu iria na prociss\u00e3o. Pois andar na chuva seria bem mais f\u00e1cil, que explicar para Pedro o n\u00e3o ir por estar chovendo. Por\u00e9m &hellip;<\/p>\n<p class=\"read-more\"> <a class=\"\" href=\"https:\/\/quemcuidadocuidador.com.br\/index.php\/2022\/10\/15\/novas-fatias-de-alegria\/\"> <span class=\"screen-reader-text\">Novas fatias de alegria<\/span> Leia mais &raquo;<\/a><\/p>\n","protected":false},"author":2,"featured_media":385,"comment_status":"open","ping_status":"open","sticky":false,"template":"","format":"standard","meta":{"om_disable_all_campaigns":false,"_monsterinsights_skip_tracking":false,"_monsterinsights_sitenote_active":false,"_monsterinsights_sitenote_note":"","_monsterinsights_sitenote_category":0,"site-sidebar-layout":"","site-content-layout":"","ast-main-header-display":"","ast-hfb-above-header-display":"","ast-hfb-below-header-display":"","ast-hfb-mobile-header-display":"","site-post-title":"","ast-breadcrumbs-content":"","ast-featured-img":"","footer-sml-layout":"","theme-transparent-header-meta":"","adv-header-id-meta":"","stick-header-meta":"","header-above-stick-meta":"","header-main-stick-meta":"","header-below-stick-meta":""},"categories":[5],"tags":[],"uagb_featured_image_src":{"full":["https:\/\/quemcuidadocuidador.com.br\/wp-content\/uploads\/2022\/10\/WhatsApp-Image-2022-10-14-at-20.11.52.jpeg",768,1024,false],"thumbnail":["https:\/\/quemcuidadocuidador.com.br\/wp-content\/uploads\/2022\/10\/WhatsApp-Image-2022-10-14-at-20.11.52-150x150.jpeg",150,150,true],"medium":["https:\/\/quemcuidadocuidador.com.br\/wp-content\/uploads\/2022\/10\/WhatsApp-Image-2022-10-14-at-20.11.52-225x300.jpeg",225,300,true],"medium_large":["https:\/\/quemcuidadocuidador.com.br\/wp-content\/uploads\/2022\/10\/WhatsApp-Image-2022-10-14-at-20.11.52.jpeg",768,1024,false],"large":["https:\/\/quemcuidadocuidador.com.br\/wp-content\/uploads\/2022\/10\/WhatsApp-Image-2022-10-14-at-20.11.52.jpeg",768,1024,false],"1536x1536":["https:\/\/quemcuidadocuidador.com.br\/wp-content\/uploads\/2022\/10\/WhatsApp-Image-2022-10-14-at-20.11.52.jpeg",768,1024,false],"2048x2048":["https:\/\/quemcuidadocuidador.com.br\/wp-content\/uploads\/2022\/10\/WhatsApp-Image-2022-10-14-at-20.11.52.jpeg",768,1024,false]},"uagb_author_info":{"display_name":"Cicera A Feitosa","author_link":"https:\/\/quemcuidadocuidador.com.br\/index.php\/author\/cicera\/"},"uagb_comment_info":9,"uagb_excerpt":"Quarta-feira foi dia de Nossa Senhora Aparecida, choveu boa parte do dia, minha irm\u00e3 chegou a perguntar o que eu ia fazer se continuasse chovendo. Disse a ela que mesmo com chuva eu iria na prociss\u00e3o. Pois andar na chuva seria bem mais f\u00e1cil, que explicar para Pedro o n\u00e3o ir por estar chovendo. Por\u00e9m&hellip;","_links":{"self":[{"href":"https:\/\/quemcuidadocuidador.com.br\/index.php\/wp-json\/wp\/v2\/posts\/384"}],"collection":[{"href":"https:\/\/quemcuidadocuidador.com.br\/index.php\/wp-json\/wp\/v2\/posts"}],"about":[{"href":"https:\/\/quemcuidadocuidador.com.br\/index.php\/wp-json\/wp\/v2\/types\/post"}],"author":[{"embeddable":true,"href":"https:\/\/quemcuidadocuidador.com.br\/index.php\/wp-json\/wp\/v2\/users\/2"}],"replies":[{"embeddable":true,"href":"https:\/\/quemcuidadocuidador.com.br\/index.php\/wp-json\/wp\/v2\/comments?post=384"}],"version-history":[{"count":1,"href":"https:\/\/quemcuidadocuidador.com.br\/index.php\/wp-json\/wp\/v2\/posts\/384\/revisions"}],"predecessor-version":[{"id":386,"href":"https:\/\/quemcuidadocuidador.com.br\/index.php\/wp-json\/wp\/v2\/posts\/384\/revisions\/386"}],"wp:featuredmedia":[{"embeddable":true,"href":"https:\/\/quemcuidadocuidador.com.br\/index.php\/wp-json\/wp\/v2\/media\/385"}],"wp:attachment":[{"href":"https:\/\/quemcuidadocuidador.com.br\/index.php\/wp-json\/wp\/v2\/media?parent=384"}],"wp:term":[{"taxonomy":"category","embeddable":true,"href":"https:\/\/quemcuidadocuidador.com.br\/index.php\/wp-json\/wp\/v2\/categories?post=384"},{"taxonomy":"post_tag","embeddable":true,"href":"https:\/\/quemcuidadocuidador.com.br\/index.php\/wp-json\/wp\/v2\/tags?post=384"}],"curies":[{"name":"wp","href":"https:\/\/api.w.org\/{rel}","templated":true}]}}