{"id":379,"date":"2022-10-08T06:31:44","date_gmt":"2022-10-08T10:31:44","guid":{"rendered":"https:\/\/quemcuidadocuidador.com.br\/?p=379"},"modified":"2022-10-08T06:31:46","modified_gmt":"2022-10-08T10:31:46","slug":"borboletas-obstaculos-e-espetaculos","status":"publish","type":"post","link":"https:\/\/quemcuidadocuidador.com.br\/index.php\/2022\/10\/08\/borboletas-obstaculos-e-espetaculos\/","title":{"rendered":"Borboletas, obst\u00e1culos e espet\u00e1culos"},"content":{"rendered":"\n<p><em>&nbsp;&nbsp;&nbsp;&nbsp;&nbsp;&nbsp;&nbsp;&nbsp;&nbsp;&nbsp;&nbsp;&nbsp;&nbsp;&nbsp;&nbsp;&nbsp;&nbsp;&nbsp;&nbsp;&nbsp;&nbsp;&nbsp;&nbsp;&nbsp;&nbsp;&nbsp;&nbsp;&nbsp;&nbsp;&nbsp;&nbsp;&nbsp;&nbsp;&nbsp;&nbsp;&nbsp;&nbsp;&nbsp;&nbsp;&nbsp;&nbsp;&nbsp;&nbsp;&nbsp;&nbsp;&nbsp;&nbsp;&nbsp;&nbsp;&nbsp;&nbsp;&nbsp;&nbsp;&nbsp;&nbsp;&nbsp; <strong>\u201cQuanto maior for \u00e0 luta, maior ser\u00e1 o sucesso\u201d.<\/strong><\/em><\/p>\n\n\n\n<p>N\u00e3o sei informar quem \u00e9 o autor que disse a frase do t\u00edtulo, mas posso indicar em que v\u00eddeo no Youtube voc\u00eas ir\u00e3o encontr\u00e1-la. A princ\u00edpio me assustei com as imagens e cheguei a me lembrar do circo dos horrores do passado. Mas, \u00e0 medida que assistia, confesso que me senti impactada com a transforma\u00e7\u00e3o pela qual passam os personagens, em especial o Will.\u00a0 Convido voc\u00ea a experimentar essa emo\u00e7\u00e3o assistindo \u201cCirco das borboletas\u201d.<\/p>\n\n\n\n<p>Garanto que depois de assistir voc\u00ea ir\u00e1 reclamar bem menos. E, aprender\u00e1 a pensar em alternativas para resolver seus problemas, sejam eles quais forem.<\/p>\n\n\n\n<p>Pautamos nossas vidas de acordo com nossas cren\u00e7as. Se acreditamos que n\u00e3o somos capazes e nos acomodamos, realmente n\u00e3o seremos capazes.<\/p>\n\n\n\n<p>&nbsp;Entretanto quando acreditamos que somos capazes e nos movemos no sentido de vencer os obst\u00e1culos que v\u00e3o surgindo pelo caminho, encontramos solu\u00e7\u00f5es inimagin\u00e1veis, as quais muitas vezes, sequer t\u00ednhamos pensado ser conceb\u00edveis.<\/p>\n\n\n\n<p>&nbsp;\u00c0s vezes precisamos que o outro indique o caminho. Outras vezes precisamos que o outro ignore nosso pedido de socorro. Para testarmos todas as possibilidades poss\u00edveis pois, assim nossas conquistas ter\u00e3o sabor de vit\u00f3ria e teremos coragem de nos impulsionarmos para voos mais altos, para conquistas maiores.<\/p>\n\n\n\n<p>&nbsp;E, o medo de experimentar o novo est\u00e1 presente no dia a dia daquele que tem defici\u00eancia e, tamb\u00e9m daquele que n\u00e3o tem.<\/p>\n\n\n\n<p>Afinal quando acreditarmos que somos capazes de darmos o pr\u00f3ximo passo, nem sempre \u00e9 f\u00e1cil. Pois temos o h\u00e1bito de reclamar e de permanecermos na zona de conforto. Observar o personagem Will a vencer os obst\u00e1culos, \u00e9 semelhante a observarmos o ciclo de vida de uma borboleta e vermos suas transforma\u00e7\u00f5es.<\/p>\n\n\n\n<p>O mais importante nessa hist\u00f3ria \u00e9 que ele ap\u00f3s vencer o obst\u00e1culo de nadar sem bra\u00e7os e pernas, transformou isso num espet\u00e1culo, vencendo obst\u00e1culos maiores e sendo um exemplo de supera\u00e7\u00e3o e coragem para todos os expectadores que aguardavam com a respira\u00e7\u00e3o suspensa a realiza\u00e7\u00e3o de seu n\u00famero.<\/p>\n\n\n\n<p>Qual tem sido a sua luta? Ela lhe trar\u00e1 sucesso, assim como alcan\u00e7ou o personagem Will?&nbsp; Ser\u00e1s um exemplo de supera\u00e7\u00e3o?<\/p>\n\n\n\n<p>Qual a transforma\u00e7\u00e3o que estamos imprimindo \u00e0 nossa vida, pela qual no futuro poderemos ser lembrados? Gosto de pensar nas a\u00e7\u00f5es de Madre Tereza e S\u00e3o Francisco de Assis. Estes s\u00e3o nomes conhecidos pelo mundo inteiro e que come\u00e7aram sua jornada com pequenas coisas.<\/p>\n\n\n\n<p>Tenho certeza que, se dermos uma olhada a nossa volta, encontraremos pessoas a darem sua contribui\u00e7\u00e3o para a constru\u00e7\u00e3o de um mundo bem melhor. O mais importante, com a\u00e7\u00f5es m\u00ednimas<\/p>\n\n\n\n<p>J\u00e1 aprendemos a parar de julgar as a\u00e7\u00f5es do outro e as nossas? Somos capazes de levar uma palavra de carinho e respeito para nosso semelhante? Procuramos resolver nossos problemas ou ainda esperamos que o outro encontre as solu\u00e7\u00f5es? Qual a nossa independ\u00eancia em rela\u00e7\u00e3o ao outro quando precisamos tomar alguma decis\u00e3o? O que temos feito que contribui para o bem-estar das pessoas, plantas e animais a nossa volta?<\/p>\n\n\n\n<p>Somos capazes de abra\u00e7armos o diferente? Antes e durante o processo de supera\u00e7\u00e3o, a acolhida atrav\u00e9s de um abra\u00e7o pode significar muito.<\/p>\n\n\n\n<p>Quem voc\u00ea abra\u00e7ou hoje?<\/p>\n\n\n\n<p>Estou ficando viciada em fazer empr\u00e9stimos de frases e v\u00eddeos.\u00a0 Esse \u00e9 pequeno, mas seus personagens passam por transforma\u00e7\u00f5es que ultrapassam a tela e nos inspiram a vencermos nossas limita\u00e7\u00f5es.<\/p>\n\n\n\n<figure class=\"wp-block-embed is-type-video is-provider-youtube wp-block-embed-youtube wp-embed-aspect-16-9 wp-has-aspect-ratio\"><div class=\"wp-block-embed__wrapper\">\n<div class=\"ast-oembed-container\"><iframe loading=\"lazy\" title=\"Circo das Borboletas - HD (Legendado portugu\u00eas)\" width=\"500\" height=\"281\" src=\"https:\/\/www.youtube.com\/embed\/ZQc8DWekUeQ?feature=oembed\" frameborder=\"0\" allow=\"accelerometer; autoplay; clipboard-write; encrypted-media; gyroscope; picture-in-picture\" allowfullscreen><\/iframe><\/div>\n<\/div><\/figure>\n","protected":false},"excerpt":{"rendered":"<p>&nbsp;&nbsp;&nbsp;&nbsp;&nbsp;&nbsp;&nbsp;&nbsp;&nbsp;&nbsp;&nbsp;&nbsp;&nbsp;&nbsp;&nbsp;&nbsp;&nbsp;&nbsp;&nbsp;&nbsp;&nbsp;&nbsp;&nbsp;&nbsp;&nbsp;&nbsp;&nbsp;&nbsp;&nbsp;&nbsp;&nbsp;&nbsp;&nbsp;&nbsp;&nbsp;&nbsp;&nbsp;&nbsp;&nbsp;&nbsp;&nbsp;&nbsp;&nbsp;&nbsp;&nbsp;&nbsp;&nbsp;&nbsp;&nbsp;&nbsp;&nbsp;&nbsp;&nbsp;&nbsp;&nbsp;&nbsp; \u201cQuanto maior for \u00e0 luta, maior ser\u00e1 o sucesso\u201d. N\u00e3o sei informar quem \u00e9 o autor que disse a frase do t\u00edtulo, mas posso indicar em que v\u00eddeo no Youtube voc\u00eas ir\u00e3o encontr\u00e1-la. A princ\u00edpio me assustei com as imagens e cheguei a me lembrar do circo dos horrores do passado. Mas, \u00e0 medida &hellip;<\/p>\n<p class=\"read-more\"> <a class=\"\" href=\"https:\/\/quemcuidadocuidador.com.br\/index.php\/2022\/10\/08\/borboletas-obstaculos-e-espetaculos\/\"> <span class=\"screen-reader-text\">Borboletas, obst\u00e1culos e espet\u00e1culos<\/span> Leia mais &raquo;<\/a><\/p>\n","protected":false},"author":2,"featured_media":380,"comment_status":"open","ping_status":"open","sticky":false,"template":"","format":"standard","meta":{"om_disable_all_campaigns":false,"_monsterinsights_skip_tracking":false,"_monsterinsights_sitenote_active":false,"_monsterinsights_sitenote_note":"","_monsterinsights_sitenote_category":0,"site-sidebar-layout":"","site-content-layout":"","ast-main-header-display":"","ast-hfb-above-header-display":"","ast-hfb-below-header-display":"","ast-hfb-mobile-header-display":"","site-post-title":"","ast-breadcrumbs-content":"","ast-featured-img":"","footer-sml-layout":"","theme-transparent-header-meta":"","adv-header-id-meta":"","stick-header-meta":"","header-above-stick-meta":"","header-main-stick-meta":"","header-below-stick-meta":""},"categories":[5],"tags":[],"uagb_featured_image_src":{"full":["https:\/\/quemcuidadocuidador.com.br\/wp-content\/uploads\/2022\/10\/drz-__-N_INAlQoO6Y-unsplash-scaled.jpg",1707,2560,false],"thumbnail":["https:\/\/quemcuidadocuidador.com.br\/wp-content\/uploads\/2022\/10\/drz-__-N_INAlQoO6Y-unsplash-150x150.jpg",150,150,true],"medium":["https:\/\/quemcuidadocuidador.com.br\/wp-content\/uploads\/2022\/10\/drz-__-N_INAlQoO6Y-unsplash-200x300.jpg",200,300,true],"medium_large":["https:\/\/quemcuidadocuidador.com.br\/wp-content\/uploads\/2022\/10\/drz-__-N_INAlQoO6Y-unsplash-768x1152.jpg",768,1152,true],"large":["https:\/\/quemcuidadocuidador.com.br\/wp-content\/uploads\/2022\/10\/drz-__-N_INAlQoO6Y-unsplash-683x1024.jpg",683,1024,true],"1536x1536":["https:\/\/quemcuidadocuidador.com.br\/wp-content\/uploads\/2022\/10\/drz-__-N_INAlQoO6Y-unsplash-scaled.jpg",1024,1536,false],"2048x2048":["https:\/\/quemcuidadocuidador.com.br\/wp-content\/uploads\/2022\/10\/drz-__-N_INAlQoO6Y-unsplash-scaled.jpg",1366,2048,false]},"uagb_author_info":{"display_name":"Cicera A Feitosa","author_link":"https:\/\/quemcuidadocuidador.com.br\/index.php\/author\/cicera\/"},"uagb_comment_info":10,"uagb_excerpt":"&nbsp;&nbsp;&nbsp;&nbsp;&nbsp;&nbsp;&nbsp;&nbsp;&nbsp;&nbsp;&nbsp;&nbsp;&nbsp;&nbsp;&nbsp;&nbsp;&nbsp;&nbsp;&nbsp;&nbsp;&nbsp;&nbsp;&nbsp;&nbsp;&nbsp;&nbsp;&nbsp;&nbsp;&nbsp;&nbsp;&nbsp;&nbsp;&nbsp;&nbsp;&nbsp;&nbsp;&nbsp;&nbsp;&nbsp;&nbsp;&nbsp;&nbsp;&nbsp;&nbsp;&nbsp;&nbsp;&nbsp;&nbsp;&nbsp;&nbsp;&nbsp;&nbsp;&nbsp;&nbsp;&nbsp;&nbsp; \u201cQuanto maior for \u00e0 luta, maior ser\u00e1 o sucesso\u201d. N\u00e3o sei informar quem \u00e9 o autor que disse a frase do t\u00edtulo, mas posso indicar em que v\u00eddeo no Youtube voc\u00eas ir\u00e3o encontr\u00e1-la. A princ\u00edpio me assustei com as imagens e cheguei a me lembrar do circo dos horrores do passado. Mas, \u00e0 medida&hellip;","_links":{"self":[{"href":"https:\/\/quemcuidadocuidador.com.br\/index.php\/wp-json\/wp\/v2\/posts\/379"}],"collection":[{"href":"https:\/\/quemcuidadocuidador.com.br\/index.php\/wp-json\/wp\/v2\/posts"}],"about":[{"href":"https:\/\/quemcuidadocuidador.com.br\/index.php\/wp-json\/wp\/v2\/types\/post"}],"author":[{"embeddable":true,"href":"https:\/\/quemcuidadocuidador.com.br\/index.php\/wp-json\/wp\/v2\/users\/2"}],"replies":[{"embeddable":true,"href":"https:\/\/quemcuidadocuidador.com.br\/index.php\/wp-json\/wp\/v2\/comments?post=379"}],"version-history":[{"count":1,"href":"https:\/\/quemcuidadocuidador.com.br\/index.php\/wp-json\/wp\/v2\/posts\/379\/revisions"}],"predecessor-version":[{"id":382,"href":"https:\/\/quemcuidadocuidador.com.br\/index.php\/wp-json\/wp\/v2\/posts\/379\/revisions\/382"}],"wp:featuredmedia":[{"embeddable":true,"href":"https:\/\/quemcuidadocuidador.com.br\/index.php\/wp-json\/wp\/v2\/media\/380"}],"wp:attachment":[{"href":"https:\/\/quemcuidadocuidador.com.br\/index.php\/wp-json\/wp\/v2\/media?parent=379"}],"wp:term":[{"taxonomy":"category","embeddable":true,"href":"https:\/\/quemcuidadocuidador.com.br\/index.php\/wp-json\/wp\/v2\/categories?post=379"},{"taxonomy":"post_tag","embeddable":true,"href":"https:\/\/quemcuidadocuidador.com.br\/index.php\/wp-json\/wp\/v2\/tags?post=379"}],"curies":[{"name":"wp","href":"https:\/\/api.w.org\/{rel}","templated":true}]}}