{"id":375,"date":"2022-10-01T06:26:56","date_gmt":"2022-10-01T10:26:56","guid":{"rendered":"https:\/\/quemcuidadocuidador.com.br\/?p=375"},"modified":"2022-10-01T06:26:57","modified_gmt":"2022-10-01T10:26:57","slug":"voce-ja-disse-oba-hoje","status":"publish","type":"post","link":"https:\/\/quemcuidadocuidador.com.br\/index.php\/2022\/10\/01\/voce-ja-disse-oba-hoje\/","title":{"rendered":"Voc\u00ea j\u00e1 disse OBA hoje?"},"content":{"rendered":"\n<p>Podemos aprender e come\u00e7ar a dizer imediatamente, se observarmos as crian\u00e7as veremos que elas dizem essa palavra com muito mais frequ\u00eancia que n\u00f3s adultos. Elas quando fazem uma escolha n\u00e3o ficam horas remoendo se aquilo est\u00e1 certo ou errado, \u00e9 apenas uma escolha e aceitam.<\/p>\n\n\n\n<p>Hoje, estou a pegar a palavra OBA do autor Robert Happ\u00e9 emprestada, em conjunto com seu significado.&nbsp; Pois ele afirma que quando conseguimos falar oba \u201cestamos prontos para observar uma situa\u00e7\u00e3o, para balancear o que est\u00e1 acontecendo, e para aceitar.\u201d<\/p>\n\n\n\n<p>Quando temos filhos diferentes das expectativas que constru\u00edmos, enquanto esper\u00e1vamos pela chegada deles e faz\u00edamos planos para o futuro, precisamos aprender que tudo acontece da forma que pode ser.<\/p>\n\n\n\n<p>Ent\u00e3o nosso exerc\u00edcio cotidiano como m\u00e3es e cuidadoras \u00e9 observar, balancear e aceitar as a\u00e7\u00f5es poss\u00edveis. E aqui n\u00e3o estou falando de comodismo e limitar a\u00e7\u00f5es que, \u00e0s vezes j\u00e1 s\u00e3o bem limitadas. Mas, nesse balancear, ter percep\u00e7\u00e3o do que \u00e9 poss\u00edvel ser feito naquele momento.<\/p>\n\n\n\n<p>Precisamos todos os dias fazer o exerc\u00edcio do que mais \u00e9 poss\u00edvel? Pois algumas pessoas acham c\u00f4modo e confort\u00e1vel o n\u00e3o fazer nada. Afinal o ensinar d\u00e1 muito trabalho, e a repeti\u00e7\u00e3o \u00e9 bem cansativa. Concordo que \u00e9 mais f\u00e1cil e r\u00e1pido fazer por eles. Mas quando fazemos isso, estamos tirando de nossos filhos o direito de constru\u00edrem autonomia nas atividades b\u00e1sicas do dia a dia.<\/p>\n\n\n\n<p>Como m\u00e3e e cuidadora acredito que n\u00e3o viva um \u00fanico dia sem pensar no futuro, e em como ser\u00e1 a vida de meu filho.<\/p>\n\n\n\n<p>Posso dizer que no momento atual, estou sempre proporcionando situa\u00e7\u00f5es para que ele diga \u201coba\u201d, mas como posso esperar que no futuro, algu\u00e9m que n\u00e3o o conhe\u00e7a fa\u00e7a o mesmo?<\/p>\n\n\n\n<p>Ao longo dos anos tenho observado que meu filho consegue ser alegre e bem humorado, e as pessoas que se permitiram fazer amizade com ele, se divertem muito no conv\u00edvio com Pedro Henrique, pois embora seu hiper foco seja tudo relacionado a santos e \u00e0s celebra\u00e7\u00f5es da igreja cat\u00f3lica, de vez em quando ele tem um humor surpreendente.<\/p>\n\n\n\n<p>Passamos o final de semana no s\u00edtio de um casal de amigos e, em frente \u00e0 casa tem um tanque de peixes e ao redor do tanque grama, que nesse per\u00edodo de seca precisa ser aguada. Pedro olhou para o Dulc\u00eddio de chap\u00e9u e botina e soltou:<\/p>\n\n\n\n<p>\u2500 Olha l\u00e1 o \u201cMazzaropi\u201d.<\/p>\n\n\n\n<p>Fl\u00e1via em sonoras gargalhadas ajudou.<\/p>\n\n\n\n<p>\u2500 Pedro, sabe que parece mesmo!<\/p>\n\n\n\n<p>Rimos da naturalidade como Pedro se expressou, sem filtro. Ali\u00e1s, essa \u00e9 uma de suas caracter\u00edsticas. O que o torna extremamente verdadeiro, para expressar o que gosta e o que n\u00e3o gosta, tamb\u00e9m.<\/p>\n\n\n\n<p>Outro momento memor\u00e1vel foi quando decidimos ir para o c\u00f3rrego, ouvimos dele um outro OBA! At\u00e9 Scotty, o cachorro aproveitou o calor para tamb\u00e9m se refrescar. Os dois esparramaram \u00e1gua para todos os lados.<\/p>\n\n\n\n<p>Meu filho fala oba com frequ\u00eancia, mas eu, estou assim como voc\u00ea, aprendendo a dizer oba.<\/p>\n\n\n\n<p>Ent\u00e3o vamos exercitar mais, pois a caminhada \u00e9 longa, e com amor e sabedoria podemos torn\u00e1-la bela e leve, com muitos OBA, espalhados pelo caminho.<\/p>\n","protected":false},"excerpt":{"rendered":"<p>Podemos aprender e come\u00e7ar a dizer imediatamente, se observarmos as crian\u00e7as veremos que elas dizem essa palavra com muito mais frequ\u00eancia que n\u00f3s adultos. Elas quando fazem uma escolha n\u00e3o ficam horas remoendo se aquilo est\u00e1 certo ou errado, \u00e9 apenas uma escolha e aceitam. Hoje, estou a pegar a palavra OBA do autor Robert &hellip;<\/p>\n<p class=\"read-more\"> <a class=\"\" href=\"https:\/\/quemcuidadocuidador.com.br\/index.php\/2022\/10\/01\/voce-ja-disse-oba-hoje\/\"> <span class=\"screen-reader-text\">Voc\u00ea j\u00e1 disse OBA hoje?<\/span> Leia mais &raquo;<\/a><\/p>\n","protected":false},"author":2,"featured_media":376,"comment_status":"open","ping_status":"open","sticky":false,"template":"","format":"standard","meta":{"om_disable_all_campaigns":false,"_monsterinsights_skip_tracking":false,"_monsterinsights_sitenote_active":false,"_monsterinsights_sitenote_note":"","_monsterinsights_sitenote_category":0,"site-sidebar-layout":"","site-content-layout":"","ast-main-header-display":"","ast-hfb-above-header-display":"","ast-hfb-below-header-display":"","ast-hfb-mobile-header-display":"","site-post-title":"","ast-breadcrumbs-content":"","ast-featured-img":"","footer-sml-layout":"","theme-transparent-header-meta":"","adv-header-id-meta":"","stick-header-meta":"","header-above-stick-meta":"","header-main-stick-meta":"","header-below-stick-meta":""},"categories":[5],"tags":[],"uagb_featured_image_src":{"full":["https:\/\/quemcuidadocuidador.com.br\/wp-content\/uploads\/2022\/10\/WhatsApp-Image-2022-09-30-at-14.02.57.jpeg",1200,1600,false],"thumbnail":["https:\/\/quemcuidadocuidador.com.br\/wp-content\/uploads\/2022\/10\/WhatsApp-Image-2022-09-30-at-14.02.57-150x150.jpeg",150,150,true],"medium":["https:\/\/quemcuidadocuidador.com.br\/wp-content\/uploads\/2022\/10\/WhatsApp-Image-2022-09-30-at-14.02.57-225x300.jpeg",225,300,true],"medium_large":["https:\/\/quemcuidadocuidador.com.br\/wp-content\/uploads\/2022\/10\/WhatsApp-Image-2022-09-30-at-14.02.57-768x1024.jpeg",768,1024,true],"large":["https:\/\/quemcuidadocuidador.com.br\/wp-content\/uploads\/2022\/10\/WhatsApp-Image-2022-09-30-at-14.02.57-768x1024.jpeg",768,1024,true],"1536x1536":["https:\/\/quemcuidadocuidador.com.br\/wp-content\/uploads\/2022\/10\/WhatsApp-Image-2022-09-30-at-14.02.57-1152x1536.jpeg",1152,1536,true],"2048x2048":["https:\/\/quemcuidadocuidador.com.br\/wp-content\/uploads\/2022\/10\/WhatsApp-Image-2022-09-30-at-14.02.57.jpeg",1200,1600,false]},"uagb_author_info":{"display_name":"Cicera A Feitosa","author_link":"https:\/\/quemcuidadocuidador.com.br\/index.php\/author\/cicera\/"},"uagb_comment_info":9,"uagb_excerpt":"Podemos aprender e come\u00e7ar a dizer imediatamente, se observarmos as crian\u00e7as veremos que elas dizem essa palavra com muito mais frequ\u00eancia que n\u00f3s adultos. Elas quando fazem uma escolha n\u00e3o ficam horas remoendo se aquilo est\u00e1 certo ou errado, \u00e9 apenas uma escolha e aceitam. Hoje, estou a pegar a palavra OBA do autor Robert&hellip;","_links":{"self":[{"href":"https:\/\/quemcuidadocuidador.com.br\/index.php\/wp-json\/wp\/v2\/posts\/375"}],"collection":[{"href":"https:\/\/quemcuidadocuidador.com.br\/index.php\/wp-json\/wp\/v2\/posts"}],"about":[{"href":"https:\/\/quemcuidadocuidador.com.br\/index.php\/wp-json\/wp\/v2\/types\/post"}],"author":[{"embeddable":true,"href":"https:\/\/quemcuidadocuidador.com.br\/index.php\/wp-json\/wp\/v2\/users\/2"}],"replies":[{"embeddable":true,"href":"https:\/\/quemcuidadocuidador.com.br\/index.php\/wp-json\/wp\/v2\/comments?post=375"}],"version-history":[{"count":1,"href":"https:\/\/quemcuidadocuidador.com.br\/index.php\/wp-json\/wp\/v2\/posts\/375\/revisions"}],"predecessor-version":[{"id":377,"href":"https:\/\/quemcuidadocuidador.com.br\/index.php\/wp-json\/wp\/v2\/posts\/375\/revisions\/377"}],"wp:featuredmedia":[{"embeddable":true,"href":"https:\/\/quemcuidadocuidador.com.br\/index.php\/wp-json\/wp\/v2\/media\/376"}],"wp:attachment":[{"href":"https:\/\/quemcuidadocuidador.com.br\/index.php\/wp-json\/wp\/v2\/media?parent=375"}],"wp:term":[{"taxonomy":"category","embeddable":true,"href":"https:\/\/quemcuidadocuidador.com.br\/index.php\/wp-json\/wp\/v2\/categories?post=375"},{"taxonomy":"post_tag","embeddable":true,"href":"https:\/\/quemcuidadocuidador.com.br\/index.php\/wp-json\/wp\/v2\/tags?post=375"}],"curies":[{"name":"wp","href":"https:\/\/api.w.org\/{rel}","templated":true}]}}