{"id":367,"date":"2022-09-24T04:48:09","date_gmt":"2022-09-24T08:48:09","guid":{"rendered":"https:\/\/quemcuidadocuidador.com.br\/?p=367"},"modified":"2022-09-24T05:23:11","modified_gmt":"2022-09-24T09:23:11","slug":"sensacoes-de-ternura-e-leveza","status":"publish","type":"post","link":"https:\/\/quemcuidadocuidador.com.br\/index.php\/2022\/09\/24\/sensacoes-de-ternura-e-leveza\/","title":{"rendered":"Sensa\u00e7\u00f5es de ternura e leveza"},"content":{"rendered":"\n<p>Todos n\u00f3s j\u00e1 vivenciamos um dia em que tudo foi perfeito e no final do dia est\u00e1vamos felizes por tudo ter dado certo. Por outro lado, tamb\u00e9m j\u00e1 experimentamos um dia em que tudo parece dar errado. Voc\u00ea parou para analisar como estava suas emo\u00e7\u00f5es em ambas as situa\u00e7\u00f5es?<\/p>\n\n\n\n<p>Quando estamos bem emocionalmente, tudo parece fluir de forma mais leve e harmoniosa. Consequentemente, somos mais carinhosos nos gestos e nossas palavras s\u00e3o mais amorosas.<\/p>\n\n\n\n<p>Dito isso, convido voc\u00ea para refletirmos sobre o significado que cada palavra j\u00e1 traz em si e do quanto podemos imprimir poder a elas dependendo da nossa emo\u00e7\u00e3o.<\/p>\n\n\n\n<p>Qual \u00e9 o tipo de energia que estamos emanando, no ato de cuidar do outro?<\/p>\n\n\n\n<p>Sabemos que nossas m\u00e3os emitem energia, prova disso s\u00e3o as terapias que usam as m\u00e3os, como o Reiki e Barra de Acces. Ou o quanto nos sentimos bem, ap\u00f3s receber uma massagem. Lembro de Fernanda relatar que sua m\u00e3e adorava o momento ap\u00f3s o banho, quando ela passava creme em seu corpo.<\/p>\n\n\n\n<p>Todos n\u00f3s gostamos de um carinho, um abra\u00e7o. Mas quando cuidamos e emocionalmente n\u00e3o estamos bem, a pessoa que estamos cuidando pode se afastar ao nosso toque, quando estamos com raiva.<\/p>\n\n\n\n<p>Sabe por qu\u00ea? Nessa hora a energia que transmitimos deixa de ser reconfortante e harmoniosa. E o sentir do outro capta a sensa\u00e7\u00e3o de desconforto.&nbsp;<\/p>\n\n\n\n<p>Citei o exemplo da m\u00e3e da Fernanda que expressava em palavras sua alegria na hora que passavam creme em seu corpo. Meu pai, durante o banho briga e xinga, mas quando estou passando creme em seus bra\u00e7os e pernas, ele \u00e9 todo sil\u00eancio e quietude. Sei que esse \u00e9 seu jeito de demonstrar que est\u00e1 contente.<\/p>\n\n\n\n<p>&nbsp;Na verdade, \u00e9 bem dif\u00edcil de percebermos nas pessoas que cuidamos que elas est\u00e3o felizes e que s\u00e3o gratas. Na maioria das vezes, elas n\u00e3o v\u00e3o expressar em palavras. S\u00e3o pequenos gestos e a\u00e7\u00f5es e se emocionalmente n\u00e3o estivermos bem, nem percebemos.<\/p>\n\n\n\n<p>Portanto, precisamos trabalhar nossas emo\u00e7\u00f5es. Assim, seremos mais sens\u00edveis e nossa percep\u00e7\u00e3o do mundo \u00e0 nossa volta poder\u00e1 expandir. Seremos capazes de apreciar o canto dos p\u00e1ssaros, o cheiro das plantas, a beleza das flores e o ar que respiramos. Pois isso representa vida.<\/p>\n\n\n\n<p>Tudo dispon\u00edvel para n\u00f3s, por\u00e9m estamos t\u00e3o acostumados a reclamar que deixamos de notar a beleza e a alegria que o ato de cuidar nos oportuniza.<\/p>\n\n\n\n<p>Convido a todos voc\u00eas que exercem a fun\u00e7\u00e3o de cuidador, assim como eu, a desenvolver melhor o sentir. Para que nossos sensores se tornem mais h\u00e1beis a captar sensa\u00e7\u00f5es. Vindas do outro e\/ou as nossas pr\u00f3prias. Logo quando as emo\u00e7\u00f5es forem de raiva e tristeza a gente possa subtra\u00ed-las e quando forem de alegria e amor, n\u00f3s possamos expandi-las.<\/p>\n\n\n\n<p>Quando isso acontece o ato de cuidar torna-se repleto de ternura e leveza.<\/p>\n","protected":false},"excerpt":{"rendered":"<p>Todos n\u00f3s j\u00e1 vivenciamos um dia em que tudo foi perfeito e no final do dia est\u00e1vamos felizes por tudo ter dado certo. Por outro lado, tamb\u00e9m j\u00e1 experimentamos um dia em que tudo parece dar errado. Voc\u00ea parou para analisar como estava suas emo\u00e7\u00f5es em ambas as situa\u00e7\u00f5es? Quando estamos bem emocionalmente, tudo parece &hellip;<\/p>\n<p class=\"read-more\"> <a class=\"\" href=\"https:\/\/quemcuidadocuidador.com.br\/index.php\/2022\/09\/24\/sensacoes-de-ternura-e-leveza\/\"> <span class=\"screen-reader-text\">Sensa\u00e7\u00f5es de ternura e leveza<\/span> Leia mais &raquo;<\/a><\/p>\n","protected":false},"author":2,"featured_media":368,"comment_status":"open","ping_status":"open","sticky":false,"template":"","format":"standard","meta":{"om_disable_all_campaigns":false,"_monsterinsights_skip_tracking":false,"_monsterinsights_sitenote_active":false,"_monsterinsights_sitenote_note":"","_monsterinsights_sitenote_category":0,"site-sidebar-layout":"","site-content-layout":"","ast-main-header-display":"","ast-hfb-above-header-display":"","ast-hfb-below-header-display":"","ast-hfb-mobile-header-display":"","site-post-title":"","ast-breadcrumbs-content":"","ast-featured-img":"","footer-sml-layout":"","theme-transparent-header-meta":"","adv-header-id-meta":"","stick-header-meta":"","header-above-stick-meta":"","header-main-stick-meta":"","header-below-stick-meta":""},"categories":[5],"tags":[],"uagb_featured_image_src":{"full":["https:\/\/quemcuidadocuidador.com.br\/wp-content\/uploads\/2022\/09\/daiga-ellaby-3FR6E9hEYWw-unsplash-scaled.jpg",1707,2560,false],"thumbnail":["https:\/\/quemcuidadocuidador.com.br\/wp-content\/uploads\/2022\/09\/daiga-ellaby-3FR6E9hEYWw-unsplash-150x150.jpg",150,150,true],"medium":["https:\/\/quemcuidadocuidador.com.br\/wp-content\/uploads\/2022\/09\/daiga-ellaby-3FR6E9hEYWw-unsplash-200x300.jpg",200,300,true],"medium_large":["https:\/\/quemcuidadocuidador.com.br\/wp-content\/uploads\/2022\/09\/daiga-ellaby-3FR6E9hEYWw-unsplash-768x1152.jpg",768,1152,true],"large":["https:\/\/quemcuidadocuidador.com.br\/wp-content\/uploads\/2022\/09\/daiga-ellaby-3FR6E9hEYWw-unsplash-683x1024.jpg",683,1024,true],"1536x1536":["https:\/\/quemcuidadocuidador.com.br\/wp-content\/uploads\/2022\/09\/daiga-ellaby-3FR6E9hEYWw-unsplash-1024x1536.jpg",1024,1536,true],"2048x2048":["https:\/\/quemcuidadocuidador.com.br\/wp-content\/uploads\/2022\/09\/daiga-ellaby-3FR6E9hEYWw-unsplash-1365x2048.jpg",1365,2048,true]},"uagb_author_info":{"display_name":"Cicera A Feitosa","author_link":"https:\/\/quemcuidadocuidador.com.br\/index.php\/author\/cicera\/"},"uagb_comment_info":4,"uagb_excerpt":"Todos n\u00f3s j\u00e1 vivenciamos um dia em que tudo foi perfeito e no final do dia est\u00e1vamos felizes por tudo ter dado certo. Por outro lado, tamb\u00e9m j\u00e1 experimentamos um dia em que tudo parece dar errado. Voc\u00ea parou para analisar como estava suas emo\u00e7\u00f5es em ambas as situa\u00e7\u00f5es? Quando estamos bem emocionalmente, tudo parece&hellip;","_links":{"self":[{"href":"https:\/\/quemcuidadocuidador.com.br\/index.php\/wp-json\/wp\/v2\/posts\/367"}],"collection":[{"href":"https:\/\/quemcuidadocuidador.com.br\/index.php\/wp-json\/wp\/v2\/posts"}],"about":[{"href":"https:\/\/quemcuidadocuidador.com.br\/index.php\/wp-json\/wp\/v2\/types\/post"}],"author":[{"embeddable":true,"href":"https:\/\/quemcuidadocuidador.com.br\/index.php\/wp-json\/wp\/v2\/users\/2"}],"replies":[{"embeddable":true,"href":"https:\/\/quemcuidadocuidador.com.br\/index.php\/wp-json\/wp\/v2\/comments?post=367"}],"version-history":[{"count":2,"href":"https:\/\/quemcuidadocuidador.com.br\/index.php\/wp-json\/wp\/v2\/posts\/367\/revisions"}],"predecessor-version":[{"id":371,"href":"https:\/\/quemcuidadocuidador.com.br\/index.php\/wp-json\/wp\/v2\/posts\/367\/revisions\/371"}],"wp:featuredmedia":[{"embeddable":true,"href":"https:\/\/quemcuidadocuidador.com.br\/index.php\/wp-json\/wp\/v2\/media\/368"}],"wp:attachment":[{"href":"https:\/\/quemcuidadocuidador.com.br\/index.php\/wp-json\/wp\/v2\/media?parent=367"}],"wp:term":[{"taxonomy":"category","embeddable":true,"href":"https:\/\/quemcuidadocuidador.com.br\/index.php\/wp-json\/wp\/v2\/categories?post=367"},{"taxonomy":"post_tag","embeddable":true,"href":"https:\/\/quemcuidadocuidador.com.br\/index.php\/wp-json\/wp\/v2\/tags?post=367"}],"curies":[{"name":"wp","href":"https:\/\/api.w.org\/{rel}","templated":true}]}}