{"id":363,"date":"2022-09-17T04:20:42","date_gmt":"2022-09-17T08:20:42","guid":{"rendered":"https:\/\/quemcuidadocuidador.com.br\/?p=363"},"modified":"2022-09-17T04:20:44","modified_gmt":"2022-09-17T08:20:44","slug":"maos-cheias-de-amor","status":"publish","type":"post","link":"https:\/\/quemcuidadocuidador.com.br\/index.php\/2022\/09\/17\/maos-cheias-de-amor\/","title":{"rendered":"M\u00e3os cheias de amor"},"content":{"rendered":"\n<p>Falar do cotidiano do cuidador<\/p>\n\n\n\n<p>&nbsp;\u00e9 delicado.<\/p>\n\n\n\n<p>In\u00fameras tarefas inacabadas,<\/p>\n\n\n\n<p>projetos come\u00e7ados,<\/p>\n\n\n\n<p>uma massa de bolo desandada.<\/p>\n\n\n\n<p>um encontro desmarcado.<\/p>\n\n\n\n<p>uma viagem<\/p>\n\n\n\n<p>apenas sonhada&#8230;<\/p>\n\n\n\n<p>Sonhos que de repente<\/p>\n\n\n\n<p>perdem a data de validade.<\/p>\n\n\n\n<p>E, de repente<\/p>\n\n\n\n<p>voc\u00ea se v\u00ea implorando<\/p>\n\n\n\n<p>por um dia de folga.<\/p>\n\n\n\n<p>Mas, os compromissos<\/p>\n\n\n\n<p>dos outros<\/p>\n\n\n\n<p>s\u00e3o t\u00e3o mais importantes<\/p>\n\n\n\n<p>e, inadi\u00e1veis.<\/p>\n\n\n\n<p>S\u00e3o oportunidades \u00b4<\/p>\n\n\n\n<p>\u00fanicas, insubstitu\u00edveis.<\/p>\n\n\n\n<p>Quando foi<\/p>\n\n\n\n<p>que eu abri m\u00e3o<\/p>\n\n\n\n<p>de viver minha pr\u00f3pria vida.<\/p>\n\n\n\n<p>Em qual rotina<\/p>\n\n\n\n<p>esqueci a minha face?!<\/p>\n\n\n\n<p>Para voc\u00ea,<\/p>\n\n\n\n<p>&nbsp;que est\u00e1 come\u00e7ando<\/p>\n\n\n\n<p>a cuidar.<\/p>\n\n\n\n<p>os labirintos das responsabilidades<\/p>\n\n\n\n<p>s\u00e3o muitos.<\/p>\n\n\n\n<p>N\u00e3o se perca neles.<\/p>\n\n\n\n<p>Estabele\u00e7a dias de folga,<\/p>\n\n\n\n<p>horas de descanso,<\/p>\n\n\n\n<p>viagens nutritivas.<\/p>\n\n\n\n<p>Mantenha as amizades.<\/p>\n\n\n\n<p>Fa\u00e7a novos amigos,<\/p>\n\n\n\n<p>aceite convites.<\/p>\n\n\n\n<p>Saia, dance, brinque.<\/p>\n\n\n\n<p>Divirta-se.<\/p>\n\n\n\n<p>Pois, \u00e0s vezes o cuidar<\/p>\n\n\n\n<p>ser\u00e1 por toda uma vida.<\/p>\n\n\n\n<p>e, se voc\u00ea aprendeu,<\/p>\n\n\n\n<p>o outro, tamb\u00e9m pode<\/p>\n\n\n\n<p>praticar o cuidar.<\/p>\n\n\n\n<p>S\u00f3 \u00e9 preciso ter e sentir:<\/p>\n\n\n\n<p>uma dose de paci\u00eancia,<\/p>\n\n\n\n<p>um punhado de ternura<\/p>\n\n\n\n<p>e, m\u00e3os cheias de amor.<\/p>\n","protected":false},"excerpt":{"rendered":"<p>Falar do cotidiano do cuidador &nbsp;\u00e9 delicado. In\u00fameras tarefas inacabadas, projetos come\u00e7ados, uma massa de bolo desandada. um encontro desmarcado. uma viagem apenas sonhada&#8230; Sonhos que de repente perdem a data de validade. E, de repente voc\u00ea se v\u00ea implorando por um dia de folga. Mas, os compromissos dos outros s\u00e3o t\u00e3o mais importantes e, &hellip;<\/p>\n<p class=\"read-more\"> <a class=\"\" href=\"https:\/\/quemcuidadocuidador.com.br\/index.php\/2022\/09\/17\/maos-cheias-de-amor\/\"> <span class=\"screen-reader-text\">M\u00e3os cheias de amor<\/span> Leia mais &raquo;<\/a><\/p>\n","protected":false},"author":2,"featured_media":364,"comment_status":"open","ping_status":"open","sticky":false,"template":"","format":"standard","meta":{"om_disable_all_campaigns":false,"_monsterinsights_skip_tracking":false,"_monsterinsights_sitenote_active":false,"_monsterinsights_sitenote_note":"","_monsterinsights_sitenote_category":0,"site-sidebar-layout":"","site-content-layout":"","ast-main-header-display":"","ast-hfb-above-header-display":"","ast-hfb-below-header-display":"","ast-hfb-mobile-header-display":"","site-post-title":"","ast-breadcrumbs-content":"","ast-featured-img":"","footer-sml-layout":"","theme-transparent-header-meta":"","adv-header-id-meta":"","stick-header-meta":"","header-above-stick-meta":"","header-main-stick-meta":"","header-below-stick-meta":""},"categories":[5],"tags":[],"uagb_featured_image_src":{"full":["https:\/\/quemcuidadocuidador.com.br\/wp-content\/uploads\/2022\/09\/julius-carmine-3yOiP2UcLqw-unsplash-scaled.jpg",1707,2560,false],"thumbnail":["https:\/\/quemcuidadocuidador.com.br\/wp-content\/uploads\/2022\/09\/julius-carmine-3yOiP2UcLqw-unsplash-150x150.jpg",150,150,true],"medium":["https:\/\/quemcuidadocuidador.com.br\/wp-content\/uploads\/2022\/09\/julius-carmine-3yOiP2UcLqw-unsplash-200x300.jpg",200,300,true],"medium_large":["https:\/\/quemcuidadocuidador.com.br\/wp-content\/uploads\/2022\/09\/julius-carmine-3yOiP2UcLqw-unsplash-768x1152.jpg",768,1152,true],"large":["https:\/\/quemcuidadocuidador.com.br\/wp-content\/uploads\/2022\/09\/julius-carmine-3yOiP2UcLqw-unsplash-683x1024.jpg",683,1024,true],"1536x1536":["https:\/\/quemcuidadocuidador.com.br\/wp-content\/uploads\/2022\/09\/julius-carmine-3yOiP2UcLqw-unsplash-1024x1536.jpg",1024,1536,true],"2048x2048":["https:\/\/quemcuidadocuidador.com.br\/wp-content\/uploads\/2022\/09\/julius-carmine-3yOiP2UcLqw-unsplash-1365x2048.jpg",1365,2048,true]},"uagb_author_info":{"display_name":"Cicera A Feitosa","author_link":"https:\/\/quemcuidadocuidador.com.br\/index.php\/author\/cicera\/"},"uagb_comment_info":10,"uagb_excerpt":"Falar do cotidiano do cuidador &nbsp;\u00e9 delicado. In\u00fameras tarefas inacabadas, projetos come\u00e7ados, uma massa de bolo desandada. um encontro desmarcado. uma viagem apenas sonhada&#8230; Sonhos que de repente perdem a data de validade. E, de repente voc\u00ea se v\u00ea implorando por um dia de folga. Mas, os compromissos dos outros s\u00e3o t\u00e3o mais importantes e,&hellip;","_links":{"self":[{"href":"https:\/\/quemcuidadocuidador.com.br\/index.php\/wp-json\/wp\/v2\/posts\/363"}],"collection":[{"href":"https:\/\/quemcuidadocuidador.com.br\/index.php\/wp-json\/wp\/v2\/posts"}],"about":[{"href":"https:\/\/quemcuidadocuidador.com.br\/index.php\/wp-json\/wp\/v2\/types\/post"}],"author":[{"embeddable":true,"href":"https:\/\/quemcuidadocuidador.com.br\/index.php\/wp-json\/wp\/v2\/users\/2"}],"replies":[{"embeddable":true,"href":"https:\/\/quemcuidadocuidador.com.br\/index.php\/wp-json\/wp\/v2\/comments?post=363"}],"version-history":[{"count":1,"href":"https:\/\/quemcuidadocuidador.com.br\/index.php\/wp-json\/wp\/v2\/posts\/363\/revisions"}],"predecessor-version":[{"id":365,"href":"https:\/\/quemcuidadocuidador.com.br\/index.php\/wp-json\/wp\/v2\/posts\/363\/revisions\/365"}],"wp:featuredmedia":[{"embeddable":true,"href":"https:\/\/quemcuidadocuidador.com.br\/index.php\/wp-json\/wp\/v2\/media\/364"}],"wp:attachment":[{"href":"https:\/\/quemcuidadocuidador.com.br\/index.php\/wp-json\/wp\/v2\/media?parent=363"}],"wp:term":[{"taxonomy":"category","embeddable":true,"href":"https:\/\/quemcuidadocuidador.com.br\/index.php\/wp-json\/wp\/v2\/categories?post=363"},{"taxonomy":"post_tag","embeddable":true,"href":"https:\/\/quemcuidadocuidador.com.br\/index.php\/wp-json\/wp\/v2\/tags?post=363"}],"curies":[{"name":"wp","href":"https:\/\/api.w.org\/{rel}","templated":true}]}}