{"id":358,"date":"2022-09-10T07:23:40","date_gmt":"2022-09-10T11:23:40","guid":{"rendered":"https:\/\/quemcuidadocuidador.com.br\/?p=358"},"modified":"2022-09-10T07:23:41","modified_gmt":"2022-09-10T11:23:41","slug":"danca-alegria-crianca-e-o-bonanca","status":"publish","type":"post","link":"https:\/\/quemcuidadocuidador.com.br\/index.php\/2022\/09\/10\/danca-alegria-crianca-e-o-bonanca\/","title":{"rendered":"Dan\u00e7a, alegria, crian\u00e7a e o Bonan\u00e7a"},"content":{"rendered":"\n<p>Assim, come\u00e7a a festan\u00e7a<\/p>\n\n\n\n<p>domingo de manh\u00e3<\/p>\n\n\n\n<p>no Barco Bonan\u00e7a.<\/p>\n\n\n\n<p>Idades diversificadas<\/p>\n\n\n\n<p>Antonella, seis meses<\/p>\n\n\n\n<p>e, Ana Maria, 87 anos.<\/p>\n\n\n\n<p>A alegria do reencontro<\/p>\n\n\n\n<p>as lembran\u00e7as da inf\u00e2ncia<\/p>\n\n\n\n<p>de uma \u00e9poca em que<\/p>\n\n\n\n<p>O curso do rio Paraguai<\/p>\n\n\n\n<p>era a estrada conhecida.<\/p>\n\n\n\n<p>a transportar pessoas,<\/p>\n\n\n\n<p>material de constru\u00e7\u00e3o,<\/p>\n\n\n\n<p>roupas e mantimentos.<\/p>\n\n\n\n<p>As viagens era um grande<\/p>\n\n\n\n<p>e, esperado evento.<\/p>\n\n\n\n<p>Envolvendo toda fam\u00edlia<\/p>\n\n\n\n<p>em passeios e pescarias.<\/p>\n\n\n\n<p>As crian\u00e7as conectadas a paisagem<\/p>\n\n\n\n<p>O pai no leme<\/p>\n\n\n\n<p>A m\u00e3e a tocar o remo.<\/p>\n\n\n\n<p>Eis aqui uma bela e,<\/p>\n\n\n\n<p>harmoniosa imagem.<\/p>\n\n\n\n<p>Constru\u00edda pelas lembran\u00e7as<\/p>\n\n\n\n<p>e fiapos de hist\u00f3rias.<\/p>\n\n\n\n<p>.<\/p>\n\n\n\n<p>Ap\u00f3s o caf\u00e9 da manh\u00e3,<\/p>\n\n\n\n<p>apresenta\u00e7\u00f5es surpreendentes<\/p>\n\n\n\n<p>Novos componentes.,<\/p>\n\n\n\n<p>Ros\u00e1rio, f\u00e3 do meu blog,<\/p>\n\n\n\n<p>Quemcuidadocuidador.<\/p>\n\n\n\n<p>Um grande presente<\/p>\n\n\n\n<p>para escritor amador.<\/p>\n\n\n\n<p>Samira a tocar<\/p>\n\n\n\n<p>sanfona e viol\u00e3o<\/p>\n\n\n\n<p>E todas a cantar e dan\u00e7ar.<\/p>\n\n\n\n<p>Afinal, s\u00f3 quem ama canta,<\/p>\n\n\n\n<p>segundo o fil\u00f3sofo<\/p>\n\n\n\n<p>Josef PIeper.<\/p>\n\n\n\n<p>Regado a piadas, declama\u00e7\u00f5es<\/p>\n\n\n\n<p>de poemas, muita m\u00fasica<\/p>\n\n\n\n<p>e, at\u00e9 den\u00fancia.<\/p>\n\n\n\n<p>O olhar atento de Olga Maria<\/p>\n\n\n\n<p>para o cais do porto,<\/p>\n\n\n\n<p>veias abertas<\/p>\n\n\n\n<p>a soltar esgoto.<\/p>\n\n\n\n<p>Convite de celebra\u00e7\u00e3o.<\/p>\n\n\n\n<p>Maridalva, a incentivar<\/p>\n\n\n\n<p>a todas a ser crian\u00e7a.<\/p>\n\n\n\n<p>Quando ela,<\/p>\n\n\n\n<p>a sua sacola m\u00e1gica abriu,<\/p>\n\n\n\n<p>mais de vinte crian\u00e7as<\/p>\n\n\n\n<p>ali se reuniu.<\/p>\n\n\n\n<p>Os que l\u00e1 n\u00e3o foram<\/p>\n\n\n\n<p>de onde estavam<\/p>\n\n\n\n<p>Apreciaram e riram.<\/p>\n\n\n\n<p>Com tantos personagens<\/p>\n\n\n\n<p>a desfilar e colorir a paisagem:<\/p>\n\n\n\n<p>Carmen Miranda, Cle\u00f3patra,<\/p>\n\n\n\n<p>Sherazade, o bom malandro<\/p>\n\n\n\n<p>Muito samba e pernas bambas<\/p>\n\n\n\n<p>Gargalhadas musicadas.<\/p>\n\n\n\n<p>perucas variadas, xales,<\/p>\n\n\n\n<p>saias rodadas, m\u00e1scaras<\/p>\n\n\n\n<p>chap\u00e9us e muitos colares.<\/p>\n\n\n\n<p>Mas houve momentos<\/p>\n\n\n\n<p>que a natureza bela<\/p>\n\n\n\n<p>nos silenciava &#8230;<\/p>\n\n\n\n<p>O ninhal de p\u00e1ssaros,<\/p>\n\n\n\n<p>com a beleza das gar\u00e7as brancas<\/p>\n\n\n\n<p>e dos tuiui\u00fas ao al\u00e7arem voos,<\/p>\n\n\n\n<p>lentos e longos<\/p>\n\n\n\n<p>de um canto a outro&#8230;<\/p>\n\n\n\n<p>Meio dia,<\/p>\n\n\n\n<p>com o barco atracado,<\/p>\n\n\n\n<p>em uma pequena praia,<\/p>\n\n\n\n<p>um banho no rio.<\/p>\n\n\n\n<p>Ou, uma caminhada<\/p>\n\n\n\n<p>na areia, sentido o calor,<\/p>\n\n\n\n<p>ap\u00f3s o frio da manh\u00e3.<\/p>\n\n\n\n<p>Respirando ar puro,<\/p>\n\n\n\n<p>sentindo o sil\u00eancio e,<\/p>\n\n\n\n<p>os segredos contados<\/p>\n\n\n\n<p>pelas ondas d\u2019\u00e1gua<\/p>\n\n\n\n<p>as areias da praia.<\/p>\n\n\n\n<p>Um almo\u00e7o delicioso.<\/p>\n\n\n\n<p>Sorteios, bingos, muitas selfies.<\/p>\n\n\n\n<p>Amizades consolidadas,<\/p>\n\n\n\n<p>encontros planejados.<\/p>\n\n\n\n<p>At\u00e9 novos projetos, sonhados,<\/p>\n\n\n\n<p>cuidar de C\u00e1ceres e,<\/p>\n\n\n\n<p>ajudar a proteger<\/p>\n\n\n\n<p>o rio Paraguai.<\/p>\n\n\n\n<p>Entretanto,<\/p>\n\n\n\n<p>o ponto alto do encontro<\/p>\n\n\n\n<p>\u00e9 o depoimento de Georgina,<\/p>\n\n\n\n<p>vida transformada<\/p>\n\n\n\n<p>no conv\u00edvio com as meninas,<\/p>\n\n\n\n<p>do grupo: \u201cAMIGAS FELIZES\u201d.<\/p>\n\n\n\n<p>Entardecer mergulhado em<\/p>\n\n\n\n<p>dan\u00e7as nossas e dos p\u00e1ssaros,<\/p>\n\n\n\n<p>sobre a \u00e1gua dourada<\/p>\n\n\n\n<p>pelo p\u00f4r do sol.<\/p>\n\n\n\n<p>A nos desejar boa viagem<\/p>\n\n\n\n<p>a dizer adeus, lentamente.<\/p>\n\n\n\n<p>E, n\u00f3s, ah Deca!<\/p>\n\n\n\n<p>Marca outro, novamente.<\/p>\n","protected":false},"excerpt":{"rendered":"<p>Assim, come\u00e7a a festan\u00e7a domingo de manh\u00e3 no Barco Bonan\u00e7a. Idades diversificadas Antonella, seis meses e, Ana Maria, 87 anos. A alegria do reencontro as lembran\u00e7as da inf\u00e2ncia de uma \u00e9poca em que O curso do rio Paraguai era a estrada conhecida. a transportar pessoas, material de constru\u00e7\u00e3o, roupas e mantimentos. As viagens era um &hellip;<\/p>\n<p class=\"read-more\"> <a class=\"\" href=\"https:\/\/quemcuidadocuidador.com.br\/index.php\/2022\/09\/10\/danca-alegria-crianca-e-o-bonanca\/\"> <span class=\"screen-reader-text\">Dan\u00e7a, alegria, crian\u00e7a e o Bonan\u00e7a<\/span> Leia mais &raquo;<\/a><\/p>\n","protected":false},"author":2,"featured_media":359,"comment_status":"open","ping_status":"open","sticky":false,"template":"","format":"standard","meta":{"om_disable_all_campaigns":false,"_monsterinsights_skip_tracking":false,"_monsterinsights_sitenote_active":false,"_monsterinsights_sitenote_note":"","_monsterinsights_sitenote_category":0,"site-sidebar-layout":"","site-content-layout":"","ast-main-header-display":"","ast-hfb-above-header-display":"","ast-hfb-below-header-display":"","ast-hfb-mobile-header-display":"","site-post-title":"","ast-breadcrumbs-content":"","ast-featured-img":"","footer-sml-layout":"","theme-transparent-header-meta":"","adv-header-id-meta":"","stick-header-meta":"","header-above-stick-meta":"","header-main-stick-meta":"","header-below-stick-meta":""},"categories":[5],"tags":[],"uagb_featured_image_src":{"full":["https:\/\/quemcuidadocuidador.com.br\/wp-content\/uploads\/2022\/09\/Por-do-sol-no-rio-paraguai.jpeg",1280,1280,false],"thumbnail":["https:\/\/quemcuidadocuidador.com.br\/wp-content\/uploads\/2022\/09\/Por-do-sol-no-rio-paraguai-150x150.jpeg",150,150,true],"medium":["https:\/\/quemcuidadocuidador.com.br\/wp-content\/uploads\/2022\/09\/Por-do-sol-no-rio-paraguai-300x300.jpeg",300,300,true],"medium_large":["https:\/\/quemcuidadocuidador.com.br\/wp-content\/uploads\/2022\/09\/Por-do-sol-no-rio-paraguai-768x768.jpeg",768,768,true],"large":["https:\/\/quemcuidadocuidador.com.br\/wp-content\/uploads\/2022\/09\/Por-do-sol-no-rio-paraguai-1024x1024.jpeg",1024,1024,true],"1536x1536":["https:\/\/quemcuidadocuidador.com.br\/wp-content\/uploads\/2022\/09\/Por-do-sol-no-rio-paraguai.jpeg",1280,1280,false],"2048x2048":["https:\/\/quemcuidadocuidador.com.br\/wp-content\/uploads\/2022\/09\/Por-do-sol-no-rio-paraguai.jpeg",1280,1280,false]},"uagb_author_info":{"display_name":"Cicera A Feitosa","author_link":"https:\/\/quemcuidadocuidador.com.br\/index.php\/author\/cicera\/"},"uagb_comment_info":4,"uagb_excerpt":"Assim, come\u00e7a a festan\u00e7a domingo de manh\u00e3 no Barco Bonan\u00e7a. Idades diversificadas Antonella, seis meses e, Ana Maria, 87 anos. A alegria do reencontro as lembran\u00e7as da inf\u00e2ncia de uma \u00e9poca em que O curso do rio Paraguai era a estrada conhecida. a transportar pessoas, material de constru\u00e7\u00e3o, roupas e mantimentos. As viagens era um&hellip;","_links":{"self":[{"href":"https:\/\/quemcuidadocuidador.com.br\/index.php\/wp-json\/wp\/v2\/posts\/358"}],"collection":[{"href":"https:\/\/quemcuidadocuidador.com.br\/index.php\/wp-json\/wp\/v2\/posts"}],"about":[{"href":"https:\/\/quemcuidadocuidador.com.br\/index.php\/wp-json\/wp\/v2\/types\/post"}],"author":[{"embeddable":true,"href":"https:\/\/quemcuidadocuidador.com.br\/index.php\/wp-json\/wp\/v2\/users\/2"}],"replies":[{"embeddable":true,"href":"https:\/\/quemcuidadocuidador.com.br\/index.php\/wp-json\/wp\/v2\/comments?post=358"}],"version-history":[{"count":1,"href":"https:\/\/quemcuidadocuidador.com.br\/index.php\/wp-json\/wp\/v2\/posts\/358\/revisions"}],"predecessor-version":[{"id":360,"href":"https:\/\/quemcuidadocuidador.com.br\/index.php\/wp-json\/wp\/v2\/posts\/358\/revisions\/360"}],"wp:featuredmedia":[{"embeddable":true,"href":"https:\/\/quemcuidadocuidador.com.br\/index.php\/wp-json\/wp\/v2\/media\/359"}],"wp:attachment":[{"href":"https:\/\/quemcuidadocuidador.com.br\/index.php\/wp-json\/wp\/v2\/media?parent=358"}],"wp:term":[{"taxonomy":"category","embeddable":true,"href":"https:\/\/quemcuidadocuidador.com.br\/index.php\/wp-json\/wp\/v2\/categories?post=358"},{"taxonomy":"post_tag","embeddable":true,"href":"https:\/\/quemcuidadocuidador.com.br\/index.php\/wp-json\/wp\/v2\/tags?post=358"}],"curies":[{"name":"wp","href":"https:\/\/api.w.org\/{rel}","templated":true}]}}