{"id":345,"date":"2022-08-27T07:13:50","date_gmt":"2022-08-27T11:13:50","guid":{"rendered":"https:\/\/quemcuidadocuidador.com.br\/?p=345"},"modified":"2022-08-27T07:13:51","modified_gmt":"2022-08-27T11:13:51","slug":"pedro-a-saborear-fatias-de-alegria-e-independencia","status":"publish","type":"post","link":"https:\/\/quemcuidadocuidador.com.br\/index.php\/2022\/08\/27\/pedro-a-saborear-fatias-de-alegria-e-independencia\/","title":{"rendered":"Pedro a saborear fatias de alegria e independ\u00eancia"},"content":{"rendered":"\n<p>Compartilhei da sua alegria, mas cheguei a pensar que a independ\u00eancia era uma dose de vaidade.<\/p>\n\n\n\n<p>Para quem mora em C\u00e1ceres-MT, essa semana foi de atividades para homenagear ao padroeiro da Cidade \u201cS\u00e3o Luiz de Fran\u00e7a\u201d. Para quem n\u00e3o conhece C\u00e1ceres a Catedral tem uma arquitetura bel\u00edssima. Escolhi dois dias para levar Pedro, por um acaso um desses dias coincidiu com a presen\u00e7a do Arcebispo de Cuiab\u00e1. Ap\u00f3s a missa, alguns fi\u00e9is subiram ao p\u00falpito para tirar fotos com o Arcebispo. Enquanto dizia oi para uma colega, perdi Pedro de vista e um segundo depois, l\u00e1 estava Pedro ao lado do Arcebispo a tirar foto.<\/p>\n\n\n\n<p>Ap\u00f3s a foto tirada, caminhamos para fora da igreja e, ao fazermos isso, ele foi cumprimentando todos os padres que encontrava pelo caminho.<\/p>\n\n\n\n<p>Ao chegarmos do lado de fora paramos na barraca do pastel, com algumas amigas, ouvindo a banda do quartel e saboreando pastel com caldo de cana. Algo tradicional em C\u00e1ceres. No final, ao irmos embora Pedro estava transbordando de alegria.<\/p>\n\n\n\n<p>Claro que no outro dia ao amanhecer, ele j\u00e1 estava se informando quando seria o dia de S\u00e3o Luiz e lembrando que ele ia participar da prociss\u00e3o, sua madrinha Ana Maria, perdeu a conta das liga\u00e7\u00f5es recebidas para confirmar se ela iria na prociss\u00e3o com ele.<\/p>\n\n\n\n<p>Na quarta-feira a tarde fomos ao centro. Na volta ele declarou:<\/p>\n\n\n\n<p>&#8211; M\u00e3e, preciso cortar o meu cabelo.<\/p>\n\n\n\n<p>Observei seu cabelo.<\/p>\n\n\n\n<p>&nbsp;&nbsp;&nbsp;&nbsp;&nbsp;&nbsp;&nbsp;&nbsp;&nbsp;&nbsp;&nbsp; &#8211; Pedro, n\u00e3o \u00e9 necess\u00e1rio, seu cabelo est\u00e1 curto.<\/p>\n\n\n\n<p>&nbsp;&nbsp;&nbsp;&nbsp;&nbsp;&nbsp;&nbsp;&nbsp;&nbsp;&nbsp;&nbsp; &#8211; N\u00e3o! M\u00e3e, eu preciso cortar o cabelo e fazer a barba para ir na prociss\u00e3o amanh\u00e3.<\/p>\n\n\n\n<p>Argumentei mais uma vez que n\u00e3o era necess\u00e1rio. Em v\u00e3o.<\/p>\n\n\n\n<p>&nbsp;&nbsp;&nbsp;&nbsp;&nbsp;&nbsp;&nbsp;&nbsp;&nbsp;&nbsp;&nbsp; &#8211; M\u00e3e, por favor vamos passar no barbeiro.<\/p>\n\n\n\n<p>&nbsp;&nbsp;&nbsp;&nbsp;&nbsp;&nbsp;&nbsp;&nbsp;&nbsp;&nbsp;&nbsp; &#8211; Ok. Pedro.<\/p>\n\n\n\n<p>E, l\u00e1 fomos n\u00f3s ao barbeiro, um Pedro super animado e falante. Achou uma revista de Aparecida na mesa e foi contar para um conhecido que ele j\u00e1 tinha ido a Aparecida. O senhor perguntou se ele realmente j\u00e1 tinha ido l\u00e1, confirmei que sim.<\/p>\n\n\n\n<p>Entretanto, o que foi mais interessante, e que Pedro d\u00e1 muito trabalho para cortar o cabelo e tirar a barba. Mas como naquele momento ele estava a fazer algo porque tinha escolhido fazer, acreditem ele deu menos trabalho e foi mais r\u00e1pido. E seu cabelo estava t\u00e3o curto, que na parte de cima n\u00e3o pode cortar.<\/p>\n\n\n\n<p>Ficou t\u00e3o animado que permitiu tirar foto para mandar para a dinda Claudia. No geral ele n\u00e3o gosta de tirar foto.<\/p>\n\n\n\n<p>Enfim. chegou quinta-feira o dia da prociss\u00e3o, mas era necess\u00e1rio esperar, afinal a prociss\u00e3o seria \u00e0s 17 horas na Pra\u00e7a Duque de Caxias. Embora todos os anos eu o leve, sua ansiedade foi tanta que ele n\u00e3o conseguiu almo\u00e7ar.<\/p>\n\n\n\n<p>Na hora de irmos s\u00f3 n\u00e3o amarrou o t\u00eanis porque isso \u00e9 algo que ele ainda n\u00e3o consegue fazer, pegou o folheto de c\u00e2nticos, e l\u00e1 fomos n\u00f3s: eu, ele e a madrinha dele.<\/p>\n\n\n\n<p>Para ele a prociss\u00e3o \u00e9 um evento grandioso, e sua felicidade \u00e9 imensa, olha para os ac\u00f3litos e me cobra porque eu n\u00e3o o deixei ser um. Ao mesmo tempo me comunica que ele ir\u00e1 ser Padre.<\/p>\n\n\n\n<p>Por telefone avisou para Berna que iria rezar pelo irm\u00e3o dela que est\u00e1 doente \u00e0 espera de um transplante de cora\u00e7\u00e3o.<\/p>\n\n\n\n<p>Percebi que n\u00e3o foi por vaidade que ele decidiu a cortar o cabelo e fazer a barba, acredito que ele deu mais um passo na perspectiva de aprender a cuidar do seu corpo. Esse aprendizado \u00e9 maravilhoso.<\/p>\n\n\n\n<p>Sua alegria me faz feliz, sua independ\u00eancia me liberta e sua humanidade me torna um ser humano melhor. Com ele, o aprender a respeitar, amar e aceitar \u00e9 cont\u00ednuo.<\/p>\n","protected":false},"excerpt":{"rendered":"<p>Compartilhei da sua alegria, mas cheguei a pensar que a independ\u00eancia era uma dose de vaidade. Para quem mora em C\u00e1ceres-MT, essa semana foi de atividades para homenagear ao padroeiro da Cidade \u201cS\u00e3o Luiz de Fran\u00e7a\u201d. Para quem n\u00e3o conhece C\u00e1ceres a Catedral tem uma arquitetura bel\u00edssima. Escolhi dois dias para levar Pedro, por um &hellip;<\/p>\n<p class=\"read-more\"> <a class=\"\" href=\"https:\/\/quemcuidadocuidador.com.br\/index.php\/2022\/08\/27\/pedro-a-saborear-fatias-de-alegria-e-independencia\/\"> <span class=\"screen-reader-text\">Pedro a saborear fatias de alegria e independ\u00eancia<\/span> Leia mais &raquo;<\/a><\/p>\n","protected":false},"author":2,"featured_media":346,"comment_status":"open","ping_status":"open","sticky":false,"template":"","format":"standard","meta":{"om_disable_all_campaigns":false,"_monsterinsights_skip_tracking":false,"_monsterinsights_sitenote_active":false,"_monsterinsights_sitenote_note":"","_monsterinsights_sitenote_category":0,"site-sidebar-layout":"","site-content-layout":"","ast-main-header-display":"","ast-hfb-above-header-display":"","ast-hfb-below-header-display":"","ast-hfb-mobile-header-display":"","site-post-title":"","ast-breadcrumbs-content":"","ast-featured-img":"","footer-sml-layout":"","theme-transparent-header-meta":"","adv-header-id-meta":"","stick-header-meta":"","header-above-stick-meta":"","header-main-stick-meta":"","header-below-stick-meta":""},"categories":[5],"tags":[],"uagb_featured_image_src":{"full":["https:\/\/quemcuidadocuidador.com.br\/wp-content\/uploads\/2022\/08\/WhatsApp-Image-2022-08-27-at-06.47.03.jpeg",476,616,false],"thumbnail":["https:\/\/quemcuidadocuidador.com.br\/wp-content\/uploads\/2022\/08\/WhatsApp-Image-2022-08-27-at-06.47.03-150x150.jpeg",150,150,true],"medium":["https:\/\/quemcuidadocuidador.com.br\/wp-content\/uploads\/2022\/08\/WhatsApp-Image-2022-08-27-at-06.47.03-232x300.jpeg",232,300,true],"medium_large":["https:\/\/quemcuidadocuidador.com.br\/wp-content\/uploads\/2022\/08\/WhatsApp-Image-2022-08-27-at-06.47.03.jpeg",476,616,false],"large":["https:\/\/quemcuidadocuidador.com.br\/wp-content\/uploads\/2022\/08\/WhatsApp-Image-2022-08-27-at-06.47.03.jpeg",476,616,false],"1536x1536":["https:\/\/quemcuidadocuidador.com.br\/wp-content\/uploads\/2022\/08\/WhatsApp-Image-2022-08-27-at-06.47.03.jpeg",476,616,false],"2048x2048":["https:\/\/quemcuidadocuidador.com.br\/wp-content\/uploads\/2022\/08\/WhatsApp-Image-2022-08-27-at-06.47.03.jpeg",476,616,false]},"uagb_author_info":{"display_name":"Cicera A Feitosa","author_link":"https:\/\/quemcuidadocuidador.com.br\/index.php\/author\/cicera\/"},"uagb_comment_info":14,"uagb_excerpt":"Compartilhei da sua alegria, mas cheguei a pensar que a independ\u00eancia era uma dose de vaidade. Para quem mora em C\u00e1ceres-MT, essa semana foi de atividades para homenagear ao padroeiro da Cidade \u201cS\u00e3o Luiz de Fran\u00e7a\u201d. Para quem n\u00e3o conhece C\u00e1ceres a Catedral tem uma arquitetura bel\u00edssima. Escolhi dois dias para levar Pedro, por um&hellip;","_links":{"self":[{"href":"https:\/\/quemcuidadocuidador.com.br\/index.php\/wp-json\/wp\/v2\/posts\/345"}],"collection":[{"href":"https:\/\/quemcuidadocuidador.com.br\/index.php\/wp-json\/wp\/v2\/posts"}],"about":[{"href":"https:\/\/quemcuidadocuidador.com.br\/index.php\/wp-json\/wp\/v2\/types\/post"}],"author":[{"embeddable":true,"href":"https:\/\/quemcuidadocuidador.com.br\/index.php\/wp-json\/wp\/v2\/users\/2"}],"replies":[{"embeddable":true,"href":"https:\/\/quemcuidadocuidador.com.br\/index.php\/wp-json\/wp\/v2\/comments?post=345"}],"version-history":[{"count":1,"href":"https:\/\/quemcuidadocuidador.com.br\/index.php\/wp-json\/wp\/v2\/posts\/345\/revisions"}],"predecessor-version":[{"id":347,"href":"https:\/\/quemcuidadocuidador.com.br\/index.php\/wp-json\/wp\/v2\/posts\/345\/revisions\/347"}],"wp:featuredmedia":[{"embeddable":true,"href":"https:\/\/quemcuidadocuidador.com.br\/index.php\/wp-json\/wp\/v2\/media\/346"}],"wp:attachment":[{"href":"https:\/\/quemcuidadocuidador.com.br\/index.php\/wp-json\/wp\/v2\/media?parent=345"}],"wp:term":[{"taxonomy":"category","embeddable":true,"href":"https:\/\/quemcuidadocuidador.com.br\/index.php\/wp-json\/wp\/v2\/categories?post=345"},{"taxonomy":"post_tag","embeddable":true,"href":"https:\/\/quemcuidadocuidador.com.br\/index.php\/wp-json\/wp\/v2\/tags?post=345"}],"curies":[{"name":"wp","href":"https:\/\/api.w.org\/{rel}","templated":true}]}}