{"id":341,"date":"2022-08-20T06:46:05","date_gmt":"2022-08-20T10:46:05","guid":{"rendered":"https:\/\/quemcuidadocuidador.com.br\/?p=341"},"modified":"2022-08-20T06:46:06","modified_gmt":"2022-08-20T10:46:06","slug":"vidas-rascunhadas-vidas-saboreadas","status":"publish","type":"post","link":"https:\/\/quemcuidadocuidador.com.br\/index.php\/2022\/08\/20\/vidas-rascunhadas-vidas-saboreadas\/","title":{"rendered":"Vidas rascunhadas? Vidas saboreadas?"},"content":{"rendered":"\n<p>Voc\u00ea cuidador faz bom uso dos momentos que podem ser seus tamb\u00e9m?<\/p>\n\n\n\n<p>Imagino que voc\u00ea, deve ter ficado bem chateado com essa pergunta, afinal a gente leva uma vida t\u00e3o sem tempo a cuidar dos outros, n\u00e3o \u00e9 mesmo? E ainda temos dificuldade de perceber nossas necessidades. Prioriz\u00e1-las ent\u00e3o, \u00e9 quase imposs\u00edvel. Pois tudo que o outro precisa, parece ser mais importante e urgente. Vivemos a vida na forma de rascunho e nunca d\u00e1 tempo de pass\u00e1-la a limpo.<\/p>\n\n\n\n<p>Qual foi a \u00faltima vez que voc\u00ea parou para ouvir uma m\u00fasica que gosta? Ou se sentou no seu sof\u00e1 com um livro no colo e uma caneca de caf\u00e9 ou ch\u00e1? Uma ta\u00e7a de vinho? Ou mesmo um copo de \u00e1gua, com tempo para degust\u00e1-lo?<\/p>\n\n\n\n<p>Mas deixa eu te contar uma experi\u00eancia pessoal que me chateou muito, h\u00e1 cinco anos atr\u00e1s, mas que se eu tivesse colocado em pr\u00e1tica, talvez, hoje estivesse sentindo menos dores. Qualquer um que tenha problema na coluna sabe que, quando nosso peso aumenta, as dores intensificam.<\/p>\n\n\n\n<p>Enquanto argumentava sobre a minha total falta de tempo, a Dr\u00aa Maria do Socorro ouvia com aten\u00e7\u00e3o plena meu relato. Depois fez sugest\u00f5es valiosas, sobre os cuidados com meu pai e meu filho. Eu as uso constantemente. Infelizmente, n\u00e3o segui \u00e0 risca as que ela fez para mim.<\/p>\n\n\n\n<p>Por sinal era bem simples, levar uma marmita para o trabalho e ao inv\u00e9s de vir a minha casa almo\u00e7ar, pegar esse tempo para fazer uma atividade f\u00edsica. Antes de fazer essa proposta, ela &nbsp;perguntou se existia uma academia perto do meu trabalho e eu j\u00e1 tinha confessado que existia uma na mesma rua.<\/p>\n\n\n\n<p>Na \u00e9poca achei que vir a minha casa na hora do almo\u00e7o era mais importante, cheguei a me matricular em uma academia, claro que n\u00e3o foi na hora do almo\u00e7o. Mas por n\u00e3o conseguir controlar o hor\u00e1rio acabei desistindo. E nesses cinco anos ganhei quilos extras.<\/p>\n\n\n\n<p>Ano passado quando comecei a levar meu filho para fazer hidroterapia o fisioterapeuta que atendia Pedro sugeriu que eu fizesse tamb\u00e9m, argumentei que isso poderia atrapalhar Pedro e, desperdicei a oportunidade.<\/p>\n\n\n\n<p>Como meu quadro de dores na coluna ficou muito pior recentemente, semana passada tomei a decis\u00e3o de tamb\u00e9m fazer hidroterapia. Quando disse a Pedro que tamb\u00e9m iria fazer hidroterapia ele perguntou-me em qual piscina. Disse-lhe que era junto com ele. Sua resposta foi n\u00e3o, pois aquela piscina era dele. Claro que isso n\u00e3o foi obst\u00e1culo e comecei a fazer.<\/p>\n\n\n\n<p>E na quinta-feira chegou em C\u00e1ceres um frio acompanhado de chuva e depois ficou uma neblina fina e gelada. N\u00e3o tive argumentos para convencer Pedro de que era melhor n\u00e3o irmos porque estava frio. Ele adora estar na piscina. Ent\u00e3o l\u00e1 fomos n\u00f3s. Acredito que ontem \u00e0 tarde fomos os \u00fanicos a aparecer. Afinal ao redor da piscina o piso estava seco, o ch\u00e3o do banheiro sem respingo de \u00e1gua.<\/p>\n\n\n\n<p>O professor disse voc\u00eas v\u00e3o me desculpar, mas eu n\u00e3o vou entrar na \u00e1gua. Ele foi orientando e n\u00f3s fizemos os exerc\u00edcios. Pedro conversa muito mais do que faz as atividades. Na verdade, ele adora ficar na parte da hidromassagem.<\/p>\n\n\n\n<p>Em resumo, foi \u00f3timo. Percebi tamb\u00e9m o quanto somos acomodados e desistimos com facilidade do que queremos. Tudo se torna empecilho.<\/p>\n\n\n\n<p>Agora, ao inv\u00e9s de observar se meu filho est\u00e1 fazendo ou n\u00e3o a atividade, estou aproveitando o tempo para cuidar de mim. \u00c9 o mesmo tempo que disponibilizo para lev\u00e1-lo para fazer fisioterapia, mas estou otimizando esse tempo em benef\u00edcio pr\u00f3prio.<\/p>\n\n\n\n<p>A pergunta que fa\u00e7o para todos n\u00f3s que somos cuidadores \u00e9: Qual a fatia do dia que tamb\u00e9m pode ser nossa, que estamos deixando de sabore\u00e1-la?<\/p>\n","protected":false},"excerpt":{"rendered":"<p>Voc\u00ea cuidador faz bom uso dos momentos que podem ser seus tamb\u00e9m? Imagino que voc\u00ea, deve ter ficado bem chateado com essa pergunta, afinal a gente leva uma vida t\u00e3o sem tempo a cuidar dos outros, n\u00e3o \u00e9 mesmo? E ainda temos dificuldade de perceber nossas necessidades. Prioriz\u00e1-las ent\u00e3o, \u00e9 quase imposs\u00edvel. Pois tudo que &hellip;<\/p>\n<p class=\"read-more\"> <a class=\"\" href=\"https:\/\/quemcuidadocuidador.com.br\/index.php\/2022\/08\/20\/vidas-rascunhadas-vidas-saboreadas\/\"> <span class=\"screen-reader-text\">Vidas rascunhadas? Vidas saboreadas?<\/span> Leia mais &raquo;<\/a><\/p>\n","protected":false},"author":2,"featured_media":342,"comment_status":"open","ping_status":"open","sticky":false,"template":"","format":"standard","meta":{"om_disable_all_campaigns":false,"_monsterinsights_skip_tracking":false,"_monsterinsights_sitenote_active":false,"_monsterinsights_sitenote_note":"","_monsterinsights_sitenote_category":0,"site-sidebar-layout":"","site-content-layout":"","ast-main-header-display":"","ast-hfb-above-header-display":"","ast-hfb-below-header-display":"","ast-hfb-mobile-header-display":"","site-post-title":"","ast-breadcrumbs-content":"","ast-featured-img":"","footer-sml-layout":"","theme-transparent-header-meta":"","adv-header-id-meta":"","stick-header-meta":"","header-above-stick-meta":"","header-main-stick-meta":"","header-below-stick-meta":""},"categories":[5],"tags":[],"uagb_featured_image_src":{"full":["https:\/\/quemcuidadocuidador.com.br\/wp-content\/uploads\/2022\/08\/haley-phelps-S-llxYh3GzI-unsplash-scaled.jpg",2560,1707,false],"thumbnail":["https:\/\/quemcuidadocuidador.com.br\/wp-content\/uploads\/2022\/08\/haley-phelps-S-llxYh3GzI-unsplash-150x150.jpg",150,150,true],"medium":["https:\/\/quemcuidadocuidador.com.br\/wp-content\/uploads\/2022\/08\/haley-phelps-S-llxYh3GzI-unsplash-300x200.jpg",300,200,true],"medium_large":["https:\/\/quemcuidadocuidador.com.br\/wp-content\/uploads\/2022\/08\/haley-phelps-S-llxYh3GzI-unsplash-768x512.jpg",768,512,true],"large":["https:\/\/quemcuidadocuidador.com.br\/wp-content\/uploads\/2022\/08\/haley-phelps-S-llxYh3GzI-unsplash-1024x683.jpg",1024,683,true],"1536x1536":["https:\/\/quemcuidadocuidador.com.br\/wp-content\/uploads\/2022\/08\/haley-phelps-S-llxYh3GzI-unsplash-1536x1024.jpg",1536,1024,true],"2048x2048":["https:\/\/quemcuidadocuidador.com.br\/wp-content\/uploads\/2022\/08\/haley-phelps-S-llxYh3GzI-unsplash-2048x1365.jpg",2048,1365,true]},"uagb_author_info":{"display_name":"Cicera A Feitosa","author_link":"https:\/\/quemcuidadocuidador.com.br\/index.php\/author\/cicera\/"},"uagb_comment_info":4,"uagb_excerpt":"Voc\u00ea cuidador faz bom uso dos momentos que podem ser seus tamb\u00e9m? Imagino que voc\u00ea, deve ter ficado bem chateado com essa pergunta, afinal a gente leva uma vida t\u00e3o sem tempo a cuidar dos outros, n\u00e3o \u00e9 mesmo? E ainda temos dificuldade de perceber nossas necessidades. Prioriz\u00e1-las ent\u00e3o, \u00e9 quase imposs\u00edvel. Pois tudo que&hellip;","_links":{"self":[{"href":"https:\/\/quemcuidadocuidador.com.br\/index.php\/wp-json\/wp\/v2\/posts\/341"}],"collection":[{"href":"https:\/\/quemcuidadocuidador.com.br\/index.php\/wp-json\/wp\/v2\/posts"}],"about":[{"href":"https:\/\/quemcuidadocuidador.com.br\/index.php\/wp-json\/wp\/v2\/types\/post"}],"author":[{"embeddable":true,"href":"https:\/\/quemcuidadocuidador.com.br\/index.php\/wp-json\/wp\/v2\/users\/2"}],"replies":[{"embeddable":true,"href":"https:\/\/quemcuidadocuidador.com.br\/index.php\/wp-json\/wp\/v2\/comments?post=341"}],"version-history":[{"count":1,"href":"https:\/\/quemcuidadocuidador.com.br\/index.php\/wp-json\/wp\/v2\/posts\/341\/revisions"}],"predecessor-version":[{"id":343,"href":"https:\/\/quemcuidadocuidador.com.br\/index.php\/wp-json\/wp\/v2\/posts\/341\/revisions\/343"}],"wp:featuredmedia":[{"embeddable":true,"href":"https:\/\/quemcuidadocuidador.com.br\/index.php\/wp-json\/wp\/v2\/media\/342"}],"wp:attachment":[{"href":"https:\/\/quemcuidadocuidador.com.br\/index.php\/wp-json\/wp\/v2\/media?parent=341"}],"wp:term":[{"taxonomy":"category","embeddable":true,"href":"https:\/\/quemcuidadocuidador.com.br\/index.php\/wp-json\/wp\/v2\/categories?post=341"},{"taxonomy":"post_tag","embeddable":true,"href":"https:\/\/quemcuidadocuidador.com.br\/index.php\/wp-json\/wp\/v2\/tags?post=341"}],"curies":[{"name":"wp","href":"https:\/\/api.w.org\/{rel}","templated":true}]}}