{"id":337,"date":"2022-08-13T06:51:42","date_gmt":"2022-08-13T10:51:42","guid":{"rendered":"https:\/\/quemcuidadocuidador.com.br\/?p=337"},"modified":"2022-08-13T06:51:43","modified_gmt":"2022-08-13T10:51:43","slug":"ao-meu-pai","status":"publish","type":"post","link":"https:\/\/quemcuidadocuidador.com.br\/index.php\/2022\/08\/13\/ao-meu-pai\/","title":{"rendered":"Ao meu pai"},"content":{"rendered":"\n<p>Para meu querido e amado pai,<\/p>\n\n\n\n<p>meu her\u00f3i, um tanto autorit\u00e1rio.<\/p>\n\n\n\n<p>Sua palavra nunca voltava atr\u00e1s.<\/p>\n\n\n\n<p>Um grande samurai,<\/p>\n\n\n\n<p>contido num haicai.<\/p>\n\n\n\n<p>Meu esteio, meu para-raios,<\/p>\n\n\n\n<p>meu telhado.<\/p>\n\n\n\n<p>Com chap\u00e9u emplumado,<\/p>\n\n\n\n<p>a contar hist\u00f3rias do passado.<\/p>\n\n\n\n<p>Hoje, 51 quilos, pai<\/p>\n\n\n\n<p>Fr\u00e1gil e enrugado.<\/p>\n\n\n\n<p>Cai n\u00e3o cai,<\/p>\n\n\n\n<p>vai e vem.<\/p>\n\n\n\n<p>Pernas que n\u00e3o mais<\/p>\n\n\n\n<p>reconhecem os comandos<\/p>\n\n\n\n<p>cerebrais.<\/p>\n\n\n\n<p>De vez em quando,<\/p>\n\n\n\n<p>cai, com raiva<\/p>\n\n\n\n<p>grita A\u00cd.<\/p>\n\n\n\n<p>D\u00f3i aqui e ali.<\/p>\n\n\n\n<p>Fica dif\u00edcil o sentir,<\/p>\n\n\n\n<p>h\u00e1 momentos de chorar<\/p>\n\n\n\n<p>h\u00e1 momentos de rir.<\/p>\n\n\n\n<p>Pai, sei que a solid\u00e3o,<\/p>\n\n\n\n<p>a falta de um irm\u00e3o<\/p>\n\n\n\n<p>aperta seu peito.<\/p>\n\n\n\n<p>Tu j\u00e1 n\u00e3o dormes direito.<\/p>\n\n\n\n<p>V\u00ea pessoas inexistentes.<\/p>\n\n\n\n<p>Talvez saudades dos parentes,<\/p>\n\n\n\n<p>dos amigos que j\u00e1 partiram.<\/p>\n\n\n\n<p>Por\u00e9m, voc\u00ea e sua bisneta Julia<\/p>\n\n\n\n<p>s\u00e3o exemplos de companheirismo<\/p>\n\n\n\n<p>e comunica\u00e7\u00e3o sem palavras,<\/p>\n\n\n\n<p>um bate palma para o outro<\/p>\n\n\n\n<p>o riso e o brilho nos olhos<\/p>\n\n\n\n<p>correm soltos, logo<\/p>\n\n\n\n<p>se transformam em gargalhadas.<\/p>\n\n\n\n<p>E, n\u00f3s adultos sem entendermos nada.<\/p>\n\n\n\n<p>Testemunhamos momentos<\/p>\n\n\n\n<p>m\u00e1gicos, de pura alegria.<\/p>\n\n\n\n<p>Aos noventa e cinco anos,<\/p>\n\n\n\n<p>o estar s\u00f3 \u00e9 t\u00e3o constante.<\/p>\n\n\n\n<p>Todos t\u00eam agendas transbordantes.<\/p>\n\n\n\n<p>E nessa vida inconstante<\/p>\n\n\n\n<p>dia e noite,<\/p>\n\n\n\n<p>noite e dia<\/p>\n\n\n\n<p>a cada dia, vivo a aprender<\/p>\n\n\n\n<p>a ser, m\u00e3e de voc\u00ea.<\/p>\n","protected":false},"excerpt":{"rendered":"<p>Para meu querido e amado pai, meu her\u00f3i, um tanto autorit\u00e1rio. Sua palavra nunca voltava atr\u00e1s. Um grande samurai, contido num haicai. Meu esteio, meu para-raios, meu telhado. Com chap\u00e9u emplumado, a contar hist\u00f3rias do passado. Hoje, 51 quilos, pai Fr\u00e1gil e enrugado. Cai n\u00e3o cai, vai e vem. Pernas que n\u00e3o mais reconhecem os &hellip;<\/p>\n<p class=\"read-more\"> <a class=\"\" href=\"https:\/\/quemcuidadocuidador.com.br\/index.php\/2022\/08\/13\/ao-meu-pai\/\"> <span class=\"screen-reader-text\">Ao meu pai<\/span> Leia mais &raquo;<\/a><\/p>\n","protected":false},"author":2,"featured_media":338,"comment_status":"open","ping_status":"open","sticky":false,"template":"","format":"standard","meta":{"om_disable_all_campaigns":false,"_monsterinsights_skip_tracking":false,"_monsterinsights_sitenote_active":false,"_monsterinsights_sitenote_note":"","_monsterinsights_sitenote_category":0,"site-sidebar-layout":"","site-content-layout":"","ast-main-header-display":"","ast-hfb-above-header-display":"","ast-hfb-below-header-display":"","ast-hfb-mobile-header-display":"","site-post-title":"","ast-breadcrumbs-content":"","ast-featured-img":"","footer-sml-layout":"","theme-transparent-header-meta":"","adv-header-id-meta":"","stick-header-meta":"","header-above-stick-meta":"","header-main-stick-meta":"","header-below-stick-meta":""},"categories":[5],"tags":[],"uagb_featured_image_src":{"full":["https:\/\/quemcuidadocuidador.com.br\/wp-content\/uploads\/2022\/08\/isaac-quesada-FiIgXyC3t84-unsplash-scaled.jpg",1707,2560,false],"thumbnail":["https:\/\/quemcuidadocuidador.com.br\/wp-content\/uploads\/2022\/08\/isaac-quesada-FiIgXyC3t84-unsplash-150x150.jpg",150,150,true],"medium":["https:\/\/quemcuidadocuidador.com.br\/wp-content\/uploads\/2022\/08\/isaac-quesada-FiIgXyC3t84-unsplash-200x300.jpg",200,300,true],"medium_large":["https:\/\/quemcuidadocuidador.com.br\/wp-content\/uploads\/2022\/08\/isaac-quesada-FiIgXyC3t84-unsplash-768x1152.jpg",768,1152,true],"large":["https:\/\/quemcuidadocuidador.com.br\/wp-content\/uploads\/2022\/08\/isaac-quesada-FiIgXyC3t84-unsplash-683x1024.jpg",683,1024,true],"1536x1536":["https:\/\/quemcuidadocuidador.com.br\/wp-content\/uploads\/2022\/08\/isaac-quesada-FiIgXyC3t84-unsplash-1024x1536.jpg",1024,1536,true],"2048x2048":["https:\/\/quemcuidadocuidador.com.br\/wp-content\/uploads\/2022\/08\/isaac-quesada-FiIgXyC3t84-unsplash-1365x2048.jpg",1365,2048,true]},"uagb_author_info":{"display_name":"Cicera A Feitosa","author_link":"https:\/\/quemcuidadocuidador.com.br\/index.php\/author\/cicera\/"},"uagb_comment_info":12,"uagb_excerpt":"Para meu querido e amado pai, meu her\u00f3i, um tanto autorit\u00e1rio. Sua palavra nunca voltava atr\u00e1s. Um grande samurai, contido num haicai. Meu esteio, meu para-raios, meu telhado. Com chap\u00e9u emplumado, a contar hist\u00f3rias do passado. Hoje, 51 quilos, pai Fr\u00e1gil e enrugado. Cai n\u00e3o cai, vai e vem. Pernas que n\u00e3o mais reconhecem os&hellip;","_links":{"self":[{"href":"https:\/\/quemcuidadocuidador.com.br\/index.php\/wp-json\/wp\/v2\/posts\/337"}],"collection":[{"href":"https:\/\/quemcuidadocuidador.com.br\/index.php\/wp-json\/wp\/v2\/posts"}],"about":[{"href":"https:\/\/quemcuidadocuidador.com.br\/index.php\/wp-json\/wp\/v2\/types\/post"}],"author":[{"embeddable":true,"href":"https:\/\/quemcuidadocuidador.com.br\/index.php\/wp-json\/wp\/v2\/users\/2"}],"replies":[{"embeddable":true,"href":"https:\/\/quemcuidadocuidador.com.br\/index.php\/wp-json\/wp\/v2\/comments?post=337"}],"version-history":[{"count":1,"href":"https:\/\/quemcuidadocuidador.com.br\/index.php\/wp-json\/wp\/v2\/posts\/337\/revisions"}],"predecessor-version":[{"id":339,"href":"https:\/\/quemcuidadocuidador.com.br\/index.php\/wp-json\/wp\/v2\/posts\/337\/revisions\/339"}],"wp:featuredmedia":[{"embeddable":true,"href":"https:\/\/quemcuidadocuidador.com.br\/index.php\/wp-json\/wp\/v2\/media\/338"}],"wp:attachment":[{"href":"https:\/\/quemcuidadocuidador.com.br\/index.php\/wp-json\/wp\/v2\/media?parent=337"}],"wp:term":[{"taxonomy":"category","embeddable":true,"href":"https:\/\/quemcuidadocuidador.com.br\/index.php\/wp-json\/wp\/v2\/categories?post=337"},{"taxonomy":"post_tag","embeddable":true,"href":"https:\/\/quemcuidadocuidador.com.br\/index.php\/wp-json\/wp\/v2\/tags?post=337"}],"curies":[{"name":"wp","href":"https:\/\/api.w.org\/{rel}","templated":true}]}}