{"id":332,"date":"2022-08-06T06:45:39","date_gmt":"2022-08-06T10:45:39","guid":{"rendered":"https:\/\/quemcuidadocuidador.com.br\/?p=332"},"modified":"2022-08-06T06:51:56","modified_gmt":"2022-08-06T10:51:56","slug":"suas-palavras-sao-beijos-ou-fogo","status":"publish","type":"post","link":"https:\/\/quemcuidadocuidador.com.br\/index.php\/2022\/08\/06\/suas-palavras-sao-beijos-ou-fogo\/","title":{"rendered":"Suas palavras s\u00e3o beijos ou fogo?"},"content":{"rendered":"\n<p>Estas palavras s\u00e3o da professora L\u00facia Helena Galv\u00e3o que tem v\u00e1rios v\u00eddeos na internet e confesso gosto muito desta fil\u00f3sofa, pois ao fazer a an\u00e1lise de uma obra ela sempre relaciona, com a nossa vida cotidiana.<\/p>\n\n\n\n<p>Considero isso uma grande riqueza.&nbsp; Foi por isso que n\u00e3o resisti ao v\u00eddeo \u201co que ensinar \u00e0s crian\u00e7as\u201d e passei um bom tempo me perguntando como&nbsp; fazer uma jun\u00e7\u00e3o com este assunto e o tema do meu blog \u201cquemcuidadocuidador\u201d,&nbsp; at\u00e9 que de repente percebi que tinha tudo a ver, pois os valores que devemos desenvolver em nossas crian\u00e7as, far\u00e3o diferen\u00e7a na sua forma de agir quando adultos. E o mais importante, certamente ter\u00e3o mais sensibilidade para cuidar do outro.<\/p>\n\n\n\n<p>Ao levarmos em conta que nos \u00faltimos anos a longevidade aumentou e que se cuidarmos de nossa sa\u00fade: f\u00edsica, mental, emocional, espiritual e financeira poderemos em breve chegar aos 120 anos. Claro que essa realidade implica&nbsp; na necessidade de se ter no futuro,&nbsp; um maior n\u00famero de cuidadores.<\/p>\n\n\n\n<p>Mas o meu encanto pelos conselhos filos\u00f3ficos apresentados pela Professora L\u00facia Helena \u00e9 pensar as hist\u00f3rias como vacina para preparar as nossas crian\u00e7as para aprender a agir no mundo.&nbsp; Ou sobre o respeito \u00e0 vida dos seres humanos, animais e plantas, bem como sua explica\u00e7\u00e3o simples sobre a diferen\u00e7a e a import\u00e2ncia de sabermos incluir.<\/p>\n\n\n\n<p>A percep\u00e7\u00e3o de que tudo que \u00e9 vivo sente dor, sente alegria. Uma bela maneira de desenvolver a sensibilidade e a no\u00e7\u00e3o de respeito pelo pr\u00f3ximo.<\/p>\n\n\n\n<p>Ela chama aten\u00e7\u00e3o para que a gente fa\u00e7a isso atrav\u00e9s de conversas e brincadeiras, com as crian\u00e7as. Sabendo inclu\u00ed-las nas atividades do dia a dia. Em geral elas gostam de ajudar e, \u00e9 a oportunidade de perceberem que o trabalho \u00e9 importante. E, a constru\u00e7\u00e3o de qualquer coisa envolve muitas horas de trabalho de outras pessoas. V\u00e3o aprender a gostar de colaborar e trabalhar com outras crian\u00e7as. Assim quando forem adultas saber\u00e3o trabalhar em equipe.<\/p>\n\n\n\n<p>Segundo a autora, as hist\u00f3rias devem auxili\u00e1-las a compreender a realidade, e tamb\u00e9m, aprenderem a ajudar o outro. D\u00e1 mesma forma que uma planta precisa de \u00e1gua, as pessoas precisam de cuidados.<\/p>\n\n\n\n<p>Compreender que quando as pessoas est\u00e3o mal-humoradas, precisamos ter paci\u00eancia com elas, mas que tamb\u00e9m precisamos, quando estamos com raiva aprendermos a controlar a raiva, pois ela \u00e9 como fogo, quando explode queima.<\/p>\n\n\n\n<p>E que podemos dar muitos beijos nas pessoas, com as palavras que escolhemos usar.<\/p>\n\n\n\n<p>Assistam ao v\u00eddeo, pois os conselhos servem para todas as crian\u00e7as e adultos tamb\u00e9m, aprender a controlar as emo\u00e7\u00f5es \u00e9 tarefa para uma vida inteira, assim como compreender e honrar os compromissos. Vale ressaltar que para ensinar as crian\u00e7as, tamb\u00e9m precisamos fazer, e sempre que aprendemos a fazer alguma coisa nova, devemos realmente fazer. Pois esta \u00e9 a forma mais simples de consolidar os nossos aprendizados.<\/p>\n\n\n\n<p>Al\u00e9m de aprender a usar as palavras beijos, entender qual o seu lugar no mundo, pois quando n\u00f3s fazemos coisas boas, nos destacamos como se fosse uma \u00fanica flor no jardim. Al\u00e9m de sermos uma bela flor \u00e9 necess\u00e1rio, tamb\u00e9m aprendermos a expressar nossas dores. Outro valor essencial \u00e9 saber compartilhar, economizar e sintetizar suas ideias. Assim aprender\u00e3o a ter foco, evitar a dispers\u00e3o e ter prop\u00f3sito de vida.<\/p>\n\n\n\n<p>Penso que com estes valores, as crian\u00e7as v\u00e3o aprender a saborear a vida, com mais sensibilidade, sendo capazes de ter serenidade e serem felizes agora. Essa crian\u00e7a quando adulta ser\u00e1 um cuidador humanizado, suas a\u00e7\u00f5es ser\u00e3o pautadas no cora\u00e7\u00e3o, no respeito e no amor.<\/p>\n\n\n\n<figure class=\"wp-block-embed is-type-video is-provider-youtube wp-block-embed-youtube wp-embed-aspect-16-9 wp-has-aspect-ratio\"><div class=\"wp-block-embed__wrapper\">\n<div class=\"ast-oembed-container\"><iframe loading=\"lazy\" title=\"O QUE ENSINAR \u00c0S CRIAN\u00c7AS: conselhos de uma m\u00e3e fil\u00f3sofa - L\u00facia Helena Galv\u00e3o da Nova Acr\u00f3pole\" width=\"500\" height=\"281\" src=\"https:\/\/www.youtube.com\/embed\/hMluhX4Gp4M?feature=oembed\" frameborder=\"0\" allow=\"accelerometer; autoplay; clipboard-write; encrypted-media; gyroscope; picture-in-picture\" allowfullscreen><\/iframe><\/div>\n<\/div><\/figure>\n","protected":false},"excerpt":{"rendered":"<p>Estas palavras s\u00e3o da professora L\u00facia Helena Galv\u00e3o que tem v\u00e1rios v\u00eddeos na internet e confesso gosto muito desta fil\u00f3sofa, pois ao fazer a an\u00e1lise de uma obra ela sempre relaciona, com a nossa vida cotidiana. Considero isso uma grande riqueza.&nbsp; Foi por isso que n\u00e3o resisti ao v\u00eddeo \u201co que ensinar \u00e0s crian\u00e7as\u201d e &hellip;<\/p>\n<p class=\"read-more\"> <a class=\"\" href=\"https:\/\/quemcuidadocuidador.com.br\/index.php\/2022\/08\/06\/suas-palavras-sao-beijos-ou-fogo\/\"> <span class=\"screen-reader-text\">Suas palavras s\u00e3o beijos ou fogo?<\/span> Leia mais &raquo;<\/a><\/p>\n","protected":false},"author":2,"featured_media":333,"comment_status":"open","ping_status":"open","sticky":false,"template":"","format":"standard","meta":{"om_disable_all_campaigns":false,"_monsterinsights_skip_tracking":false,"_monsterinsights_sitenote_active":false,"_monsterinsights_sitenote_note":"","_monsterinsights_sitenote_category":0,"site-sidebar-layout":"","site-content-layout":"","ast-main-header-display":"","ast-hfb-above-header-display":"","ast-hfb-below-header-display":"","ast-hfb-mobile-header-display":"","site-post-title":"","ast-breadcrumbs-content":"","ast-featured-img":"","footer-sml-layout":"","theme-transparent-header-meta":"","adv-header-id-meta":"","stick-header-meta":"","header-above-stick-meta":"","header-main-stick-meta":"","header-below-stick-meta":""},"categories":[5],"tags":[],"uagb_featured_image_src":{"full":["https:\/\/quemcuidadocuidador.com.br\/wp-content\/uploads\/2022\/08\/robert-collins-tvc5imO5pXk-unsplash-scaled.jpg",2560,1772,false],"thumbnail":["https:\/\/quemcuidadocuidador.com.br\/wp-content\/uploads\/2022\/08\/robert-collins-tvc5imO5pXk-unsplash-150x150.jpg",150,150,true],"medium":["https:\/\/quemcuidadocuidador.com.br\/wp-content\/uploads\/2022\/08\/robert-collins-tvc5imO5pXk-unsplash-300x208.jpg",300,208,true],"medium_large":["https:\/\/quemcuidadocuidador.com.br\/wp-content\/uploads\/2022\/08\/robert-collins-tvc5imO5pXk-unsplash-768x532.jpg",768,532,true],"large":["https:\/\/quemcuidadocuidador.com.br\/wp-content\/uploads\/2022\/08\/robert-collins-tvc5imO5pXk-unsplash-1024x709.jpg",1024,709,true],"1536x1536":["https:\/\/quemcuidadocuidador.com.br\/wp-content\/uploads\/2022\/08\/robert-collins-tvc5imO5pXk-unsplash-1536x1063.jpg",1536,1063,true],"2048x2048":["https:\/\/quemcuidadocuidador.com.br\/wp-content\/uploads\/2022\/08\/robert-collins-tvc5imO5pXk-unsplash-2048x1418.jpg",2048,1418,true]},"uagb_author_info":{"display_name":"Cicera A Feitosa","author_link":"https:\/\/quemcuidadocuidador.com.br\/index.php\/author\/cicera\/"},"uagb_comment_info":8,"uagb_excerpt":"Estas palavras s\u00e3o da professora L\u00facia Helena Galv\u00e3o que tem v\u00e1rios v\u00eddeos na internet e confesso gosto muito desta fil\u00f3sofa, pois ao fazer a an\u00e1lise de uma obra ela sempre relaciona, com a nossa vida cotidiana. Considero isso uma grande riqueza.&nbsp; Foi por isso que n\u00e3o resisti ao v\u00eddeo \u201co que ensinar \u00e0s crian\u00e7as\u201d e&hellip;","_links":{"self":[{"href":"https:\/\/quemcuidadocuidador.com.br\/index.php\/wp-json\/wp\/v2\/posts\/332"}],"collection":[{"href":"https:\/\/quemcuidadocuidador.com.br\/index.php\/wp-json\/wp\/v2\/posts"}],"about":[{"href":"https:\/\/quemcuidadocuidador.com.br\/index.php\/wp-json\/wp\/v2\/types\/post"}],"author":[{"embeddable":true,"href":"https:\/\/quemcuidadocuidador.com.br\/index.php\/wp-json\/wp\/v2\/users\/2"}],"replies":[{"embeddable":true,"href":"https:\/\/quemcuidadocuidador.com.br\/index.php\/wp-json\/wp\/v2\/comments?post=332"}],"version-history":[{"count":2,"href":"https:\/\/quemcuidadocuidador.com.br\/index.php\/wp-json\/wp\/v2\/posts\/332\/revisions"}],"predecessor-version":[{"id":336,"href":"https:\/\/quemcuidadocuidador.com.br\/index.php\/wp-json\/wp\/v2\/posts\/332\/revisions\/336"}],"wp:featuredmedia":[{"embeddable":true,"href":"https:\/\/quemcuidadocuidador.com.br\/index.php\/wp-json\/wp\/v2\/media\/333"}],"wp:attachment":[{"href":"https:\/\/quemcuidadocuidador.com.br\/index.php\/wp-json\/wp\/v2\/media?parent=332"}],"wp:term":[{"taxonomy":"category","embeddable":true,"href":"https:\/\/quemcuidadocuidador.com.br\/index.php\/wp-json\/wp\/v2\/categories?post=332"},{"taxonomy":"post_tag","embeddable":true,"href":"https:\/\/quemcuidadocuidador.com.br\/index.php\/wp-json\/wp\/v2\/tags?post=332"}],"curies":[{"name":"wp","href":"https:\/\/api.w.org\/{rel}","templated":true}]}}