{"id":310,"date":"2022-07-02T06:29:31","date_gmt":"2022-07-02T10:29:31","guid":{"rendered":"https:\/\/quemcuidadocuidador.com.br\/?p=310"},"modified":"2022-07-02T06:29:32","modified_gmt":"2022-07-02T10:29:32","slug":"devo-cuidar-de-quem-meu-pai-ou-meu-filho","status":"publish","type":"post","link":"https:\/\/quemcuidadocuidador.com.br\/index.php\/2022\/07\/02\/devo-cuidar-de-quem-meu-pai-ou-meu-filho\/","title":{"rendered":"Devo cuidar de quem? Meu pai ou meu filho?"},"content":{"rendered":"\n<p>Nossa vida \u00e9 feita de escolhas, estou num momento que preciso fazer uma. Aos que me conhecem sabem que tanto meu pai, quanto meu filho precisam de cuidados.<\/p>\n\n\n\n<p>No momento atual reconhe\u00e7o que tenho sacrificado a vida de meu filho, em virtude dos cuidados a meu pai.<\/p>\n\n\n\n<p>Em consulta a semana passada a neuro de meu filho me disse: \u201cPedro Henrique n\u00e3o pode continuar assim! Entre a \u00faltima consulta e hoje ele engordou 5 quilos.\u201d<\/p>\n\n\n\n<p>Sua vida est\u00e1 totalmente sedent\u00e1ria.&nbsp; Antes ele tinha a escola pra ir, de uma certa forma era um espa\u00e7o de socializa\u00e7\u00e3o. Agora ele est\u00e1 ficando s\u00f3 em casa, pois terminou o ensino m\u00e9dio. E at\u00e9 o momento n\u00e3o consegui nenhuma atividade que ele possa realizar. Da mesma forma que tamb\u00e9m n\u00e3o tenho conseguido lev\u00e1-lo para fazer terapia, por n\u00e3o ter com quem deixar meu pai.<\/p>\n\n\n\n<p>Admito que pela primeira vez, estou a considerar a hip\u00f3tese do asilo para meu pai. Mas meu peito aperta cada vez que penso nela. Pois ele passa o dia inteiro procurando por mim e por meu filho. Basta n\u00e3o estarmos a sua vista.<\/p>\n\n\n\n<p>Quem lhe cobrir\u00e1 os p\u00e9s nas noites frias?<\/p>\n\n\n\n<p>Quem far\u00e1 caf\u00e9 \u00e0s quatro horas da madrugada para ele, s\u00f3 porque ele se recusa a voltar a deitar?<\/p>\n\n\n\n<p>Quem aceitar\u00e1 sentar ao seu lado no sof\u00e1 e aguentar a cada minuto ele mandando a gente olhar na televis\u00e3o?<\/p>\n\n\n\n<p>Quem far\u00e1 um lanche e se ele n\u00e3o aceitar com seu cl\u00e1ssico \u201cn\u00e3o posso\u201d entender\u00e1 que ele n\u00e3o quer aquele lanche, mas que se voc\u00ea levar algo diferente, ele vai \u201cpoder\u201d.<\/p>\n\n\n\n<p>Que, no momento que ele se recusa a trocar a fralda, ficando bravo e falando alto, o enfrentar\u00e1, apenas para garantir que ele n\u00e3o fique molhado?<\/p>\n\n\n\n<p>Quem na hora de muita pressa ir\u00e1 lembrar de passar creme em suas pernas e bra\u00e7os?<\/p>\n\n\n\n<p>Quem ap\u00f3s cinco minutos dele ter tomado o mingau, far\u00e1 outro, porque ele insiste que ningu\u00e9m deu nada para ele?<\/p>\n\n\n\n<p>Lembrando que no asilo, a pessoa que est\u00e1 cuidando, cuida de v\u00e1rios que precisam e requerem os mesmos cuidados.<\/p>\n\n\n\n<p>Quem manter\u00e1 com ele um di\u00e1logo sobre o passado, fazendo perguntas de forma que ele possa participar da conversa com sim ou n\u00e3o? Se n\u00e3o conhecem sua hist\u00f3ria de vida e muito menos a vivenciaram?<\/p>\n\n\n\n<p>Cada vez que penso essas coisas m\u00ednimas, falta-me a coragem. Como posso deixar meu pai num asilo, para outras pessoas cuidarem?<\/p>\n\n\n\n<p>Acompanhei o surgimento das rugas, a flacidez da pele, o embranquecer dos poucos fiapos de cabelo que ainda existem. N\u00e3o lhe deixo faltar uma boina, para ele esconder a cabe\u00e7a careca, como sempre fazia quando tinha condi\u00e7\u00f5es de escolher.<\/p>\n\n\n\n<p>Presenciei a transforma\u00e7\u00e3o de suas m\u00e3os calejadas pelo cabo da enxada, em m\u00e3os de pele t\u00e3o fina quanto a de um beb\u00ea.<\/p>\n\n\n\n<p>\u00c9 uma pena que Deus, em sua infinita miseric\u00f3rdia, n\u00e3o permitiu aos velhos, se tornarem pequenos como um beb\u00ea, pois assim o pegar\u00edamos no colo e o embalar\u00edamos, cantando uma can\u00e7\u00e3o de ninar para eles dormirem. Afinal de contas eles voltam a ter medo de bicho pap\u00e3o, de escurid\u00e3o&#8230; e de ficar sozinhos.<\/p>\n\n\n\n<p>Como posso escolher de quem cuidar, se ambos s\u00e3o seres indefesos, que precisam de cuidados e, nem todos os seres humanos s\u00e3o humanizados o suficiente para cuidar do outro?<\/p>\n","protected":false},"excerpt":{"rendered":"<p>Nossa vida \u00e9 feita de escolhas, estou num momento que preciso fazer uma. Aos que me conhecem sabem que tanto meu pai, quanto meu filho precisam de cuidados. No momento atual reconhe\u00e7o que tenho sacrificado a vida de meu filho, em virtude dos cuidados a meu pai. Em consulta a semana passada a neuro de &hellip;<\/p>\n<p class=\"read-more\"> <a class=\"\" href=\"https:\/\/quemcuidadocuidador.com.br\/index.php\/2022\/07\/02\/devo-cuidar-de-quem-meu-pai-ou-meu-filho\/\"> <span class=\"screen-reader-text\">Devo cuidar de quem? Meu pai ou meu filho?<\/span> Leia mais &raquo;<\/a><\/p>\n","protected":false},"author":2,"featured_media":311,"comment_status":"open","ping_status":"open","sticky":false,"template":"","format":"standard","meta":{"om_disable_all_campaigns":false,"_monsterinsights_skip_tracking":false,"_monsterinsights_sitenote_active":false,"_monsterinsights_sitenote_note":"","_monsterinsights_sitenote_category":0,"site-sidebar-layout":"","site-content-layout":"","ast-main-header-display":"","ast-hfb-above-header-display":"","ast-hfb-below-header-display":"","ast-hfb-mobile-header-display":"","site-post-title":"","ast-breadcrumbs-content":"","ast-featured-img":"","footer-sml-layout":"","theme-transparent-header-meta":"","adv-header-id-meta":"","stick-header-meta":"","header-above-stick-meta":"","header-main-stick-meta":"","header-below-stick-meta":""},"categories":[5],"tags":[],"uagb_featured_image_src":{"full":["https:\/\/quemcuidadocuidador.com.br\/wp-content\/uploads\/2022\/07\/annie-spratt-EoXZM0Ncc_o-unsplash-scaled.jpg",2560,1707,false],"thumbnail":["https:\/\/quemcuidadocuidador.com.br\/wp-content\/uploads\/2022\/07\/annie-spratt-EoXZM0Ncc_o-unsplash-150x150.jpg",150,150,true],"medium":["https:\/\/quemcuidadocuidador.com.br\/wp-content\/uploads\/2022\/07\/annie-spratt-EoXZM0Ncc_o-unsplash-300x200.jpg",300,200,true],"medium_large":["https:\/\/quemcuidadocuidador.com.br\/wp-content\/uploads\/2022\/07\/annie-spratt-EoXZM0Ncc_o-unsplash-768x512.jpg",768,512,true],"large":["https:\/\/quemcuidadocuidador.com.br\/wp-content\/uploads\/2022\/07\/annie-spratt-EoXZM0Ncc_o-unsplash-1024x683.jpg",1024,683,true],"1536x1536":["https:\/\/quemcuidadocuidador.com.br\/wp-content\/uploads\/2022\/07\/annie-spratt-EoXZM0Ncc_o-unsplash-1536x1024.jpg",1536,1024,true],"2048x2048":["https:\/\/quemcuidadocuidador.com.br\/wp-content\/uploads\/2022\/07\/annie-spratt-EoXZM0Ncc_o-unsplash-2048x1365.jpg",2048,1365,true]},"uagb_author_info":{"display_name":"Cicera A Feitosa","author_link":"https:\/\/quemcuidadocuidador.com.br\/index.php\/author\/cicera\/"},"uagb_comment_info":16,"uagb_excerpt":"Nossa vida \u00e9 feita de escolhas, estou num momento que preciso fazer uma. Aos que me conhecem sabem que tanto meu pai, quanto meu filho precisam de cuidados. No momento atual reconhe\u00e7o que tenho sacrificado a vida de meu filho, em virtude dos cuidados a meu pai. Em consulta a semana passada a neuro de&hellip;","_links":{"self":[{"href":"https:\/\/quemcuidadocuidador.com.br\/index.php\/wp-json\/wp\/v2\/posts\/310"}],"collection":[{"href":"https:\/\/quemcuidadocuidador.com.br\/index.php\/wp-json\/wp\/v2\/posts"}],"about":[{"href":"https:\/\/quemcuidadocuidador.com.br\/index.php\/wp-json\/wp\/v2\/types\/post"}],"author":[{"embeddable":true,"href":"https:\/\/quemcuidadocuidador.com.br\/index.php\/wp-json\/wp\/v2\/users\/2"}],"replies":[{"embeddable":true,"href":"https:\/\/quemcuidadocuidador.com.br\/index.php\/wp-json\/wp\/v2\/comments?post=310"}],"version-history":[{"count":1,"href":"https:\/\/quemcuidadocuidador.com.br\/index.php\/wp-json\/wp\/v2\/posts\/310\/revisions"}],"predecessor-version":[{"id":312,"href":"https:\/\/quemcuidadocuidador.com.br\/index.php\/wp-json\/wp\/v2\/posts\/310\/revisions\/312"}],"wp:featuredmedia":[{"embeddable":true,"href":"https:\/\/quemcuidadocuidador.com.br\/index.php\/wp-json\/wp\/v2\/media\/311"}],"wp:attachment":[{"href":"https:\/\/quemcuidadocuidador.com.br\/index.php\/wp-json\/wp\/v2\/media?parent=310"}],"wp:term":[{"taxonomy":"category","embeddable":true,"href":"https:\/\/quemcuidadocuidador.com.br\/index.php\/wp-json\/wp\/v2\/categories?post=310"},{"taxonomy":"post_tag","embeddable":true,"href":"https:\/\/quemcuidadocuidador.com.br\/index.php\/wp-json\/wp\/v2\/tags?post=310"}],"curies":[{"name":"wp","href":"https:\/\/api.w.org\/{rel}","templated":true}]}}