{"id":288,"date":"2022-06-04T05:45:19","date_gmt":"2022-06-04T09:45:19","guid":{"rendered":"https:\/\/quemcuidadocuidador.com.br\/?p=288"},"modified":"2022-06-04T05:45:22","modified_gmt":"2022-06-04T09:45:22","slug":"carta-ao-governador-teletrabalho","status":"publish","type":"post","link":"https:\/\/quemcuidadocuidador.com.br\/index.php\/2022\/06\/04\/carta-ao-governador-teletrabalho\/","title":{"rendered":"Carta ao Governador: Teletrabalho."},"content":{"rendered":"\n<p>Caro senhor Mauro Mendes, Governador do Estado de Mato Grosso, ao vetar o direito de redu\u00e7\u00e3o da carga hor\u00e1ria em 50% e ofertado a possibilidade de teletrabalho \u00e0s m\u00e3es, acredito que deve ser por falta de conhecimento da realidade que cada m\u00e3e vive, de acordo com cada defici\u00eancia que o filho(a) possui.<\/p>\n\n\n\n<p>Posso falar do meu filho, Pedro Henrique, quando era pequeno e exigia aten\u00e7\u00e3o 24 horas por dia. E tamb\u00e9m do meu trabalho como professora de uma escola de periferia do munic\u00edpio de C\u00e1ceres e que a renda da maioria das fam\u00edlias n\u00e3o permite disponibilizar a seus filhos um celular para assistir as aulas, muito menos um notebook ou tablet.<\/p>\n\n\n\n<p>Al\u00e9m dessa realidade \u00e9 preciso levar em conta que, com a pandemia, os pobres ficaram mais pobres, alguns perderam suas fontes de renda e, devido ao alto custo de tudo, os mesmos n\u00e3o t\u00eam condi\u00e7\u00f5es de recome\u00e7ar um neg\u00f3cio.<\/p>\n\n\n\n<p>Quando falo sobre isso \u00e9 pela minha experi\u00eancia pessoal, as dificuldades que enfrento em manter minha casa. Quando vou ao supermercado, at\u00e9 evito passar pela se\u00e7\u00e3o dos enlatados e na fila do a\u00e7ougue, onde j\u00e1 n\u00e3o pe\u00e7o mais carne de primeira.<\/p>\n\n\n\n<p>Preciso fazer o maior malabarismo para pagar a presta\u00e7\u00e3o do meu carro, que no meu caso n\u00e3o \u00e9 um luxo, pois com frequ\u00eancia preciso levar meu filho em Cuiab\u00e1 para consultas e exames m\u00e9dicos.<\/p>\n\n\n\n<p>Pergunte a qualquer pai ou m\u00e3e que tenha filho com defici\u00eancia como \u00e9 dif\u00edcil usar transporte p\u00fablico, para que o senhor tenha um pequeno vislumbre da situa\u00e7\u00e3o. Al\u00e9m disso, tenho um pai de 95 anos, que h\u00e1 vinte e cinco anos teve AVC e tem total dificuldade de locomo\u00e7\u00e3o. Para ele o transporte p\u00fablico tamb\u00e9m \u00e9 invi\u00e1vel. Portanto um carro para mim e muitas outras fam\u00edlias que passam por situa\u00e7\u00f5es semelhantes \u00e9 uma necessidade b\u00e1sica.<\/p>\n\n\n\n<p>Entretanto, ainda h\u00e1 os medicamentos que meu filho toma tr\u00eas vezes ao dia, cada um. J\u00e1 estou a dividir em cinco ou oito vezes para conseguir pagar. O que n\u00e3o faz muita diferen\u00e7a, pois preciso compr\u00e1-los todo m\u00eas.<\/p>\n\n\n\n<p>Embora essa realidade fa\u00e7a parte da vida de muitas fam\u00edlias, ainda \u00e9 muito dif\u00edcil conseguir o aux\u00edlio BPC (Benef\u00edcio para a pessoa com defici\u00eancia). De uma certa forma s\u00f3 se consegue, quando se est\u00e1 vivendo num estado de absoluta mis\u00e9ria.<\/p>\n\n\n\n<p>Mas voltando ao teletrabalho, para mim, tanto quando meu filho era pequeno, quanto hoje, \u00e9 totalmente invi\u00e1vel. Quando ele era pequeno at\u00e9 descobrir que ele tinha S\u00edndrome Doose e achar um medicamento que controlasse as quedas de desmonte foram anos. Isso significou sair muitas vezes correndo para lev\u00e1-lo ao hospital: por v\u00e1rias vezes com dentes arrancados em quedas, boca cortada, batidas na cabe\u00e7a que o deixavam desorientado e, muitas, muitas quebraduras: clav\u00edcula, bra\u00e7os etc. Essa realidade contribui para meu filho ter um diagn\u00f3stico tardio de autismo.<\/p>\n\n\n\n<p>Al\u00e9m dos sustos, meu filho em cima do muro, de \u00e1rvores e do telhado da casa, era preciso desc\u00ea-lo.<\/p>\n\n\n\n<p>Aos 19 anos, suas crises de epilepsia, n\u00e3o est\u00e3o controladas, falta testar um \u00fanico medicamento, pois doen\u00e7as raras, que atinge uma pequena parcela da sociedade, parece n\u00e3o receber muito incentivo para pesquisa de novos medicamentos.<\/p>\n\n\n\n<p>Diga-me senhor Governador, em situa\u00e7\u00f5es como essa se tivesse em teletrabalho, quem o senhor acha que eu iria priorizar? O teletrabalho, ou meu filho?<\/p>\n\n\n\n<p>Portanto, sua oferta de teletrabalho certamente n\u00e3o tem a minha gratid\u00e3o e nem de in\u00fameras m\u00e3es que vivem situa\u00e7\u00f5es semelhantes. Outra coisa, se estamos em teletrabalho, qual \u00e9 o momento que levaremos nossos filhos para fazer as terapias?<\/p>\n\n\n\n<p>Para eles, elas s\u00e3o essenciais, pois representam a garantia m\u00ednima de melhorar a qualidade de vida deles. &nbsp;Ou pelo menos, uma tentativa, para que tenham independ\u00eancia e quem sabe no futuro consigam se encaixar nessa sociedade t\u00e3o excludente.<\/p>\n\n\n\n<p>Para refletir, o senhor j\u00e1 pensou qual a diferen\u00e7a entre o passado em que os filhos com defici\u00eancia eram escondidos e\/ou abandonados para morrer e os dias atuais?<\/p>\n\n\n\n<p>Para poupar o vosso tempo vou responder: Nos dias atuais, aquelas e aqueles de n\u00f3s que ainda tem um trabalho, ganhamos apenas o direito de permanecer, pouco, com os nossos filhos. Pois nos faltam recursos e condi\u00e7\u00f5es para cuidar deles, al\u00e9m de pessoas humanizadas que os atendam com o respeito que merecem, pois s\u00e3o seres humanos.<\/p>\n\n\n\n<p>Para n\u00e3o me estender mais, Senhor Governador comunico ao senhor e a todas as outras pessoas que t\u00eam o poder de decidirem nesse Pa\u00eds, que n\u00f3s m\u00e3es e pais de filhos com defici\u00eancia(s) tamb\u00e9m estamos adoecendo e precisando de cuidados. E posso garantir, n\u00f3s ao cuidarmos de nossos filhos, somos um custo bem menor, para o Estado.<\/p>\n\n\n\n<p>Na oportunidade, ao sonhar que esta carta chegue a suas m\u00e3os e as m\u00e3os de todos os deputados, solicito que os Senhores pensem nas m\u00e3es que n\u00e3o podem trabalhar, por seus filhos precisarem de cuidados em tempo integral e criem uma Lei que lhes permita receber um sal\u00e1rio.<\/p>\n\n\n\n<p>N\u00e3o ir\u00e1 resolver todos os problemas que elas enfrentam, mas permitir\u00e1 \u00e0s mesmas terem um pouquinho de dignidade, nas necessidades m\u00ednimas do dia a dia, pois assim, ter\u00e3o um m\u00ednimo de independ\u00eancia e n\u00e3o depender\u00e3o apenas da boa vontade de outrem, quando precisarem implorar por socorro.<\/p>\n","protected":false},"excerpt":{"rendered":"<p>Caro senhor Mauro Mendes, Governador do Estado de Mato Grosso, ao vetar o direito de redu\u00e7\u00e3o da carga hor\u00e1ria em 50% e ofertado a possibilidade de teletrabalho \u00e0s m\u00e3es, acredito que deve ser por falta de conhecimento da realidade que cada m\u00e3e vive, de acordo com cada defici\u00eancia que o filho(a) possui. Posso falar do &hellip;<\/p>\n<p class=\"read-more\"> <a class=\"\" href=\"https:\/\/quemcuidadocuidador.com.br\/index.php\/2022\/06\/04\/carta-ao-governador-teletrabalho\/\"> <span class=\"screen-reader-text\">Carta ao Governador: Teletrabalho.<\/span> Leia mais &raquo;<\/a><\/p>\n","protected":false},"author":2,"featured_media":289,"comment_status":"open","ping_status":"open","sticky":false,"template":"","format":"standard","meta":{"om_disable_all_campaigns":false,"_monsterinsights_skip_tracking":false,"_monsterinsights_sitenote_active":false,"_monsterinsights_sitenote_note":"","_monsterinsights_sitenote_category":0,"site-sidebar-layout":"","site-content-layout":"","ast-main-header-display":"","ast-hfb-above-header-display":"","ast-hfb-below-header-display":"","ast-hfb-mobile-header-display":"","site-post-title":"","ast-breadcrumbs-content":"","ast-featured-img":"","footer-sml-layout":"","theme-transparent-header-meta":"","adv-header-id-meta":"","stick-header-meta":"","header-above-stick-meta":"","header-main-stick-meta":"","header-below-stick-meta":""},"categories":[5],"tags":[],"uagb_featured_image_src":{"full":["https:\/\/quemcuidadocuidador.com.br\/wp-content\/uploads\/2022\/06\/hu-chen-tCbTGNwrFNM-unsplash-scaled.jpg",2560,1709,false],"thumbnail":["https:\/\/quemcuidadocuidador.com.br\/wp-content\/uploads\/2022\/06\/hu-chen-tCbTGNwrFNM-unsplash-150x150.jpg",150,150,true],"medium":["https:\/\/quemcuidadocuidador.com.br\/wp-content\/uploads\/2022\/06\/hu-chen-tCbTGNwrFNM-unsplash-300x200.jpg",300,200,true],"medium_large":["https:\/\/quemcuidadocuidador.com.br\/wp-content\/uploads\/2022\/06\/hu-chen-tCbTGNwrFNM-unsplash-768x513.jpg",768,513,true],"large":["https:\/\/quemcuidadocuidador.com.br\/wp-content\/uploads\/2022\/06\/hu-chen-tCbTGNwrFNM-unsplash-1024x684.jpg",1024,684,true],"1536x1536":["https:\/\/quemcuidadocuidador.com.br\/wp-content\/uploads\/2022\/06\/hu-chen-tCbTGNwrFNM-unsplash-1536x1025.jpg",1536,1025,true],"2048x2048":["https:\/\/quemcuidadocuidador.com.br\/wp-content\/uploads\/2022\/06\/hu-chen-tCbTGNwrFNM-unsplash-2048x1367.jpg",2048,1367,true]},"uagb_author_info":{"display_name":"Cicera A Feitosa","author_link":"https:\/\/quemcuidadocuidador.com.br\/index.php\/author\/cicera\/"},"uagb_comment_info":13,"uagb_excerpt":"Caro senhor Mauro Mendes, Governador do Estado de Mato Grosso, ao vetar o direito de redu\u00e7\u00e3o da carga hor\u00e1ria em 50% e ofertado a possibilidade de teletrabalho \u00e0s m\u00e3es, acredito que deve ser por falta de conhecimento da realidade que cada m\u00e3e vive, de acordo com cada defici\u00eancia que o filho(a) possui. Posso falar do&hellip;","_links":{"self":[{"href":"https:\/\/quemcuidadocuidador.com.br\/index.php\/wp-json\/wp\/v2\/posts\/288"}],"collection":[{"href":"https:\/\/quemcuidadocuidador.com.br\/index.php\/wp-json\/wp\/v2\/posts"}],"about":[{"href":"https:\/\/quemcuidadocuidador.com.br\/index.php\/wp-json\/wp\/v2\/types\/post"}],"author":[{"embeddable":true,"href":"https:\/\/quemcuidadocuidador.com.br\/index.php\/wp-json\/wp\/v2\/users\/2"}],"replies":[{"embeddable":true,"href":"https:\/\/quemcuidadocuidador.com.br\/index.php\/wp-json\/wp\/v2\/comments?post=288"}],"version-history":[{"count":1,"href":"https:\/\/quemcuidadocuidador.com.br\/index.php\/wp-json\/wp\/v2\/posts\/288\/revisions"}],"predecessor-version":[{"id":290,"href":"https:\/\/quemcuidadocuidador.com.br\/index.php\/wp-json\/wp\/v2\/posts\/288\/revisions\/290"}],"wp:featuredmedia":[{"embeddable":true,"href":"https:\/\/quemcuidadocuidador.com.br\/index.php\/wp-json\/wp\/v2\/media\/289"}],"wp:attachment":[{"href":"https:\/\/quemcuidadocuidador.com.br\/index.php\/wp-json\/wp\/v2\/media?parent=288"}],"wp:term":[{"taxonomy":"category","embeddable":true,"href":"https:\/\/quemcuidadocuidador.com.br\/index.php\/wp-json\/wp\/v2\/categories?post=288"},{"taxonomy":"post_tag","embeddable":true,"href":"https:\/\/quemcuidadocuidador.com.br\/index.php\/wp-json\/wp\/v2\/tags?post=288"}],"curies":[{"name":"wp","href":"https:\/\/api.w.org\/{rel}","templated":true}]}}