{"id":284,"date":"2022-05-28T09:52:14","date_gmt":"2022-05-28T13:52:14","guid":{"rendered":"https:\/\/quemcuidadocuidador.com.br\/?p=284"},"modified":"2022-05-28T09:52:16","modified_gmt":"2022-05-28T13:52:16","slug":"iv-conferencia-estadual-de-saude-mental-direito-de-todos","status":"publish","type":"post","link":"https:\/\/quemcuidadocuidador.com.br\/index.php\/2022\/05\/28\/iv-conferencia-estadual-de-saude-mental-direito-de-todos\/","title":{"rendered":"IV Confer\u00eancia Estadual de Sa\u00fade Mental: direito de todos?!"},"content":{"rendered":"\n<p>Na IV Confer\u00eancia de Sa\u00fade Mental de Mato Grosso, realizada nos dias 25, 26 e 27 de maio de 2022, com representantes de v\u00e1rios munic\u00edpios, compostos por trabalhadores da sa\u00fade, prestadores de servi\u00e7o, governo &nbsp;e usu\u00e1rios, foi poss\u00edvel perceber a diversidade dos povos que comp\u00f5em o estado de Mato Grosso e as dificuldades enfrentadas em cada regi\u00e3o quando o assunto \u00e9 sa\u00fade e mais especificamente, sa\u00fade mental.<\/p>\n\n\n\n<p>Para atender a todas as pessoas, respeitando a individualidade de cada uma e as dores que todos vivenciam, por receberem um atendimento de Sa\u00fade Mental, que n\u00e3o est\u00e1 adequado com suas necessidades, pois os \u00f3rg\u00e3os que devem oferecer estes atendimentos, nem sempre t\u00eam os profissionais adequados. Ou quando t\u00eam n\u00e3o \u00e9 suficiente para atender toda a demanda existente.<\/p>\n\n\n\n<p>Em especial hoje, quando a sociedade lida com o aumento de casos de transtornos mentais no contexto p\u00f3s-pand\u00eamico e, ainda, diante de muitos casos de agress\u00e3o relatados pela m\u00eddia, envolvendo escolas, onde crian\u00e7as e adolescentes t\u00eam apresentado crises coletivas de p\u00e2nico, de ansiedade e de agress\u00f5es.<\/p>\n\n\n\n<p>&nbsp;E, tamb\u00e9m a atua\u00e7\u00e3o de policiais, muitas vezes despreparados para lidar com pessoas que apresentam quadros de transtornos mentais e, \u00e0s vezes elas ficam vagando pelas ruas ou ent\u00e3o em abordagens comuns, que por vezes se tornam trag\u00e9dias. Como lidar com essas situa\u00e7\u00f5es?<\/p>\n\n\n\n<p>Durante os tr\u00eas dias foram debatidos temas pertinentes \u00e0s mudan\u00e7as que desejamos e as que se fazem necess\u00e1rias ao atendimento da Sa\u00fade Mental com qualidade e equidade para todos:<\/p>\n\n\n\n<ul><li>Formula\u00e7\u00e3o da Pol\u00edtica Estadual de Sa\u00fade Mental e o fortalecimento dos programas e a\u00e7\u00f5es de Sa\u00fade Mental para todo o territ\u00f3rio Estadual;<\/li><li>Cuidado em Liberdade como garantia de direito \u00e0 cidadania;<\/li><li>Pol\u00edtica de sa\u00fade mental e os princ\u00edpios do SUS: Universalidade, Integralidade e Equidade;<\/li><li>Gest\u00e3o, financiamento, forma\u00e7\u00e3o e participa\u00e7\u00e3o social na garantia de servi\u00e7os de sa\u00fade mental; e,<\/li><li>Impactos na sa\u00fade mental da popula\u00e7\u00e3o e os desafios para o cuidado psicossocial durante e p\u00f3s-pandemia.<\/li><\/ul>\n\n\n\n<p>Participei deste evento representando a categoria de usu\u00e1ria. Como filha, tenho um pai idoso de 95 anos, que teve AVC a 25 anos e durante todos esses anos precisei do atendimento do SUS e, como m\u00e3e, pois tenho um filho de 19 anos que tem S\u00edndrome Doose e Espectro Autista.<\/p>\n\n\n\n<p>&nbsp;Confesso que ao longo dos anos vivenciei momentos de alegria e tristeza com o atendimento recebido, mas nos dias atuais a frustra\u00e7\u00e3o tem aumentado. Por isso, recentemente tenho ido com frequ\u00eancia \u00e0 C\u00e2mara Municipal e participado de reuni\u00f5es com vereadores, secret\u00e1rias de Sa\u00fade e de Assist\u00eancia Social e a prefeita de C\u00e1ceres.<\/p>\n\n\n\n<p>Fa\u00e7o parte do grupo de m\u00e3es de filhos com espectro autista e estamos tendo muita dificuldade para que nossos filhos tenham m\u00e9dicos, terapias e medicamentos adequados as suas necessidades e especificidades. \u00c9 preciso mais profissionais que tenham n\u00e3o s\u00f3 a forma\u00e7\u00e3o t\u00e9cnica, mas o olhar mais humanizado e emp\u00e1tico para o paciente e para n\u00f3s, suas fam\u00edlias.<\/p>\n\n\n\n<p>Portanto, quando surgiu a oportunidade de participar da Confer\u00eancia de Sa\u00fade Mental em meu munic\u00edpio participei e me candidatei a ser delegada na Confer\u00eancia Estadual. Nesta participei mais uma vez da vota\u00e7\u00e3o, para participar da Confer\u00eancia Nacional em Bras\u00edlia, por acreditar que n\u00e3o podemos apenas reclamar ou desistir frente a falta de pol\u00edticas p\u00fablicas que nos atendam e aos nossos entes queridos.<\/p>\n\n\n\n<p>Por\u00e9m, \u00e9 preciso termos informa\u00e7\u00f5es e conhecimento sobre nossos direitos e se poss\u00edvel ajudarmos na constru\u00e7\u00e3o e reformula\u00e7\u00e3o dos mesmos, quando estes n\u00e3o estiverem atendendo a necessidade de nossos filhos e da sociedade como um todo.<\/p>\n\n\n\n<p>Todas as vezes que estamos juntos na constru\u00e7\u00e3o de direitos para todos, torna-se poss\u00edvel criarmos condi\u00e7\u00f5es para que nossas individualidades sejam respeitadas e possamos receber um tratamento mais humanizado para mim, para voc\u00ea, seus filhos e seus pais.<\/p>\n\n\n\n<p>E, o mais importante, sem mendigarmos favores a nossos representantes pol\u00edticos ou ainda que n\u00e3o tenhamos que recorrer a meios judiciais, para conseguir uma consulta, um medicamento. \u00c9 um direito meu e seu. Portanto, convido voc\u00ea: Vamos juntos construirmos uma Sa\u00fade Mental com qualidade para toda a sociedade?<\/p>\n\n\n\n<p>Na oportunidade quero agradecer minhas amigas de C\u00e1ceres, tamb\u00e9m representantes de usu\u00e1rios que participaram da Confer\u00eancia me apoiaram e votaram em mim e a todos os representantes dos munic\u00edpios da regi\u00e3o Oeste: C\u00e1ceres, Mirassol D\u2019 Oeste, S\u00e3o Jos\u00e9 dos Quatro Marcos, Araputanga, Pontes e Lacerda, Reserva do Caba\u00e7al, Lambari D\u2019 Oeste, Rio Branco, Campos de J\u00falio etc.<\/p>\n\n\n\n<p>Vou honrar cada voto recebido e lembrar de todas as dificuldades que eu e voc\u00ea enfrentamos quando precisamos de atendimento para n\u00f3s, nossos filhos e pais. Tenho esperan\u00e7a de melhoras no atendimento da Sa\u00fade Mental de todo o estado de Mato Grosso, ap\u00f3s a Confer\u00eancia Nacional.<\/p>\n\n\n\n<p>Na oportunidade quero parabenizar os organizadores da Confer\u00eancia Estadual e agradecer ao munic\u00edpio de C\u00e1ceres, por ter contribu\u00eddo com a nossa participa\u00e7\u00e3o.<\/p>\n\n\n\n<p>Para finalizar lembro ainda que quando se trata da sa\u00fade mental, o cuidar torna-se ainda mais desgastante. E quem cuida precisa ser cuidado, na mesma propor\u00e7\u00e3o de quem recebe cuidados.<\/p>\n","protected":false},"excerpt":{"rendered":"<p>Na IV Confer\u00eancia de Sa\u00fade Mental de Mato Grosso, realizada nos dias 25, 26 e 27 de maio de 2022, com representantes de v\u00e1rios munic\u00edpios, compostos por trabalhadores da sa\u00fade, prestadores de servi\u00e7o, governo &nbsp;e usu\u00e1rios, foi poss\u00edvel perceber a diversidade dos povos que comp\u00f5em o estado de Mato Grosso e as dificuldades enfrentadas em &hellip;<\/p>\n<p class=\"read-more\"> <a class=\"\" href=\"https:\/\/quemcuidadocuidador.com.br\/index.php\/2022\/05\/28\/iv-conferencia-estadual-de-saude-mental-direito-de-todos\/\"> <span class=\"screen-reader-text\">IV Confer\u00eancia Estadual de Sa\u00fade Mental: direito de todos?!<\/span> Leia mais &raquo;<\/a><\/p>\n","protected":false},"author":2,"featured_media":285,"comment_status":"open","ping_status":"open","sticky":false,"template":"","format":"standard","meta":{"om_disable_all_campaigns":false,"_monsterinsights_skip_tracking":false,"_monsterinsights_sitenote_active":false,"_monsterinsights_sitenote_note":"","_monsterinsights_sitenote_category":0,"site-sidebar-layout":"","site-content-layout":"","ast-main-header-display":"","ast-hfb-above-header-display":"","ast-hfb-below-header-display":"","ast-hfb-mobile-header-display":"","site-post-title":"","ast-breadcrumbs-content":"","ast-featured-img":"","footer-sml-layout":"","theme-transparent-header-meta":"","adv-header-id-meta":"","stick-header-meta":"","header-above-stick-meta":"","header-main-stick-meta":"","header-below-stick-meta":""},"categories":[5],"tags":[],"uagb_featured_image_src":{"full":["https:\/\/quemcuidadocuidador.com.br\/wp-content\/uploads\/2022\/05\/WhatsApp-Image-2022-05-28-at-08.02.45.jpeg",1439,1080,false],"thumbnail":["https:\/\/quemcuidadocuidador.com.br\/wp-content\/uploads\/2022\/05\/WhatsApp-Image-2022-05-28-at-08.02.45-150x150.jpeg",150,150,true],"medium":["https:\/\/quemcuidadocuidador.com.br\/wp-content\/uploads\/2022\/05\/WhatsApp-Image-2022-05-28-at-08.02.45-300x225.jpeg",300,225,true],"medium_large":["https:\/\/quemcuidadocuidador.com.br\/wp-content\/uploads\/2022\/05\/WhatsApp-Image-2022-05-28-at-08.02.45-768x576.jpeg",768,576,true],"large":["https:\/\/quemcuidadocuidador.com.br\/wp-content\/uploads\/2022\/05\/WhatsApp-Image-2022-05-28-at-08.02.45-1024x769.jpeg",1024,769,true],"1536x1536":["https:\/\/quemcuidadocuidador.com.br\/wp-content\/uploads\/2022\/05\/WhatsApp-Image-2022-05-28-at-08.02.45.jpeg",1439,1080,false],"2048x2048":["https:\/\/quemcuidadocuidador.com.br\/wp-content\/uploads\/2022\/05\/WhatsApp-Image-2022-05-28-at-08.02.45.jpeg",1439,1080,false]},"uagb_author_info":{"display_name":"Cicera A Feitosa","author_link":"https:\/\/quemcuidadocuidador.com.br\/index.php\/author\/cicera\/"},"uagb_comment_info":7,"uagb_excerpt":"Na IV Confer\u00eancia de Sa\u00fade Mental de Mato Grosso, realizada nos dias 25, 26 e 27 de maio de 2022, com representantes de v\u00e1rios munic\u00edpios, compostos por trabalhadores da sa\u00fade, prestadores de servi\u00e7o, governo &nbsp;e usu\u00e1rios, foi poss\u00edvel perceber a diversidade dos povos que comp\u00f5em o estado de Mato Grosso e as dificuldades enfrentadas em&hellip;","_links":{"self":[{"href":"https:\/\/quemcuidadocuidador.com.br\/index.php\/wp-json\/wp\/v2\/posts\/284"}],"collection":[{"href":"https:\/\/quemcuidadocuidador.com.br\/index.php\/wp-json\/wp\/v2\/posts"}],"about":[{"href":"https:\/\/quemcuidadocuidador.com.br\/index.php\/wp-json\/wp\/v2\/types\/post"}],"author":[{"embeddable":true,"href":"https:\/\/quemcuidadocuidador.com.br\/index.php\/wp-json\/wp\/v2\/users\/2"}],"replies":[{"embeddable":true,"href":"https:\/\/quemcuidadocuidador.com.br\/index.php\/wp-json\/wp\/v2\/comments?post=284"}],"version-history":[{"count":1,"href":"https:\/\/quemcuidadocuidador.com.br\/index.php\/wp-json\/wp\/v2\/posts\/284\/revisions"}],"predecessor-version":[{"id":286,"href":"https:\/\/quemcuidadocuidador.com.br\/index.php\/wp-json\/wp\/v2\/posts\/284\/revisions\/286"}],"wp:featuredmedia":[{"embeddable":true,"href":"https:\/\/quemcuidadocuidador.com.br\/index.php\/wp-json\/wp\/v2\/media\/285"}],"wp:attachment":[{"href":"https:\/\/quemcuidadocuidador.com.br\/index.php\/wp-json\/wp\/v2\/media?parent=284"}],"wp:term":[{"taxonomy":"category","embeddable":true,"href":"https:\/\/quemcuidadocuidador.com.br\/index.php\/wp-json\/wp\/v2\/categories?post=284"},{"taxonomy":"post_tag","embeddable":true,"href":"https:\/\/quemcuidadocuidador.com.br\/index.php\/wp-json\/wp\/v2\/tags?post=284"}],"curies":[{"name":"wp","href":"https:\/\/api.w.org\/{rel}","templated":true}]}}