{"id":278,"date":"2022-05-20T21:18:40","date_gmt":"2022-05-21T01:18:40","guid":{"rendered":"https:\/\/quemcuidadocuidador.com.br\/?p=278"},"modified":"2022-05-21T07:25:51","modified_gmt":"2022-05-21T11:25:51","slug":"colar-de-perolas","status":"publish","type":"post","link":"https:\/\/quemcuidadocuidador.com.br\/index.php\/2022\/05\/20\/colar-de-perolas\/","title":{"rendered":"Colar de P\u00e9rolas"},"content":{"rendered":"\n<p>A pergunta que me fiz hoje, ao come\u00e7ar a escrever, era se estava a fugir do meu foco principal que \u00e9 o Cuidador. Cheguei \u00e0 conclus\u00e3o que n\u00e3o, como cuidadoras, precisamos que nossos filhos recebam tratamento, medicamentos e terapias as quais sabemos que t\u00eam direito, pois, est\u00e1 na Constitui\u00e7\u00e3o. Mas na pr\u00e1tica, esses direitos, ainda precisam ser consolidados.<\/p>\n\n\n\n<p>E quando isso acontecer, 60% das nossas doen\u00e7as desaparecer\u00e3o, e certamente nos cuidaremos melhor. Nada impede que, ao mesmo tempo em que nosso filho esteja fazendo uma terapia, tamb\u00e9m sejamos assistidas. N\u00f3s m\u00e3es cuidadoras estamos a gritar por socorro.&nbsp;<\/p>\n\n\n\n<p>Temos necessidade de algu\u00e9m que nos ou\u00e7a, sem nenhum julgamento, ou que nos ajude a tra\u00e7ar uma nova rota, para visualizarmos novas possibilidades.<\/p>\n\n\n\n<p>Ent\u00e3o, quando paro tudo que estou fazendo e deixo outra pessoa cuidando do meu pai e do meu filho, ora uma de minhas irm\u00e3s, ora a vizinha, na busca de melhorar a qualidade do atendimento na sa\u00fade, na educa\u00e7\u00e3o e na sociedade como um todo, tamb\u00e9m estou a pensar na qualidade de vida do cuidador.<\/p>\n\n\n\n<p>Quando, em todas estas \u00e1reas, nossos filhos forem atendidos com qualidade, respeito e equidade, as pessoas respons\u00e1veis pela sa\u00fade, tamb\u00e9m ser\u00e3o obrigadas a perceberem que n\u00f3s m\u00e3es cuidadoras somos o elo que comp\u00f5e e d\u00e1 sustenta\u00e7\u00e3o para a vida de nossos filhos, realmente valer a pena.<\/p>\n\n\n\n<p>Uma compara\u00e7\u00e3o simples seria um colar de p\u00e9rolas, nossos filhos s\u00e3o as p\u00e9rolas, para n\u00f3s extremamente preciosas e raras, mas n\u00f3s m\u00e3es e pais que cuidamos somos o cord\u00e3o por onde as p\u00e9rolas est\u00e3o ligadas.<\/p>\n\n\n\n<p>E, quando n\u00f3s, enquanto cuidadores adoecemos ou morremos, significa que esse cord\u00e3o se rompeu e quando isso acontece, algumas p\u00e9rolas s\u00e3o perdidas, algumas \u00e9 poss\u00edvel recuperar outras n\u00e3o, outras poder\u00e3o ser danificadas. Ent\u00e3o, percebam que o estarmos bem, \u00e9 muito \u00fatil e interessante para toda a sociedade.<\/p>\n\n\n\n<p>Providenciar m\u00e9dicos, rem\u00e9dios e terapias, \u00e9 bem mais f\u00e1cil que cuidar deles 24 horas por dia, como n\u00f3s fazemos.<\/p>\n\n\n\n<p>Esta \u00e9 a quinta reuni\u00e3o da qual participo. Nos reunimos com a prefeita, m\u00e3es de filhos com defici\u00eancia, o vereador Landim e a vereadora Marilsi, a presidente do Conselho Municipal de Sa\u00fade, a Secret\u00e1ria de Sa\u00fade, Secret\u00e1ria de Assist\u00eancia Social, Secret\u00e1ria de Educa\u00e7\u00e3o, um representante da Secretaria de Esportes e Lazer e um representante da OAB.<\/p>\n\n\n\n<p>Ap\u00f3s longa conversa deliberou-se que:<\/p>\n\n\n\n<p>Em 30 dias, o Conselho da Pessoa Com Defici\u00eancia ser\u00e1 reestruturado. Sa\u00edmos da reuni\u00e3o com a comiss\u00e3o criada;<\/p>\n\n\n\n<p>Em 30 dias, a Secretaria de Educa\u00e7\u00e3o encontrar\u00e1 uma solu\u00e7\u00e3o para o transporte das crian\u00e7as com defici\u00eancia, para participarem das aulas Paral\u00edmpico;<\/p>\n\n\n\n<p>Em 15 dias, notificar\u00e3o todas as empresas que ganharam o preg\u00e3o do medicamento por um pre\u00e7o extremamente baixo, mas depois n\u00e3o entregam o medicamento.&nbsp; A boa not\u00edcia \u00e9 que ap\u00f3s estas notifica\u00e7\u00f5es, estas empresas n\u00e3o poder\u00e3o participarem de novos preg\u00f5es;<\/p>\n\n\n\n<p>Em 30 dias, dever\u00e3o contratar os m\u00e9dicos que est\u00e3o faltando no CER, CAPSI, bem como buscar alternativas para criar a equipe m\u00ednima para estas institui\u00e7\u00f5es que est\u00e3o perdendo verbas, por n\u00e3o cumprirem todas as exig\u00eancias legais para seu funcionamento;<\/p>\n\n\n\n<p>Em 30 dias, resolver\u00e3o o problema do transporte, pois h\u00e1 crian\u00e7as sem fazer fisioterapias, pela falta de transporte;<\/p>\n\n\n\n<p>Outra pauta muito discutida \u00e9 que o munic\u00edpio de C\u00e1ceres n\u00e3o oferece um sal\u00e1rio, que desperte o interesse do profissional de outra regi\u00e3o vir trabalhar aqui.<\/p>\n\n\n\n<p>Segundo a prefeita Eliene, a equipe est\u00e1 trabalhando para que aconte\u00e7a concurso, se poss\u00edvel ano que vem.<\/p>\n\n\n\n<p>Mudando de assunto e continuando no mesmo, muitas m\u00e3es reclamaram da dificuldade de participar de uma reuni\u00e3o \u00e0s 09 horas, algumas est\u00e3o trabalhando, outras cuidando dos filhos(as).<\/p>\n\n\n\n<p>H\u00e1 tamb\u00e9m aquelas m\u00e3es que tantas vezes j\u00e1 foram a secretaria de sa\u00fade, c\u00e2mara municipal e gabinete de prefeito e nada foi feito que perderam a f\u00e9 e a esperan\u00e7a no poder p\u00fablico. Representantes pol\u00edticos de C\u00e1ceres, por favor fa\u00e7am valer o sal\u00e1rio que n\u00f3s pagamos para voc\u00eas nos representarem.<\/p>\n\n\n\n<p>Tenho certeza que cada vereador que comp\u00f5e a C\u00e2mara Municipal do munic\u00edpio de C\u00e1ceres recebeu pelo menos um voto de algum pai ou m\u00e3e que tem filho com defici\u00eancia.<\/p>\n\n\n\n<p>Diante dessa constata\u00e7\u00e3o, uma pergunta que n\u00e3o se cala: &#8220;O que est\u00e1 impedindo  voc\u00ea de nos apoiar?&#8221;<\/p>\n\n\n\n<p>Por favor, venham somar com a gente, assim seremos um fio mais forte e resistente e teremos condi\u00e7\u00f5es de cuidar e proteger todas as nossas P\u00e9rolas.<\/p>\n","protected":false},"excerpt":{"rendered":"<p>A pergunta que me fiz hoje, ao come\u00e7ar a escrever, era se estava a fugir do meu foco principal que \u00e9 o Cuidador. Cheguei \u00e0 conclus\u00e3o que n\u00e3o, como cuidadoras, precisamos que nossos filhos recebam tratamento, medicamentos e terapias as quais sabemos que t\u00eam direito, pois, est\u00e1 na Constitui\u00e7\u00e3o. Mas na pr\u00e1tica, esses direitos, ainda &hellip;<\/p>\n<p class=\"read-more\"> <a class=\"\" href=\"https:\/\/quemcuidadocuidador.com.br\/index.php\/2022\/05\/20\/colar-de-perolas\/\"> <span class=\"screen-reader-text\">Colar de P\u00e9rolas<\/span> Leia mais &raquo;<\/a><\/p>\n","protected":false},"author":2,"featured_media":279,"comment_status":"open","ping_status":"open","sticky":false,"template":"","format":"standard","meta":{"om_disable_all_campaigns":false,"_monsterinsights_skip_tracking":false,"_monsterinsights_sitenote_active":false,"_monsterinsights_sitenote_note":"","_monsterinsights_sitenote_category":0,"site-sidebar-layout":"","site-content-layout":"","ast-main-header-display":"","ast-hfb-above-header-display":"","ast-hfb-below-header-display":"","ast-hfb-mobile-header-display":"","site-post-title":"","ast-breadcrumbs-content":"","ast-featured-img":"","footer-sml-layout":"","theme-transparent-header-meta":"","adv-header-id-meta":"","stick-header-meta":"","header-above-stick-meta":"","header-main-stick-meta":"","header-below-stick-meta":""},"categories":[5],"tags":[],"uagb_featured_image_src":{"full":["https:\/\/quemcuidadocuidador.com.br\/wp-content\/uploads\/2022\/05\/tiffany-anthony-09bKHOZ29us-unsplash-scaled.jpg",2560,1702,false],"thumbnail":["https:\/\/quemcuidadocuidador.com.br\/wp-content\/uploads\/2022\/05\/tiffany-anthony-09bKHOZ29us-unsplash-150x150.jpg",150,150,true],"medium":["https:\/\/quemcuidadocuidador.com.br\/wp-content\/uploads\/2022\/05\/tiffany-anthony-09bKHOZ29us-unsplash-300x199.jpg",300,199,true],"medium_large":["https:\/\/quemcuidadocuidador.com.br\/wp-content\/uploads\/2022\/05\/tiffany-anthony-09bKHOZ29us-unsplash-768x511.jpg",768,511,true],"large":["https:\/\/quemcuidadocuidador.com.br\/wp-content\/uploads\/2022\/05\/tiffany-anthony-09bKHOZ29us-unsplash-1024x681.jpg",1024,681,true],"1536x1536":["https:\/\/quemcuidadocuidador.com.br\/wp-content\/uploads\/2022\/05\/tiffany-anthony-09bKHOZ29us-unsplash-1536x1021.jpg",1536,1021,true],"2048x2048":["https:\/\/quemcuidadocuidador.com.br\/wp-content\/uploads\/2022\/05\/tiffany-anthony-09bKHOZ29us-unsplash-2048x1362.jpg",2048,1362,true]},"uagb_author_info":{"display_name":"Cicera A Feitosa","author_link":"https:\/\/quemcuidadocuidador.com.br\/index.php\/author\/cicera\/"},"uagb_comment_info":6,"uagb_excerpt":"A pergunta que me fiz hoje, ao come\u00e7ar a escrever, era se estava a fugir do meu foco principal que \u00e9 o Cuidador. Cheguei \u00e0 conclus\u00e3o que n\u00e3o, como cuidadoras, precisamos que nossos filhos recebam tratamento, medicamentos e terapias as quais sabemos que t\u00eam direito, pois, est\u00e1 na Constitui\u00e7\u00e3o. Mas na pr\u00e1tica, esses direitos, ainda&hellip;","_links":{"self":[{"href":"https:\/\/quemcuidadocuidador.com.br\/index.php\/wp-json\/wp\/v2\/posts\/278"}],"collection":[{"href":"https:\/\/quemcuidadocuidador.com.br\/index.php\/wp-json\/wp\/v2\/posts"}],"about":[{"href":"https:\/\/quemcuidadocuidador.com.br\/index.php\/wp-json\/wp\/v2\/types\/post"}],"author":[{"embeddable":true,"href":"https:\/\/quemcuidadocuidador.com.br\/index.php\/wp-json\/wp\/v2\/users\/2"}],"replies":[{"embeddable":true,"href":"https:\/\/quemcuidadocuidador.com.br\/index.php\/wp-json\/wp\/v2\/comments?post=278"}],"version-history":[{"count":2,"href":"https:\/\/quemcuidadocuidador.com.br\/index.php\/wp-json\/wp\/v2\/posts\/278\/revisions"}],"predecessor-version":[{"id":282,"href":"https:\/\/quemcuidadocuidador.com.br\/index.php\/wp-json\/wp\/v2\/posts\/278\/revisions\/282"}],"wp:featuredmedia":[{"embeddable":true,"href":"https:\/\/quemcuidadocuidador.com.br\/index.php\/wp-json\/wp\/v2\/media\/279"}],"wp:attachment":[{"href":"https:\/\/quemcuidadocuidador.com.br\/index.php\/wp-json\/wp\/v2\/media?parent=278"}],"wp:term":[{"taxonomy":"category","embeddable":true,"href":"https:\/\/quemcuidadocuidador.com.br\/index.php\/wp-json\/wp\/v2\/categories?post=278"},{"taxonomy":"post_tag","embeddable":true,"href":"https:\/\/quemcuidadocuidador.com.br\/index.php\/wp-json\/wp\/v2\/tags?post=278"}],"curies":[{"name":"wp","href":"https:\/\/api.w.org\/{rel}","templated":true}]}}