{"id":274,"date":"2022-05-14T06:24:18","date_gmt":"2022-05-14T10:24:18","guid":{"rendered":"https:\/\/quemcuidadocuidador.com.br\/?p=274"},"modified":"2022-05-14T06:24:19","modified_gmt":"2022-05-14T10:24:19","slug":"respeito-amor-e-compaixao-devem-envolver-o-ato-de-cuidar-e-ser-cuidado","status":"publish","type":"post","link":"https:\/\/quemcuidadocuidador.com.br\/index.php\/2022\/05\/14\/respeito-amor-e-compaixao-devem-envolver-o-ato-de-cuidar-e-ser-cuidado\/","title":{"rendered":"Respeito, amor e compaix\u00e3o devem envolver o ato de cuidar e ser cuidado"},"content":{"rendered":"\n<p>Ao reafirmar que precisamos estar imbu\u00eddos em sentimentos nobres como amor, respeito e compaix\u00e3o, e que tamb\u00e9m precisamos ser cuidados, caso contr\u00e1rio por melhor que seja as nossas inten\u00e7\u00f5es, chega uma hora que n\u00e3o aguentamos mais. Se ficarmos esgotados, nossos cuidados perdem a qualidade. Por mais que a gente ame a pessoa que estamos cuidando.<\/p>\n\n\n\n<p>Parto do princ\u00edpio que amamos nossos pais e nossos filhos. Mas se a gente n\u00e3o cuidar da gente, vai chegar uma hora em que n\u00e3o conseguimos cuidar deles.<\/p>\n\n\n\n<p>&nbsp;Vivi um dia assim com meu filho em outra cidade. Na fase em que ele ainda tinha muitas quedas. A sorte que tinha ido para Cuiab\u00e1 com um casal de amigos. Ap\u00f3s a consulta fomos para o apartamento da filha deles. Eu mal consegui subir as escadas. Raiana que ajudou Pedro a subir entre uma brincadeira e outra. Depois eles sa\u00edram para ir ao shopping e levaram Pedro com eles.<\/p>\n\n\n\n<p>Aquele foi um dia que eu precisava de cuidados, pois j\u00e1 n\u00e3o conseguia cuidar de mim. Ao longo desses anos, por mais de uma vez precisei de cuidados. Pois, com frequ\u00eancia experimentamos a imensa exaust\u00e3o, causada pelo cansa\u00e7o f\u00edsico, mental e o conjunto de dificuldades financeiras que tratamentos de sa\u00fade acarretam. E tamb\u00e9m, por todas as imagens que nos assombram quando pensamos o futuro de nossos filhos. Estou tentando exercitar o viver no presente.<\/p>\n\n\n\n<p>Mas admito que h\u00e1 uma corda invis\u00edvel que me puxa para o futuro e sem perceber me vejo a sofrer. Digo que ela \u00e9 invis\u00edvel porque se pudesse v\u00ea-la a cortaria. Pensar o futuro de nossos filhos n\u00e3o \u00e9 f\u00e1cil. Sei que j\u00e1 cheguei a escrever que queria que existisse uma institui\u00e7\u00e3o para meu filho ficar quando eu morresse, mas na verdade n\u00e3o quero.<\/p>\n\n\n\n<p>Institui\u00e7\u00f5es n\u00e3o s\u00e3o nem de longe a melhor op\u00e7\u00e3o.&nbsp; Eu acredito que n\u00f3s m\u00e3es e\/ou pais podemos pensar uma sa\u00fade e educa\u00e7\u00e3o de qualidade, inclusiva e com equidade.&nbsp; Que atenda a nossos filhos e a n\u00f3s tamb\u00e9m. Para minimizar nosso cansa\u00e7o e envelhecermos com qualidade de vida.<\/p>\n\n\n\n<p>Portanto posso afirmar que nos dias atuais o cuidador tamb\u00e9m precisa ter pol\u00edticas p\u00fablicas mais humanizadas. Tamb\u00e9m \u00e9 necess\u00e1rio acabar com a ilus\u00e3o de que o portador do espectro autista vive no mundo dele. Todos estamos inseridos no mesmo mundo.<\/p>\n\n\n\n<p>Na verdade, \u00e9 necess\u00e1rio pensar pr\u00e1ticas que possibilitem a cada autista tornar-se apto para estar e agir nesse mundo com direito a trabalho, cultura e lazer como qualquer outro ser humano.<\/p>\n\n\n\n<p>Quando todos n\u00f3s, independentemente do cargo que estivermos exercendo, tratarmos qualquer ser humano com respeito e compaix\u00e3o, estaremos fazendo a diferen\u00e7a. Todas as vezes que ajudamos o outro com compaix\u00e3o, estamos transformando a vida dessa pessoa e a nossa tamb\u00e9m.&nbsp; A sensa\u00e7\u00e3o de gratid\u00e3o vinda das boas a\u00e7\u00f5es alegra e conforta o cora\u00e7\u00e3o de qualquer pessoa. Quando isso acontece somos capazes de fazer mais do mesmo, com alegria.<\/p>\n","protected":false},"excerpt":{"rendered":"<p>Ao reafirmar que precisamos estar imbu\u00eddos em sentimentos nobres como amor, respeito e compaix\u00e3o, e que tamb\u00e9m precisamos ser cuidados, caso contr\u00e1rio por melhor que seja as nossas inten\u00e7\u00f5es, chega uma hora que n\u00e3o aguentamos mais. Se ficarmos esgotados, nossos cuidados perdem a qualidade. Por mais que a gente ame a pessoa que estamos cuidando. &hellip;<\/p>\n<p class=\"read-more\"> <a class=\"\" href=\"https:\/\/quemcuidadocuidador.com.br\/index.php\/2022\/05\/14\/respeito-amor-e-compaixao-devem-envolver-o-ato-de-cuidar-e-ser-cuidado\/\"> <span class=\"screen-reader-text\">Respeito, amor e compaix\u00e3o devem envolver o ato de cuidar e ser cuidado<\/span> Leia mais &raquo;<\/a><\/p>\n","protected":false},"author":2,"featured_media":275,"comment_status":"open","ping_status":"open","sticky":false,"template":"","format":"standard","meta":{"om_disable_all_campaigns":false,"_monsterinsights_skip_tracking":false,"_monsterinsights_sitenote_active":false,"_monsterinsights_sitenote_note":"","_monsterinsights_sitenote_category":0,"site-sidebar-layout":"","site-content-layout":"","ast-main-header-display":"","ast-hfb-above-header-display":"","ast-hfb-below-header-display":"","ast-hfb-mobile-header-display":"","site-post-title":"","ast-breadcrumbs-content":"","ast-featured-img":"","footer-sml-layout":"","theme-transparent-header-meta":"","adv-header-id-meta":"","stick-header-meta":"","header-above-stick-meta":"","header-main-stick-meta":"","header-below-stick-meta":""},"categories":[5],"tags":[],"uagb_featured_image_src":{"full":["https:\/\/quemcuidadocuidador.com.br\/wp-content\/uploads\/2022\/05\/jess-zoerb-cGB48jOsX0-unsplash-scaled.jpg",1710,2560,false],"thumbnail":["https:\/\/quemcuidadocuidador.com.br\/wp-content\/uploads\/2022\/05\/jess-zoerb-cGB48jOsX0-unsplash-150x150.jpg",150,150,true],"medium":["https:\/\/quemcuidadocuidador.com.br\/wp-content\/uploads\/2022\/05\/jess-zoerb-cGB48jOsX0-unsplash-200x300.jpg",200,300,true],"medium_large":["https:\/\/quemcuidadocuidador.com.br\/wp-content\/uploads\/2022\/05\/jess-zoerb-cGB48jOsX0-unsplash-768x1149.jpg",768,1149,true],"large":["https:\/\/quemcuidadocuidador.com.br\/wp-content\/uploads\/2022\/05\/jess-zoerb-cGB48jOsX0-unsplash-684x1024.jpg",684,1024,true],"1536x1536":["https:\/\/quemcuidadocuidador.com.br\/wp-content\/uploads\/2022\/05\/jess-zoerb-cGB48jOsX0-unsplash-1026x1536.jpg",1026,1536,true],"2048x2048":["https:\/\/quemcuidadocuidador.com.br\/wp-content\/uploads\/2022\/05\/jess-zoerb-cGB48jOsX0-unsplash-1368x2048.jpg",1368,2048,true]},"uagb_author_info":{"display_name":"Cicera A Feitosa","author_link":"https:\/\/quemcuidadocuidador.com.br\/index.php\/author\/cicera\/"},"uagb_comment_info":4,"uagb_excerpt":"Ao reafirmar que precisamos estar imbu\u00eddos em sentimentos nobres como amor, respeito e compaix\u00e3o, e que tamb\u00e9m precisamos ser cuidados, caso contr\u00e1rio por melhor que seja as nossas inten\u00e7\u00f5es, chega uma hora que n\u00e3o aguentamos mais. Se ficarmos esgotados, nossos cuidados perdem a qualidade. Por mais que a gente ame a pessoa que estamos cuidando.&hellip;","_links":{"self":[{"href":"https:\/\/quemcuidadocuidador.com.br\/index.php\/wp-json\/wp\/v2\/posts\/274"}],"collection":[{"href":"https:\/\/quemcuidadocuidador.com.br\/index.php\/wp-json\/wp\/v2\/posts"}],"about":[{"href":"https:\/\/quemcuidadocuidador.com.br\/index.php\/wp-json\/wp\/v2\/types\/post"}],"author":[{"embeddable":true,"href":"https:\/\/quemcuidadocuidador.com.br\/index.php\/wp-json\/wp\/v2\/users\/2"}],"replies":[{"embeddable":true,"href":"https:\/\/quemcuidadocuidador.com.br\/index.php\/wp-json\/wp\/v2\/comments?post=274"}],"version-history":[{"count":1,"href":"https:\/\/quemcuidadocuidador.com.br\/index.php\/wp-json\/wp\/v2\/posts\/274\/revisions"}],"predecessor-version":[{"id":276,"href":"https:\/\/quemcuidadocuidador.com.br\/index.php\/wp-json\/wp\/v2\/posts\/274\/revisions\/276"}],"wp:featuredmedia":[{"embeddable":true,"href":"https:\/\/quemcuidadocuidador.com.br\/index.php\/wp-json\/wp\/v2\/media\/275"}],"wp:attachment":[{"href":"https:\/\/quemcuidadocuidador.com.br\/index.php\/wp-json\/wp\/v2\/media?parent=274"}],"wp:term":[{"taxonomy":"category","embeddable":true,"href":"https:\/\/quemcuidadocuidador.com.br\/index.php\/wp-json\/wp\/v2\/categories?post=274"},{"taxonomy":"post_tag","embeddable":true,"href":"https:\/\/quemcuidadocuidador.com.br\/index.php\/wp-json\/wp\/v2\/tags?post=274"}],"curies":[{"name":"wp","href":"https:\/\/api.w.org\/{rel}","templated":true}]}}