{"id":263,"date":"2022-04-30T16:23:38","date_gmt":"2022-04-30T20:23:38","guid":{"rendered":"https:\/\/quemcuidadocuidador.com.br\/?p=263"},"modified":"2022-04-30T18:11:13","modified_gmt":"2022-04-30T22:11:13","slug":"ausencias-e-mascaras","status":"publish","type":"post","link":"https:\/\/quemcuidadocuidador.com.br\/index.php\/2022\/04\/30\/ausencias-e-mascaras\/","title":{"rendered":"Aus\u00eancias e m\u00e1scaras"},"content":{"rendered":"\n<p>J\u00e1 assisti algumas pe\u00e7as lindas, em que os atores sabiam qual era sua fala e qual era o momento de entrarem em cena. Fiquei pensando em William Shakespeare, caso ele estivesse vivo e transformasse a Audi\u00eancia P\u00fablica de ontem em uma pe\u00e7a de teatro. Fiquei em d\u00favida por um momento, se na forma de trag\u00e9dia ou com\u00e9dia, mas acredito que ele optaria pela \u00faltima. Assim o p\u00fablico poderia dar sonoras gargalhadas.<\/p>\n\n\n\n<p>Vereadores Leandro e Landim, devo lembr\u00e1-los de que o texto b\u00edblico afirma que \u201cn\u00e3o se serve a dois senhores ao mesmo tempo\u201d.<\/p>\n\n\n\n<p>Ao Centro de Refer\u00eancia da Assist\u00eancia Social &#8211; CRAS e ao Centro Especializado de Reabilita\u00e7\u00e3o \u2013 CER, unidades de C\u00e1ceres \u2013 Mato Grosso, quero parabenizar pelos pequenos milagres que voc\u00eas vivem a realizar todos os dias.<\/p>\n\n\n\n<p>Vereador C\u00e9zare Pastorello, obrigada por lembrar da import\u00e2ncia de se fazer um f\u00f3rum para validar as mudan\u00e7as e eleger um novo Conselho .<\/p>\n\n\n\n<p>Vereador Marquinhos, discurso vazio j\u00e1 n\u00e3o me emociona. N\u00e3o quero saber o QUE deveria ser feito. Simplesmente fa\u00e7am o que precisa ser feito. Mas sou grata por ter dito ao Secret\u00e1rio de Esportes que sua fala estava descontextualizada da realidade.<\/p>\n\n\n\n<p>Vereador Lacerda, hoje estou muito feliz. Por ter ouvido apenas sua voz. N\u00e3o venha falar asneiras para m\u00e3es cansadas, exaustas e a beira da loucura. Pois no meio da nossa dor, o senhor quer espa\u00e7o para promover suas ideias, totalmente fora da realidade. Precisa se inteirar melhor da pauta em discuss\u00e3o, senhor vereador.<\/p>\n\n\n\n<p>Senhor Secret\u00e1rio, de Esportes e Lazer tenho duas perguntas: em seu campeonato de futebol e de pipas, qual foi o momento que o senhor contemplou as meninas da cidade de C\u00e1ceres?&nbsp; Em qual dos seus projetos o senhor incluiu nossos filhos com defici\u00eancia f\u00edsica ou mental ou no espectro autista.?<\/p>\n\n\n\n<p>Caso o senhor realmente queira ajudar o professor Emanuel, que tal pensar o transporte. Penso que esse \u00e9 o maior obst\u00e1culo no momento. Al\u00e9m da necessidade de um pouco mais de divulga\u00e7\u00e3o para que as fam\u00edlias possam conhecer melhor o projeto.&nbsp; O Centro de Refer\u00eancia Paral\u00edmpico \u00e9 um projeto do Comit\u00ea Paral\u00edmpico Brasileiro (CPB), que busca criar parcerias com universidades para desenvolver um centro de esportes para pessoas com defici\u00eancia. O daqui de C\u00e1ceres \u00e9 uma parceria entre CBP e UNEMAT. Atualmente oferecem duas modalidades: nata\u00e7\u00e3o e badminton. Nata\u00e7\u00e3o \u2013 quarta e sexta-feira \u00e0 tarde e badminton na segunda-feira de manh\u00e3. &nbsp;<\/p>\n\n\n\n<p>Quando li sobre ele minha decep\u00e7\u00e3o \u00e9 que meu filho j\u00e1 estava exclu\u00eddo pela idade.&nbsp;<\/p>\n\n\n\n<p>Na oportunidade convido todas as fam\u00edlias para inscreverem seus filhos e filhas. Segundo o professor Emanoel eles podem chegar a atender at\u00e9 100 crian\u00e7as. Mas ele precisa ter n\u00famero de alunos inscritos, para conseguir providenciar o transporte. Ent\u00e3o solicito a todas as pessoas da sociedade para ajudarem a divulgar.<\/p>\n\n\n\n<p>Pensem nas fam\u00edlias que vivem na periferia e n\u00e3o t\u00eam nenhum tipo de transporte. Ao lerem, ou ouvirem sobre o projeto, a primeira coisa que pensaram foi n\u00e3o temos como ir. J\u00e1 pararam para pensar na quantidade de descren\u00e7a em que todos estamos mergulhados. Nos sentimos exclu\u00eddos e abandonados o tempo inteiro.&nbsp;<\/p>\n\n\n\n<p>Estamos t\u00e3o desesperan\u00e7ados ao n\u00e3o conseguirmos m\u00e9dico, rem\u00e9dios, terapias e fraldas para nossos filhos. Que quando vem um projeto novo e nossos filhos est\u00e3o sendo contemplados, ficamos um pouco como os personagens do Jos\u00e9 Saramago no livro \u201cEnsaio sobre a cegueira\u201d: n\u00e3o enxergamos.<\/p>\n\n\n\n<p>Al\u00e9m do Projeto paral\u00edmpico, outra coisa louv\u00e1vel foi a cria\u00e7\u00e3o da comiss\u00e3o, para reformular as leis do Conselho da pessoa com defici\u00eancia. Por mais que eu queira participar, n\u00e3o posso. N\u00e3o teria com quem deixar meu pai e meu filho.<\/p>\n\n\n\n<p>Claro que tamb\u00e9m nos alegrou saber que em breve ter\u00e1 um telefone para ligarmos. E sermos atendidas com menos burocracia. Por\u00e9m nossa alegria terminou aqui.<\/p>\n\n\n\n<p>Senhora Secret\u00e1ria da Sa\u00fade, minha decep\u00e7\u00e3o com seu posicionamento frente a todas as nossas necessidades e reivindica\u00e7\u00f5es foi imensa. Claro que esses dois anos de pandemia servem para justificar muita coisa.<\/p>\n\n\n\n<p>Nota de esclarecimento: na primeira Audi\u00eancia P\u00fablica a Fabiola j\u00e1 tinha feito uma excelente explana\u00e7\u00e3o sobre as condi\u00e7\u00f5es de atendimento, ao ter uma demanda de 100 pessoas aguardando o atendimento para neuro e 300 pessoas aguardando para fonoaudi\u00f3logo. Quando nossos filhos ser\u00e3o atendidos? &nbsp;<\/p>\n\n\n\n<p>Acredito que por ser a senhora da sa\u00fade, n\u00e3o preciso lembrar da import\u00e2ncia do medicamento e das terapias para que nossos filhos possam ter autonomia nas atividades di\u00e1rias. Que as pessoas t\u00edpicas n\u00e3o precisam pensar como fazem.<\/p>\n\n\n\n<p>Entretanto, a semana passada encontrei um pedido de exame para meu pai que aguardo pelo agendamento desde 2017. Acho que isso serve de exemplo para provar a desumaniza\u00e7\u00e3o em que vivemos no atendimento da sa\u00fade.<\/p>\n\n\n\n<p>Ainda em tempo, se o munic\u00edpio de C\u00e1ceres paga o pior sal\u00e1rio para os profissionais da Sa\u00fade, ao ponto de alguns profissionais se recusarem a virem para c\u00e1, est\u00e1 na hora de mudar essa realidade. Sim ou n\u00e3o?<\/p>\n\n\n\n<p>Para finalizar, quero lembrar que o nosso tempo vale muito, \u00e9 precioso para as pessoas que cuidamos. Ent\u00e3o, n\u00e3o nos fa\u00e7a desperdi\u00e7a-lo na pr\u00f3xima Audi\u00eancia P\u00fablica no dia 25\/05\/2022. Tamb\u00e9m esperamos que todos os vereadores se fa\u00e7am presentes, pois tenho certeza que pelo menos um voto voc\u00eas receberam de pessoas com defici\u00eancia ou de seus familiares.<\/p>\n","protected":false},"excerpt":{"rendered":"<p>J\u00e1 assisti algumas pe\u00e7as lindas, em que os atores sabiam qual era sua fala e qual era o momento de entrarem em cena. Fiquei pensando em William Shakespeare, caso ele estivesse vivo e transformasse a Audi\u00eancia P\u00fablica de ontem em uma pe\u00e7a de teatro. Fiquei em d\u00favida por um momento, se na forma de trag\u00e9dia &hellip;<\/p>\n<p class=\"read-more\"> <a class=\"\" href=\"https:\/\/quemcuidadocuidador.com.br\/index.php\/2022\/04\/30\/ausencias-e-mascaras\/\"> <span class=\"screen-reader-text\">Aus\u00eancias e m\u00e1scaras<\/span> Leia mais &raquo;<\/a><\/p>\n","protected":false},"author":2,"featured_media":264,"comment_status":"open","ping_status":"open","sticky":false,"template":"","format":"standard","meta":{"om_disable_all_campaigns":false,"_monsterinsights_skip_tracking":false,"_monsterinsights_sitenote_active":false,"_monsterinsights_sitenote_note":"","_monsterinsights_sitenote_category":0,"site-sidebar-layout":"","site-content-layout":"","ast-main-header-display":"","ast-hfb-above-header-display":"","ast-hfb-below-header-display":"","ast-hfb-mobile-header-display":"","site-post-title":"","ast-breadcrumbs-content":"","ast-featured-img":"","footer-sml-layout":"","theme-transparent-header-meta":"","adv-header-id-meta":"","stick-header-meta":"","header-above-stick-meta":"","header-main-stick-meta":"","header-below-stick-meta":""},"categories":[5],"tags":[],"uagb_featured_image_src":{"full":["https:\/\/quemcuidadocuidador.com.br\/wp-content\/uploads\/2022\/04\/vlad-hilitanu-m8-b0Pbkru4-unsplash-scaled.jpg",2560,1800,false],"thumbnail":["https:\/\/quemcuidadocuidador.com.br\/wp-content\/uploads\/2022\/04\/vlad-hilitanu-m8-b0Pbkru4-unsplash-150x150.jpg",150,150,true],"medium":["https:\/\/quemcuidadocuidador.com.br\/wp-content\/uploads\/2022\/04\/vlad-hilitanu-m8-b0Pbkru4-unsplash-300x211.jpg",300,211,true],"medium_large":["https:\/\/quemcuidadocuidador.com.br\/wp-content\/uploads\/2022\/04\/vlad-hilitanu-m8-b0Pbkru4-unsplash-768x540.jpg",768,540,true],"large":["https:\/\/quemcuidadocuidador.com.br\/wp-content\/uploads\/2022\/04\/vlad-hilitanu-m8-b0Pbkru4-unsplash-1024x720.jpg",1024,720,true],"1536x1536":["https:\/\/quemcuidadocuidador.com.br\/wp-content\/uploads\/2022\/04\/vlad-hilitanu-m8-b0Pbkru4-unsplash-1536x1080.jpg",1536,1080,true],"2048x2048":["https:\/\/quemcuidadocuidador.com.br\/wp-content\/uploads\/2022\/04\/vlad-hilitanu-m8-b0Pbkru4-unsplash-2048x1440.jpg",2048,1440,true]},"uagb_author_info":{"display_name":"Cicera A Feitosa","author_link":"https:\/\/quemcuidadocuidador.com.br\/index.php\/author\/cicera\/"},"uagb_comment_info":14,"uagb_excerpt":"J\u00e1 assisti algumas pe\u00e7as lindas, em que os atores sabiam qual era sua fala e qual era o momento de entrarem em cena. Fiquei pensando em William Shakespeare, caso ele estivesse vivo e transformasse a Audi\u00eancia P\u00fablica de ontem em uma pe\u00e7a de teatro. Fiquei em d\u00favida por um momento, se na forma de trag\u00e9dia&hellip;","_links":{"self":[{"href":"https:\/\/quemcuidadocuidador.com.br\/index.php\/wp-json\/wp\/v2\/posts\/263"}],"collection":[{"href":"https:\/\/quemcuidadocuidador.com.br\/index.php\/wp-json\/wp\/v2\/posts"}],"about":[{"href":"https:\/\/quemcuidadocuidador.com.br\/index.php\/wp-json\/wp\/v2\/types\/post"}],"author":[{"embeddable":true,"href":"https:\/\/quemcuidadocuidador.com.br\/index.php\/wp-json\/wp\/v2\/users\/2"}],"replies":[{"embeddable":true,"href":"https:\/\/quemcuidadocuidador.com.br\/index.php\/wp-json\/wp\/v2\/comments?post=263"}],"version-history":[{"count":2,"href":"https:\/\/quemcuidadocuidador.com.br\/index.php\/wp-json\/wp\/v2\/posts\/263\/revisions"}],"predecessor-version":[{"id":268,"href":"https:\/\/quemcuidadocuidador.com.br\/index.php\/wp-json\/wp\/v2\/posts\/263\/revisions\/268"}],"wp:featuredmedia":[{"embeddable":true,"href":"https:\/\/quemcuidadocuidador.com.br\/index.php\/wp-json\/wp\/v2\/media\/264"}],"wp:attachment":[{"href":"https:\/\/quemcuidadocuidador.com.br\/index.php\/wp-json\/wp\/v2\/media?parent=263"}],"wp:term":[{"taxonomy":"category","embeddable":true,"href":"https:\/\/quemcuidadocuidador.com.br\/index.php\/wp-json\/wp\/v2\/categories?post=263"},{"taxonomy":"post_tag","embeddable":true,"href":"https:\/\/quemcuidadocuidador.com.br\/index.php\/wp-json\/wp\/v2\/tags?post=263"}],"curies":[{"name":"wp","href":"https:\/\/api.w.org\/{rel}","templated":true}]}}