{"id":256,"date":"2022-04-23T06:17:33","date_gmt":"2022-04-23T10:17:33","guid":{"rendered":"https:\/\/quemcuidadocuidador.com.br\/?p=256"},"modified":"2022-04-23T06:17:35","modified_gmt":"2022-04-23T10:17:35","slug":"perspectivas","status":"publish","type":"post","link":"https:\/\/quemcuidadocuidador.com.br\/index.php\/2022\/04\/23\/perspectivas\/","title":{"rendered":"Perspectivas"},"content":{"rendered":"\n<p>Quando jovens temos muitas. Com o passar do tempo nos tornamos mais seletivos e percebemos que poucas coisas realmente importam.&nbsp; Perdemos a urg\u00eancia e o imediatismo. Vemos pessoas queridas que ao partirem s\u00e3o substitu\u00eddas como objetos.<\/p>\n\n\n\n<p>Em vida, muitas vezes acreditamos sermos essenciais para o funcionamento do mundo a nossa volta. Talvez essa seja a forma que encontramos para ocupar o nosso tempo e n\u00e3o pensar na morte. Com isso tamb\u00e9m deixamos de pensar em nossa vida quando envelhecermos.<\/p>\n\n\n\n<p>N\u00e3o aprendemos a construir fontes de renda, nem cuidar da sa\u00fade para garantir o envelhecer com qualidade de vida. Apenas uma pequena parcela da sociedade envelhece com sa\u00fade: f\u00edsica, mental, emocional e financeira.<\/p>\n\n\n\n<p>Para essa pequena parcela a velhice \u00e9 uma fase de aproveitar a vida, fazer viagens, visitar os parentes que moram distantes, fazer novos ciclos de amizade, participar de grupos de dan\u00e7a, de m\u00fasica e saraus liter\u00e1rios, criar blogs que permitem reencontrar os amigos da inf\u00e2ncia e vivificar as lembran\u00e7as do passado.<\/p>\n\n\n\n<p>&nbsp;E muitos dir\u00e3o: \u201cbons tempos aqueles\u201d. Ali\u00e1s a juventude quase sempre deixa boas lembran\u00e7as. Reencontrar esses amigos para uma rodada de chope, ou para participar de uma quermesse na igreja. S\u00e3o sempre momentos alegres.<\/p>\n\n\n\n<p>Mas tamb\u00e9m temos aquelas situa\u00e7\u00f5es em que em nenhuma das \u00e1reas da vida a sa\u00fade foi cuidada. \u00c0s vezes, por falta de observado o processo de envelhecimento, lembrando ainda que, antes a expectativa de vida era bem menor. Nossos pais viram seus pais partirem jovens, sequer passaram pela experi\u00eancia de cuidar. E nem imaginaram que iriam viver tanto. &nbsp;Com a sa\u00fade debilitada e precisando de cuidados na perspectiva da sa\u00fade e de ajuda financeira.<\/p>\n\n\n\n<p>Em nossa sociedade sempre teve algu\u00e9m exercendo essa fun\u00e7\u00e3o de cuidador. Por\u00e9m n\u00e3o era um n\u00famero t\u00e3o grande quanto hoje.<\/p>\n\n\n\n<p>Recentemente vi um v\u00eddeo do Cortella em que ele dizia somos uma gera\u00e7\u00e3o cansada. Precisamos cuidar de nossos filhos, de nossos pais, de nossos netos e de n\u00f3s mesmos. Percebem o quanto o ato de cuidar se tornou estendido, abrangente? J\u00e1 n\u00e3o damos conta de cuidar de tanta gente ao mesmo tempo, sem sermos cuidados.<\/p>\n\n\n\n<p>&nbsp;Ao longo da vida, ora cuidamos, ora precisamos ser cuidados. &nbsp;Todos precisam estar aptos a cuidar de si e do outro tamb\u00e9m.<\/p>\n\n\n\n<p>Dr\u00aa Claudia Arantes nos ensina que precisamos cuidar de n\u00f3s primeiro para termos as condi\u00e7\u00f5es necess\u00e1rias para dar conta de cuidar do outro.<\/p>\n\n\n\n<p>A minha pergunta para voc\u00ea cuidador hoje \u00e9: Voc\u00ea faz pausas na a\u00e7\u00e3o de cuidar do outro, que permite a voc\u00ea se \u201creabastecer\u201d? Tem tempo para saborear um caf\u00e9 da manh\u00e3 com alguma amiga? Sai para passear no final de semana prolongado?&nbsp; Faz atividades f\u00edsicas? Quantas vezes essa semana?<\/p>\n\n\n\n<p>Caro leitor, a forma como voc\u00ea est\u00e1 vivendo a vida no momento te satisfaz? A longo prazo voc\u00ea continuar\u00e1 cuidando ou, precisar\u00e1 ser cuidado?<\/p>\n\n\n\n<p>Se n\u00e3o parar agora, e criar um tempo para cuidar de si, continuar\u00e1 cuidando com qualidade e respeito o pr\u00f3ximo? Ou cuidar\u00e1 por obriga\u00e7\u00e3o? Muitas vezes, \u00e9 assim que cuidamos. Quando na verdade a forma mais digna e linda de cuidar \u00e9 quando somos movidos por compaix\u00e3o. Pois, quando a compaix\u00e3o em nossas a\u00e7\u00f5es podemos transformar a vida do outro e a nossa tamb\u00e9m.<\/p>\n\n\n\n<p>Esta \u00e9 a hora de refletirmos sobre qual a nossa perspectiva de cuidado no momento. Obriga\u00e7\u00e3o ou compaix\u00e3o?<\/p>\n\n\n\n<p>E a pergunta essencial para os dias atuais. Como diminuir nosso cansa\u00e7o?<\/p>\n","protected":false},"excerpt":{"rendered":"<p>Quando jovens temos muitas. Com o passar do tempo nos tornamos mais seletivos e percebemos que poucas coisas realmente importam.&nbsp; Perdemos a urg\u00eancia e o imediatismo. Vemos pessoas queridas que ao partirem s\u00e3o substitu\u00eddas como objetos. Em vida, muitas vezes acreditamos sermos essenciais para o funcionamento do mundo a nossa volta. Talvez essa seja a &hellip;<\/p>\n<p class=\"read-more\"> <a class=\"\" href=\"https:\/\/quemcuidadocuidador.com.br\/index.php\/2022\/04\/23\/perspectivas\/\"> <span class=\"screen-reader-text\">Perspectivas<\/span> Leia mais &raquo;<\/a><\/p>\n","protected":false},"author":2,"featured_media":257,"comment_status":"open","ping_status":"open","sticky":false,"template":"","format":"standard","meta":{"om_disable_all_campaigns":false,"_monsterinsights_skip_tracking":false,"_monsterinsights_sitenote_active":false,"_monsterinsights_sitenote_note":"","_monsterinsights_sitenote_category":0,"site-sidebar-layout":"","site-content-layout":"","ast-main-header-display":"","ast-hfb-above-header-display":"","ast-hfb-below-header-display":"","ast-hfb-mobile-header-display":"","site-post-title":"","ast-breadcrumbs-content":"","ast-featured-img":"","footer-sml-layout":"","theme-transparent-header-meta":"","adv-header-id-meta":"","stick-header-meta":"","header-above-stick-meta":"","header-main-stick-meta":"","header-below-stick-meta":""},"categories":[5],"tags":[],"uagb_featured_image_src":{"full":["https:\/\/quemcuidadocuidador.com.br\/wp-content\/uploads\/2022\/04\/antonino-visalli-RNiBLy7aHck-unsplash-scaled.jpg",2560,1707,false],"thumbnail":["https:\/\/quemcuidadocuidador.com.br\/wp-content\/uploads\/2022\/04\/antonino-visalli-RNiBLy7aHck-unsplash-150x150.jpg",150,150,true],"medium":["https:\/\/quemcuidadocuidador.com.br\/wp-content\/uploads\/2022\/04\/antonino-visalli-RNiBLy7aHck-unsplash-300x200.jpg",300,200,true],"medium_large":["https:\/\/quemcuidadocuidador.com.br\/wp-content\/uploads\/2022\/04\/antonino-visalli-RNiBLy7aHck-unsplash-768x512.jpg",768,512,true],"large":["https:\/\/quemcuidadocuidador.com.br\/wp-content\/uploads\/2022\/04\/antonino-visalli-RNiBLy7aHck-unsplash-1024x683.jpg",1024,683,true],"1536x1536":["https:\/\/quemcuidadocuidador.com.br\/wp-content\/uploads\/2022\/04\/antonino-visalli-RNiBLy7aHck-unsplash-1536x1024.jpg",1536,1024,true],"2048x2048":["https:\/\/quemcuidadocuidador.com.br\/wp-content\/uploads\/2022\/04\/antonino-visalli-RNiBLy7aHck-unsplash-2048x1365.jpg",2048,1365,true]},"uagb_author_info":{"display_name":"Cicera A Feitosa","author_link":"https:\/\/quemcuidadocuidador.com.br\/index.php\/author\/cicera\/"},"uagb_comment_info":8,"uagb_excerpt":"Quando jovens temos muitas. Com o passar do tempo nos tornamos mais seletivos e percebemos que poucas coisas realmente importam.&nbsp; Perdemos a urg\u00eancia e o imediatismo. Vemos pessoas queridas que ao partirem s\u00e3o substitu\u00eddas como objetos. Em vida, muitas vezes acreditamos sermos essenciais para o funcionamento do mundo a nossa volta. Talvez essa seja a&hellip;","_links":{"self":[{"href":"https:\/\/quemcuidadocuidador.com.br\/index.php\/wp-json\/wp\/v2\/posts\/256"}],"collection":[{"href":"https:\/\/quemcuidadocuidador.com.br\/index.php\/wp-json\/wp\/v2\/posts"}],"about":[{"href":"https:\/\/quemcuidadocuidador.com.br\/index.php\/wp-json\/wp\/v2\/types\/post"}],"author":[{"embeddable":true,"href":"https:\/\/quemcuidadocuidador.com.br\/index.php\/wp-json\/wp\/v2\/users\/2"}],"replies":[{"embeddable":true,"href":"https:\/\/quemcuidadocuidador.com.br\/index.php\/wp-json\/wp\/v2\/comments?post=256"}],"version-history":[{"count":1,"href":"https:\/\/quemcuidadocuidador.com.br\/index.php\/wp-json\/wp\/v2\/posts\/256\/revisions"}],"predecessor-version":[{"id":258,"href":"https:\/\/quemcuidadocuidador.com.br\/index.php\/wp-json\/wp\/v2\/posts\/256\/revisions\/258"}],"wp:featuredmedia":[{"embeddable":true,"href":"https:\/\/quemcuidadocuidador.com.br\/index.php\/wp-json\/wp\/v2\/media\/257"}],"wp:attachment":[{"href":"https:\/\/quemcuidadocuidador.com.br\/index.php\/wp-json\/wp\/v2\/media?parent=256"}],"wp:term":[{"taxonomy":"category","embeddable":true,"href":"https:\/\/quemcuidadocuidador.com.br\/index.php\/wp-json\/wp\/v2\/categories?post=256"},{"taxonomy":"post_tag","embeddable":true,"href":"https:\/\/quemcuidadocuidador.com.br\/index.php\/wp-json\/wp\/v2\/tags?post=256"}],"curies":[{"name":"wp","href":"https:\/\/api.w.org\/{rel}","templated":true}]}}