{"id":252,"date":"2022-04-16T17:40:05","date_gmt":"2022-04-16T21:40:05","guid":{"rendered":"https:\/\/quemcuidadocuidador.com.br\/?p=252"},"modified":"2022-04-16T17:40:06","modified_gmt":"2022-04-16T21:40:06","slug":"quem-lavara-os-pes-do-cuidador","status":"publish","type":"post","link":"https:\/\/quemcuidadocuidador.com.br\/index.php\/2022\/04\/16\/quem-lavara-os-pes-do-cuidador\/","title":{"rendered":"Quem lavar\u00e1 os p\u00e9s do cuidador?"},"content":{"rendered":"\n<p>Pergunta esta que eclodiu em minha cabe\u00e7a nesta quinta-feira, ao anoitecer, enquanto participava de uma cerim\u00f4nia religiosa de Lava-p\u00e9s, na Igreja Nossa Senhora do Carmo, no bairro do Junco, C\u00e1ceres-MT, com meu filho e outras pessoas que representavam institui\u00e7\u00f5es educacionais, de cuidados religiosos, da sa\u00fade e da fam\u00edlia.<\/p>\n\n\n\n<p>Situa\u00e7\u00e3o interessante, pois 14 de abril \u00e9 o dia Nacional de Luta pela Educa\u00e7\u00e3o Inclusiva, data que me causa uma imensa ang\u00fastia, por ver o quanto pessoas com defici\u00eancia ainda vivem um processo de exclus\u00e3o, quando muitos profissionais da educa\u00e7\u00e3o afirmam n\u00e3o saber como trabalhar com elas. O acolher e a conviv\u00eancia com as outras crian\u00e7as s\u00e3o de grande ajuda para a socializa\u00e7\u00e3o.<\/p>\n\n\n\n<p>Al\u00e9m da situa\u00e7\u00e3o de inclus\u00e3o que j\u00e1 era parte de meus questionamentos do dia, uma amiga do grupo de Autismo&nbsp; mandou uma foto mostrando seu p\u00e9 com feridas expostas, o que a est\u00e1 obrigando a usar bengala para conseguir caminhar e a dificuldade de conseguir tratamento adequado para a psor\u00edase e fibromialgia, ambas mais intensas, em virtude do estado emocional em que ela se encontra, pelos cuidados com seu filho autista e a dificuldade em adquirir o medicamento&nbsp; de alto custo, que ele precisa tomar. Embora ela j\u00e1 tenha entrado na justi\u00e7a a compra do medicamento n\u00e3o se efetivou ainda.<\/p>\n\n\n\n<p>Ao fazer parte da cerim\u00f4nia de Lava-p\u00e9s estava focada em possibilitar ao meu filho sua participa\u00e7\u00e3o no evento. Mas enquanto observava o padre a repetir a a\u00e7\u00e3o de Jesus, que na b\u00edblia est\u00e1 em Jo\u00e3o, 13 de 1-17, veio a pergunta repetitiva e questionadora: Quem lavar\u00e1 os p\u00e9s do cuidador, quando este n\u00e3o der mais conta?<\/p>\n\n\n\n<p>No decorrer dos anos tamb\u00e9m aprendi que em geral os melhores cuidadores no cuidado com o outro, n\u00e3o s\u00e3o bons em cuidarem de si. Por isso, com frequ\u00eancia adoecem.<\/p>\n\n\n\n<p>Sabemos que um cuidado tempor\u00e1rio, traz cansa\u00e7o, mas resolvida a situa\u00e7\u00e3o a vida volta ao normal. Mas, pais idosos e filhos com defici\u00eancias f\u00edsicas ou mentais ser\u00e3o por toda uma vida.<\/p>\n\n\n\n<p>Ent\u00e3o chega o dia que n\u00f3s cuidadores, tamb\u00e9m precisaremos ser cuidados. O gesto de Jesus foi simples, mas nem sempre temos facilidade de seguir seus exemplos.<\/p>\n\n\n\n<p>A Campanha da Fraternidade deste ano diz \u201cFRATERNIDADE E EDUCA\u00c7\u00c3O: Fala com sabedoria, ensina com amor\u201d.<\/p>\n\n\n\n<p>Sonho para educadores do mundo inteiro que as a\u00e7\u00f5es do dia a dia sejam repletas de alegria e conhecimento e que de seus cora\u00e7\u00f5es transbordem humildade, simplicidade e amor.<\/p>\n\n\n\n<p>&nbsp;O viver na paz e na alegria de que tanto Jesus falou e praticou, em nossos dias ainda est\u00e1 em fase de constru\u00e7\u00e3o.&nbsp; Acredito que precisamos agir com sabedoria para conquist\u00e1-las.<\/p>\n\n\n\n<p>Outra pergunta que tamb\u00e9m me inquietou foi: Ser\u00e1 que as igrejas, os postos de sa\u00fade, a C\u00e2mara de Vereadores e as outras institui\u00e7\u00f5es que deveriam ter esse olhar mais atento para o pr\u00f3ximo, conhecem as pessoas da comunidade que neste instante precisam com urg\u00eancia que, seus p\u00e9s sejam lavados?<\/p>\n\n\n\n<p>Caro leitor, por algum motivo deixamos de enxergar tudo o que acontece a nossa volta, parece que fazemos uma sele\u00e7\u00e3o para o que queremos ver, ent\u00e3o a n\u00e3o ser que seja um assunto do nosso interesse, ou algo que j\u00e1 estamos vivenciando, raramente prestamos aten\u00e7\u00e3o.<\/p>\n\n\n\n<p>Assim sendo, quero dizer para todas as pessoas que s\u00e3o cuidadoras, que n\u00e3o fiquem esperando que o outro perceba que voc\u00ea est\u00e1 cansado e precisa de descanso.<\/p>\n\n\n\n<p>\u00c9 necess\u00e1rio dizer com clareza e precis\u00e3o: Que voc\u00ea est\u00e1 doente e precisa ir ao m\u00e9dico. Que o trabalho triplicou e voc\u00ea precisa de ajuda. Que voc\u00ea est\u00e1 exausto e precisa de um momento de lazer para repor a energia. Que voc\u00ea precisa de um tempo na luta di\u00e1ria para exercitar seu corpo, pois sem massa muscular adequada, voc\u00ea n\u00e3o dar\u00e1 conta de continuar cuidando.<\/p>\n\n\n\n<p>Entendam, nossos filhos e nossos pais merecem uma vida digna, precisam estarem inseridos na sociedade, com direito a cultura e lazer. Torna-se urgente que nossos governantes criem pol\u00edticas p\u00fablicas para amenizar o abandono, a defici\u00eancia da educa\u00e7\u00e3o e a precariedade da sa\u00fade.<\/p>\n\n\n\n<p>As igrejas, como est\u00e3o inseridas em espa\u00e7os menores, conhecem as pessoas da comunidade e suas necessidades. Seus representantes poderiam intermediar uma ampla reflex\u00e3o junto aos poderes p\u00fablicos, sobre as reais necessidades de cada local. Mas os poderes p\u00fablicos tamb\u00e9m devem escutar o que as pessoas est\u00e3o pedindo e precisam. \u00c0s vezes o que queremos \u00e9 t\u00e3o pouco e pode ajudar muitas pessoas.<\/p>\n\n\n\n<p>Entretanto por n\u00e3o nos ouvirem, algumas vezes constroem obras sem utilidade pr\u00e1tica. E que n\u00e3o sanam, nem amenizam nossas dores.<\/p>\n","protected":false},"excerpt":{"rendered":"<p>Pergunta esta que eclodiu em minha cabe\u00e7a nesta quinta-feira, ao anoitecer, enquanto participava de uma cerim\u00f4nia religiosa de Lava-p\u00e9s, na Igreja Nossa Senhora do Carmo, no bairro do Junco, C\u00e1ceres-MT, com meu filho e outras pessoas que representavam institui\u00e7\u00f5es educacionais, de cuidados religiosos, da sa\u00fade e da fam\u00edlia. Situa\u00e7\u00e3o interessante, pois 14 de abril \u00e9 &hellip;<\/p>\n<p class=\"read-more\"> <a class=\"\" href=\"https:\/\/quemcuidadocuidador.com.br\/index.php\/2022\/04\/16\/quem-lavara-os-pes-do-cuidador\/\"> <span class=\"screen-reader-text\">Quem lavar\u00e1 os p\u00e9s do cuidador?<\/span> Leia mais &raquo;<\/a><\/p>\n","protected":false},"author":2,"featured_media":253,"comment_status":"open","ping_status":"open","sticky":false,"template":"","format":"standard","meta":{"om_disable_all_campaigns":false,"_monsterinsights_skip_tracking":false,"_monsterinsights_sitenote_active":false,"_monsterinsights_sitenote_note":"","_monsterinsights_sitenote_category":0,"site-sidebar-layout":"","site-content-layout":"","ast-main-header-display":"","ast-hfb-above-header-display":"","ast-hfb-below-header-display":"","ast-hfb-mobile-header-display":"","site-post-title":"","ast-breadcrumbs-content":"","ast-featured-img":"","footer-sml-layout":"","theme-transparent-header-meta":"","adv-header-id-meta":"","stick-header-meta":"","header-above-stick-meta":"","header-main-stick-meta":"","header-below-stick-meta":""},"categories":[5],"tags":[],"uagb_featured_image_src":{"full":["https:\/\/quemcuidadocuidador.com.br\/wp-content\/uploads\/2022\/04\/rune-enstad-qeuJczNo54w-unsplash-scaled.jpg",2560,1708,false],"thumbnail":["https:\/\/quemcuidadocuidador.com.br\/wp-content\/uploads\/2022\/04\/rune-enstad-qeuJczNo54w-unsplash-150x150.jpg",150,150,true],"medium":["https:\/\/quemcuidadocuidador.com.br\/wp-content\/uploads\/2022\/04\/rune-enstad-qeuJczNo54w-unsplash-300x200.jpg",300,200,true],"medium_large":["https:\/\/quemcuidadocuidador.com.br\/wp-content\/uploads\/2022\/04\/rune-enstad-qeuJczNo54w-unsplash-768x512.jpg",768,512,true],"large":["https:\/\/quemcuidadocuidador.com.br\/wp-content\/uploads\/2022\/04\/rune-enstad-qeuJczNo54w-unsplash-1024x683.jpg",1024,683,true],"1536x1536":["https:\/\/quemcuidadocuidador.com.br\/wp-content\/uploads\/2022\/04\/rune-enstad-qeuJczNo54w-unsplash-1536x1025.jpg",1536,1025,true],"2048x2048":["https:\/\/quemcuidadocuidador.com.br\/wp-content\/uploads\/2022\/04\/rune-enstad-qeuJczNo54w-unsplash-2048x1367.jpg",2048,1367,true]},"uagb_author_info":{"display_name":"Cicera A Feitosa","author_link":"https:\/\/quemcuidadocuidador.com.br\/index.php\/author\/cicera\/"},"uagb_comment_info":4,"uagb_excerpt":"Pergunta esta que eclodiu em minha cabe\u00e7a nesta quinta-feira, ao anoitecer, enquanto participava de uma cerim\u00f4nia religiosa de Lava-p\u00e9s, na Igreja Nossa Senhora do Carmo, no bairro do Junco, C\u00e1ceres-MT, com meu filho e outras pessoas que representavam institui\u00e7\u00f5es educacionais, de cuidados religiosos, da sa\u00fade e da fam\u00edlia. Situa\u00e7\u00e3o interessante, pois 14 de abril \u00e9&hellip;","_links":{"self":[{"href":"https:\/\/quemcuidadocuidador.com.br\/index.php\/wp-json\/wp\/v2\/posts\/252"}],"collection":[{"href":"https:\/\/quemcuidadocuidador.com.br\/index.php\/wp-json\/wp\/v2\/posts"}],"about":[{"href":"https:\/\/quemcuidadocuidador.com.br\/index.php\/wp-json\/wp\/v2\/types\/post"}],"author":[{"embeddable":true,"href":"https:\/\/quemcuidadocuidador.com.br\/index.php\/wp-json\/wp\/v2\/users\/2"}],"replies":[{"embeddable":true,"href":"https:\/\/quemcuidadocuidador.com.br\/index.php\/wp-json\/wp\/v2\/comments?post=252"}],"version-history":[{"count":1,"href":"https:\/\/quemcuidadocuidador.com.br\/index.php\/wp-json\/wp\/v2\/posts\/252\/revisions"}],"predecessor-version":[{"id":254,"href":"https:\/\/quemcuidadocuidador.com.br\/index.php\/wp-json\/wp\/v2\/posts\/252\/revisions\/254"}],"wp:featuredmedia":[{"embeddable":true,"href":"https:\/\/quemcuidadocuidador.com.br\/index.php\/wp-json\/wp\/v2\/media\/253"}],"wp:attachment":[{"href":"https:\/\/quemcuidadocuidador.com.br\/index.php\/wp-json\/wp\/v2\/media?parent=252"}],"wp:term":[{"taxonomy":"category","embeddable":true,"href":"https:\/\/quemcuidadocuidador.com.br\/index.php\/wp-json\/wp\/v2\/categories?post=252"},{"taxonomy":"post_tag","embeddable":true,"href":"https:\/\/quemcuidadocuidador.com.br\/index.php\/wp-json\/wp\/v2\/tags?post=252"}],"curies":[{"name":"wp","href":"https:\/\/api.w.org\/{rel}","templated":true}]}}