{"id":247,"date":"2022-04-09T07:25:21","date_gmt":"2022-04-09T11:25:21","guid":{"rendered":"https:\/\/quemcuidadocuidador.com.br\/?p=247"},"modified":"2022-04-09T07:25:22","modified_gmt":"2022-04-09T11:25:22","slug":"tarde-magica-de-cuidados","status":"publish","type":"post","link":"https:\/\/quemcuidadocuidador.com.br\/index.php\/2022\/04\/09\/tarde-magica-de-cuidados\/","title":{"rendered":"Tarde m\u00e1gica de cuidados"},"content":{"rendered":"\n<p>\u00c9 de conhecimento geral que no dia 02 de abril se comemora o Dia Mundial de Conscientiza\u00e7\u00e3o do Autismo. Ap\u00f3s todo esse per\u00edodo de pandemia em que mantivemos nossos filhos reclusos em casa, no \u00faltimo s\u00e1bado fomos agraciadas por uma tarde maravilhosa para n\u00f3s e nossos filhos. Pela primeira vez em longa data ganhamos um evento em que pod\u00edamos ficar sentadas e conversarmos com outras m\u00e3es.<\/p>\n\n\n\n<p>Algumas a experimentar, pela primeira vez, o poder ficarmos sentadas, enquanto nossos filhos(a)s, podiam correr, pular, cantar e gritar. Sem precisar mandar parar ou correr atr\u00e1s por causa de perigos a vista. E o melhor dos presentes, sem nenhum julgamento, pelas pessoas que ali estavam.<\/p>\n\n\n\n<p>Pelo contr\u00e1rio, para todos os lugares que eu olhava tinha algu\u00e9m com olhos brilhantes, talvez de surpresa, pois por mais que muitos tenham sido preparados para o evento, ainda assim, algumas a\u00e7\u00f5es dos nossos autistas os surpreenderam. Mas o sorriso acolhedor que eles davam era fant\u00e1stico.<\/p>\n\n\n\n<p>Havia pessoas espalhadas por pontos estrat\u00e9gicos, a equipe organizadora pensou nos m\u00ednimos detalhes. Ao deixar espa\u00e7o livre para as crian\u00e7as brincarem e correrem. Tinha nichos onde as crian\u00e7as podiam fazer diferentes brincadeiras acompanhadas ou sozinhas.<\/p>\n\n\n\n<p>Onde aconteceu essa maravilha das maravilhas?<\/p>\n\n\n\n<p>Dentro de uma igreja. A Igreja Batista, localizada na rua dos Colhereiros, 478, bairro Vila Mariana, em C\u00e1ceres-MT.&nbsp; Eles foram incr\u00edveis na organiza\u00e7\u00e3o. Desde o painel de entrada, at\u00e9 os pequenos mimos que as fam\u00edlias receberam.<\/p>\n\n\n\n<p>Meu filho tem 19 anos, ent\u00e3o j\u00e1 passei por in\u00fameras situa\u00e7\u00f5es e eventos. V\u00e1rias vezes encontrei pessoas que ajudaram e ajudam a cuidar dele. Mas essa foi a primeira vez em que n\u00e3o conhecia as pessoas que nos receberam e pude ficar tranquila sem me preocupar com ele.<\/p>\n\n\n\n<p>Por\u00e9m, o mais incr\u00edvel foi que o pastor cantou, leu a b\u00edblia, orou. Em meio a correria, gritos e gargalhadas da crian\u00e7ada. E o microfone numa altura adequada.&nbsp; Em nenhum momento foi solicitado aos nossos filhos que sentassem, ou fizessem sil\u00eancio. Tamb\u00e9m n\u00e3o notei a t\u00edpica express\u00e3o \u201c\u00e9 falta de educa\u00e7\u00e3o\u201d. Momento m\u00e1gico pela adequa\u00e7\u00e3o das circunst\u00e2ncias apresentadas.<\/p>\n\n\n\n<p>Pedro, a princ\u00edpio, ficou quieto em uma mesa com outra m\u00e3e que ele j\u00e1 conhecia, mas quando a Andreia, organizadora do evento e eu convers\u00e1vamos e ela me apresentou o pastor, ele tomou a palavra e fez uma longa fala sobre os santos da igreja cat\u00f3lica e o pastor, aguentou firme e o parabenizou pelo seu vasto conhecimento sobre santos.<\/p>\n\n\n\n<p>Todos estavam preparados para lidar com o diferente.&nbsp; Tinha uma frase em destaque: \u201cLugar de autista \u00e9 em todo lugar\u201d. Sim, \u00e9 verdade. Quando as pessoas se preparam para receb\u00ea-los.<\/p>\n\n\n\n<p>Al\u00e9m de parabeniz\u00e1-los pelo evento incr\u00edvel, que voc\u00eas organizaram, fica a dica para outras institui\u00e7\u00f5es. Quando temos algumas horas sem cuidarmos de nossos filhos, esses momentos valem ouro. Pela raridade com que acontecem.<\/p>\n\n\n\n<p>Muita obrigada! Voc\u00eas nos ofereceram, carinho, aten\u00e7\u00e3o, respeito e amor refletidos no espa\u00e7o e adequa\u00e7\u00e3o do ambiente para receb\u00ea-los.&nbsp; E nos proporcionaram um pouco de descanso, nos sentimos cuidadas e acolhidas.<\/p>\n","protected":false},"excerpt":{"rendered":"<p>\u00c9 de conhecimento geral que no dia 02 de abril se comemora o Dia Mundial de Conscientiza\u00e7\u00e3o do Autismo. Ap\u00f3s todo esse per\u00edodo de pandemia em que mantivemos nossos filhos reclusos em casa, no \u00faltimo s\u00e1bado fomos agraciadas por uma tarde maravilhosa para n\u00f3s e nossos filhos. Pela primeira vez em longa data ganhamos um &hellip;<\/p>\n<p class=\"read-more\"> <a class=\"\" href=\"https:\/\/quemcuidadocuidador.com.br\/index.php\/2022\/04\/09\/tarde-magica-de-cuidados\/\"> <span class=\"screen-reader-text\">Tarde m\u00e1gica de cuidados<\/span> Leia mais &raquo;<\/a><\/p>\n","protected":false},"author":2,"featured_media":248,"comment_status":"open","ping_status":"open","sticky":false,"template":"","format":"standard","meta":{"om_disable_all_campaigns":false,"_monsterinsights_skip_tracking":false,"_monsterinsights_sitenote_active":false,"_monsterinsights_sitenote_note":"","_monsterinsights_sitenote_category":0,"site-sidebar-layout":"","site-content-layout":"","ast-main-header-display":"","ast-hfb-above-header-display":"","ast-hfb-below-header-display":"","ast-hfb-mobile-header-display":"","site-post-title":"","ast-breadcrumbs-content":"","ast-featured-img":"","footer-sml-layout":"","theme-transparent-header-meta":"","adv-header-id-meta":"","stick-header-meta":"","header-above-stick-meta":"","header-main-stick-meta":"","header-below-stick-meta":""},"categories":[5],"tags":[],"uagb_featured_image_src":{"full":["https:\/\/quemcuidadocuidador.com.br\/wp-content\/uploads\/2022\/04\/peter-burdon-C2zX9DEVSDs-unsplash-scaled.jpg",2560,1707,false],"thumbnail":["https:\/\/quemcuidadocuidador.com.br\/wp-content\/uploads\/2022\/04\/peter-burdon-C2zX9DEVSDs-unsplash-150x150.jpg",150,150,true],"medium":["https:\/\/quemcuidadocuidador.com.br\/wp-content\/uploads\/2022\/04\/peter-burdon-C2zX9DEVSDs-unsplash-300x200.jpg",300,200,true],"medium_large":["https:\/\/quemcuidadocuidador.com.br\/wp-content\/uploads\/2022\/04\/peter-burdon-C2zX9DEVSDs-unsplash-768x512.jpg",768,512,true],"large":["https:\/\/quemcuidadocuidador.com.br\/wp-content\/uploads\/2022\/04\/peter-burdon-C2zX9DEVSDs-unsplash-1024x683.jpg",1024,683,true],"1536x1536":["https:\/\/quemcuidadocuidador.com.br\/wp-content\/uploads\/2022\/04\/peter-burdon-C2zX9DEVSDs-unsplash-1536x1024.jpg",1536,1024,true],"2048x2048":["https:\/\/quemcuidadocuidador.com.br\/wp-content\/uploads\/2022\/04\/peter-burdon-C2zX9DEVSDs-unsplash-2048x1365.jpg",2048,1365,true]},"uagb_author_info":{"display_name":"Cicera A Feitosa","author_link":"https:\/\/quemcuidadocuidador.com.br\/index.php\/author\/cicera\/"},"uagb_comment_info":12,"uagb_excerpt":"\u00c9 de conhecimento geral que no dia 02 de abril se comemora o Dia Mundial de Conscientiza\u00e7\u00e3o do Autismo. Ap\u00f3s todo esse per\u00edodo de pandemia em que mantivemos nossos filhos reclusos em casa, no \u00faltimo s\u00e1bado fomos agraciadas por uma tarde maravilhosa para n\u00f3s e nossos filhos. Pela primeira vez em longa data ganhamos um&hellip;","_links":{"self":[{"href":"https:\/\/quemcuidadocuidador.com.br\/index.php\/wp-json\/wp\/v2\/posts\/247"}],"collection":[{"href":"https:\/\/quemcuidadocuidador.com.br\/index.php\/wp-json\/wp\/v2\/posts"}],"about":[{"href":"https:\/\/quemcuidadocuidador.com.br\/index.php\/wp-json\/wp\/v2\/types\/post"}],"author":[{"embeddable":true,"href":"https:\/\/quemcuidadocuidador.com.br\/index.php\/wp-json\/wp\/v2\/users\/2"}],"replies":[{"embeddable":true,"href":"https:\/\/quemcuidadocuidador.com.br\/index.php\/wp-json\/wp\/v2\/comments?post=247"}],"version-history":[{"count":1,"href":"https:\/\/quemcuidadocuidador.com.br\/index.php\/wp-json\/wp\/v2\/posts\/247\/revisions"}],"predecessor-version":[{"id":249,"href":"https:\/\/quemcuidadocuidador.com.br\/index.php\/wp-json\/wp\/v2\/posts\/247\/revisions\/249"}],"wp:featuredmedia":[{"embeddable":true,"href":"https:\/\/quemcuidadocuidador.com.br\/index.php\/wp-json\/wp\/v2\/media\/248"}],"wp:attachment":[{"href":"https:\/\/quemcuidadocuidador.com.br\/index.php\/wp-json\/wp\/v2\/media?parent=247"}],"wp:term":[{"taxonomy":"category","embeddable":true,"href":"https:\/\/quemcuidadocuidador.com.br\/index.php\/wp-json\/wp\/v2\/categories?post=247"},{"taxonomy":"post_tag","embeddable":true,"href":"https:\/\/quemcuidadocuidador.com.br\/index.php\/wp-json\/wp\/v2\/tags?post=247"}],"curies":[{"name":"wp","href":"https:\/\/api.w.org\/{rel}","templated":true}]}}