{"id":243,"date":"2022-04-02T12:33:08","date_gmt":"2022-04-02T16:33:08","guid":{"rendered":"https:\/\/quemcuidadocuidador.com.br\/?p=243"},"modified":"2022-04-02T12:33:09","modified_gmt":"2022-04-02T16:33:09","slug":"o-cuidar-do-meu-menino-autista","status":"publish","type":"post","link":"https:\/\/quemcuidadocuidador.com.br\/index.php\/2022\/04\/02\/o-cuidar-do-meu-menino-autista\/","title":{"rendered":"O cuidar do meu menino autista"},"content":{"rendered":"\n<p>Meu filho teve um diagn\u00f3stico tardio do espectro autista, j\u00e1 tinha vivido mais de uma d\u00e9cada quando eu recebi o diagn\u00f3stico, Pedro \u00e9 autista. Eu j\u00e1 sabia que ele tinha s\u00edndrome doose, que era TDO, TDAH e tinha defasagem idade mental\/ idade cronol\u00f3gica.<\/p>\n\n\n\n<p>Claro que os sinais estavam l\u00e1, quando ele era pequeno e ganhava algum brinquedo eletr\u00f4nico, enquanto ele ouvisse um barulho ele estava a desmanchar o brinquedo, suas roupas ainda hoje, precisam ser tiradas todas as etiquetas, caso contr\u00e1rio ele acaba rasgando ao tentar arranc\u00e1-las.<\/p>\n\n\n\n<p>Outra caracter\u00edstica \u00e9 pegar todas as suas revistas e fazer uma fileira extremamente organizada de um canto a outro da \u00e1rea, ou picar folhas de tamanhos quase iguais, para as decora\u00e7\u00f5es do tapete da semana santa, considerando sua dificuldade de coordena\u00e7\u00e3o motora fina. Ou quando vamos ao supermercado e ele decide colocar as compras nas sacolas. Cada item em uma sacola. Ou no seu hiper foco sobre os santos da igreja. Tenho certeza que o seu conhecimento sobre santos deve ser maior que de muitos padres da igreja.<\/p>\n\n\n\n<p>Hoje ele tem 19 anos, essas habilidades servem para ter uma conversa legal com pessoas religiosas. Caso ele n\u00e3o esteja vivendo um momento de frustra\u00e7\u00e3o, \u00e9 a pessoa mais sedutora que j\u00e1 conheci. Mas se for num momento de crise torna-se bem dif\u00edcil acalm\u00e1-lo.<\/p>\n\n\n\n<p>Meu desafio di\u00e1rio \u00e9 em todas as situa\u00e7\u00f5es que podem alterar seu humor, encontrar uma solu\u00e7\u00e3o de negocia\u00e7\u00e3o.&nbsp; No momento atual, minha principal moeda de troca \u00e9 o uso do celular.<\/p>\n\n\n\n<p>Nem pense, caro leitor, que isso \u00e9 uma tarefa f\u00e1cil. Estabelecer regras de comportamento para o conv\u00edvio di\u00e1rio, consolidar estes comportamentos e lhe possibilitar melhor desenvoltura no conv\u00edvio social. Por isso, recorri a ajuda de um terapeuta ocupacional. Eu preciso de ajuda.<\/p>\n\n\n\n<p>Quanto mais r\u00e1pido acontecer o diagn\u00f3stico do autismo, mais f\u00e1cil ser\u00e1 implementar os cuidados necess\u00e1rios para o seu desenvolvimento. Como uma equipe de profissionais que atendam nossos filhos e esse atendimento precisa ser estendido a n\u00f3s, m\u00e3es, pois precisamos ser cuidadas. Nosso mundo vem abaixo, nossos conhecimentos tornam-se obsoletos. Perdemos o prumo e se n\u00e3o formos assistidas, passamos a somatizar em nossos corpos v\u00e1rias doen\u00e7as.<\/p>\n\n\n\n<p>Tamb\u00e9m passamos a ter nossas crises emocionais. A vida que nossos filhos vivem, para eles \u00e9 normal. Mas enquanto m\u00e3es, e conhecedoras do quanto a sociedade pode ser massacrante e destrutiva com os seres humanos, sofremos na busca de construirmos h\u00e1bitos que os tornem capazes de serem aceitos.<\/p>\n\n\n\n<p>Em um texto recente, precisei me convencer com provas irrefut\u00e1veis que meu filho Pedro Henrique \u00e9 feliz. Por\u00e9m entendo que a maioria das a\u00e7\u00f5es que o deixa feliz sou eu enquanto m\u00e3e a proporcion\u00e1-las. Mas no momento atual, j\u00e1 vivo meio s\u00e9culo de vida. E depois como ser\u00e1?<\/p>\n\n\n\n<p>Quem ir\u00e1 lev\u00e1-lo a igreja, mesmo n\u00e3o estando afim de ir?<\/p>\n\n\n\n<p>Quem o levar\u00e1 ao cinema super afim de assistir o novo lan\u00e7amento e se ele tiver medo, sair do cinema vinte minutos depois, na maior vontade de continuar assistindo?<\/p>\n\n\n\n<p>Quem o levar\u00e1 ao mar e cuidar\u00e1 dele o tempo inteiro tendo apenas alguns vislumbres da beleza do lugar?<\/p>\n\n\n\n<p>Quem, ap\u00f3s fazer um super almo\u00e7o, os amigos terem chegado, ir\u00e1 querer voltar ao fog\u00e3o para fritar um ovo, pois naquele dia ele quer comer apenas arroz branco e ovo frito?<\/p>\n\n\n\n<p>Quem vai parar tudo que est\u00e1 fazendo, para ler uma hist\u00f3ria, tantas vezes lidas que voc\u00ea j\u00e1 sabe de cor, mas ele quer que seja lida?<\/p>\n\n\n\n<p>Sei que tem muitas pessoas autistas num grau leve que conseguem levar uma vida normal, outros quase normal e aqueles que precisam serem cuidados o tempo todo. S\u00e3o estes \u00faltimos que mais me preocupam.<\/p>\n\n\n\n<p>O que os governos est\u00e3o fazendo, para quando os pais n\u00e3o tiverem mais condi\u00e7\u00f5es de cuidarem deles?<\/p>\n\n\n\n<p>Para os mesmos continuarem recebendo cuidados e tratamentos com qualidade, equidade e compaix\u00e3o?<\/p>\n\n\n\n<p>Olho para todos os lados em minha cidade, com olhos arregalados, para esquadrinhar cada canto e ainda n\u00e3o vi nenhuma institui\u00e7\u00e3o, que me permita dizer aqui meu filho ficar\u00e1 bem, quando eu partir&#8230;<\/p>\n\n\n\n<p>\u00c9 muito bom saber que hoje \u00e9 um dia que a sociedade, parou para ver nossos filhos, h\u00e1 eventos por todo o Pa\u00eds, podemos postar v\u00eddeos de nossos filhos nas redes socias e receber\u00e3o algumas curtidas e compartilhamentos.<\/p>\n\n\n\n<p>\u00c0 luz de todas essas manifesta\u00e7\u00f5es de reconhecimento e respeito, devemos lembrar que eles s\u00e3o autistas e seres humanos, os outros 364 dias do ano, e por toda uma vida.<\/p>\n\n\n\n<p>Precisamos de pol\u00edticas p\u00fablicas que cuidem de nossos filhos e, de n\u00f3s enquanto m\u00e3es e pais cuidadores, pois tamb\u00e9m precisamos ser cuidados. Aquela m\u00e3e que fica em casa cuidando o tempo inteiro precisa de um sal\u00e1rio, para manter a dignidade.<\/p>\n\n\n\n<p>Ressalto ainda, as habilidades de percep\u00e7\u00e3o e sentir de nossos filhos. Pois, n\u00f3s para cuidarmos deles, tamb\u00e9m desenvolvemos essas habilidades. E, sentimos em demasia, o desamparo e a falta de compaix\u00e3o da sociedade.<\/p>\n","protected":false},"excerpt":{"rendered":"<p>Meu filho teve um diagn\u00f3stico tardio do espectro autista, j\u00e1 tinha vivido mais de uma d\u00e9cada quando eu recebi o diagn\u00f3stico, Pedro \u00e9 autista. Eu j\u00e1 sabia que ele tinha s\u00edndrome doose, que era TDO, TDAH e tinha defasagem idade mental\/ idade cronol\u00f3gica. Claro que os sinais estavam l\u00e1, quando ele era pequeno e ganhava &hellip;<\/p>\n<p class=\"read-more\"> <a class=\"\" href=\"https:\/\/quemcuidadocuidador.com.br\/index.php\/2022\/04\/02\/o-cuidar-do-meu-menino-autista\/\"> <span class=\"screen-reader-text\">O cuidar do meu menino autista<\/span> Leia mais &raquo;<\/a><\/p>\n","protected":false},"author":2,"featured_media":244,"comment_status":"open","ping_status":"open","sticky":false,"template":"","format":"standard","meta":{"om_disable_all_campaigns":false,"_monsterinsights_skip_tracking":false,"_monsterinsights_sitenote_active":false,"_monsterinsights_sitenote_note":"","_monsterinsights_sitenote_category":0,"site-sidebar-layout":"","site-content-layout":"","ast-main-header-display":"","ast-hfb-above-header-display":"","ast-hfb-below-header-display":"","ast-hfb-mobile-header-display":"","site-post-title":"","ast-breadcrumbs-content":"","ast-featured-img":"","footer-sml-layout":"","theme-transparent-header-meta":"","adv-header-id-meta":"","stick-header-meta":"","header-above-stick-meta":"","header-main-stick-meta":"","header-below-stick-meta":""},"categories":[5],"tags":[],"uagb_featured_image_src":{"full":["https:\/\/quemcuidadocuidador.com.br\/wp-content\/uploads\/2022\/04\/jordan-whitt-KQCXf_zvdaU-unsplash-scaled.jpg",1709,2560,false],"thumbnail":["https:\/\/quemcuidadocuidador.com.br\/wp-content\/uploads\/2022\/04\/jordan-whitt-KQCXf_zvdaU-unsplash-150x150.jpg",150,150,true],"medium":["https:\/\/quemcuidadocuidador.com.br\/wp-content\/uploads\/2022\/04\/jordan-whitt-KQCXf_zvdaU-unsplash-200x300.jpg",200,300,true],"medium_large":["https:\/\/quemcuidadocuidador.com.br\/wp-content\/uploads\/2022\/04\/jordan-whitt-KQCXf_zvdaU-unsplash-768x1150.jpg",768,1150,true],"large":["https:\/\/quemcuidadocuidador.com.br\/wp-content\/uploads\/2022\/04\/jordan-whitt-KQCXf_zvdaU-unsplash-684x1024.jpg",684,1024,true],"1536x1536":["https:\/\/quemcuidadocuidador.com.br\/wp-content\/uploads\/2022\/04\/jordan-whitt-KQCXf_zvdaU-unsplash-1025x1536.jpg",1025,1536,true],"2048x2048":["https:\/\/quemcuidadocuidador.com.br\/wp-content\/uploads\/2022\/04\/jordan-whitt-KQCXf_zvdaU-unsplash-1367x2048.jpg",1367,2048,true]},"uagb_author_info":{"display_name":"Cicera A Feitosa","author_link":"https:\/\/quemcuidadocuidador.com.br\/index.php\/author\/cicera\/"},"uagb_comment_info":6,"uagb_excerpt":"Meu filho teve um diagn\u00f3stico tardio do espectro autista, j\u00e1 tinha vivido mais de uma d\u00e9cada quando eu recebi o diagn\u00f3stico, Pedro \u00e9 autista. Eu j\u00e1 sabia que ele tinha s\u00edndrome doose, que era TDO, TDAH e tinha defasagem idade mental\/ idade cronol\u00f3gica. Claro que os sinais estavam l\u00e1, quando ele era pequeno e ganhava&hellip;","_links":{"self":[{"href":"https:\/\/quemcuidadocuidador.com.br\/index.php\/wp-json\/wp\/v2\/posts\/243"}],"collection":[{"href":"https:\/\/quemcuidadocuidador.com.br\/index.php\/wp-json\/wp\/v2\/posts"}],"about":[{"href":"https:\/\/quemcuidadocuidador.com.br\/index.php\/wp-json\/wp\/v2\/types\/post"}],"author":[{"embeddable":true,"href":"https:\/\/quemcuidadocuidador.com.br\/index.php\/wp-json\/wp\/v2\/users\/2"}],"replies":[{"embeddable":true,"href":"https:\/\/quemcuidadocuidador.com.br\/index.php\/wp-json\/wp\/v2\/comments?post=243"}],"version-history":[{"count":1,"href":"https:\/\/quemcuidadocuidador.com.br\/index.php\/wp-json\/wp\/v2\/posts\/243\/revisions"}],"predecessor-version":[{"id":245,"href":"https:\/\/quemcuidadocuidador.com.br\/index.php\/wp-json\/wp\/v2\/posts\/243\/revisions\/245"}],"wp:featuredmedia":[{"embeddable":true,"href":"https:\/\/quemcuidadocuidador.com.br\/index.php\/wp-json\/wp\/v2\/media\/244"}],"wp:attachment":[{"href":"https:\/\/quemcuidadocuidador.com.br\/index.php\/wp-json\/wp\/v2\/media?parent=243"}],"wp:term":[{"taxonomy":"category","embeddable":true,"href":"https:\/\/quemcuidadocuidador.com.br\/index.php\/wp-json\/wp\/v2\/categories?post=243"},{"taxonomy":"post_tag","embeddable":true,"href":"https:\/\/quemcuidadocuidador.com.br\/index.php\/wp-json\/wp\/v2\/tags?post=243"}],"curies":[{"name":"wp","href":"https:\/\/api.w.org\/{rel}","templated":true}]}}