{"id":237,"date":"2022-03-26T06:04:49","date_gmt":"2022-03-26T10:04:49","guid":{"rendered":"https:\/\/quemcuidadocuidador.com.br\/?p=237"},"modified":"2022-03-26T10:39:37","modified_gmt":"2022-03-26T14:39:37","slug":"consolidar-direitos","status":"publish","type":"post","link":"https:\/\/quemcuidadocuidador.com.br\/index.php\/2022\/03\/26\/consolidar-direitos\/","title":{"rendered":"Consolidar Direitos"},"content":{"rendered":"\n<p>No dia 19 de mar\u00e7o de 2022, \u00e0s 19 horas, realizou-se na C\u00e2mara Municipal de C\u00e1ceres-MT uma Audi\u00eancia P\u00fablica para tratar das necessidades dos autistas com diagn\u00f3stico, daqueles que s\u00e3o autistas, mas ainda n\u00e3o tem diagn\u00f3stico, de todas as crian\u00e7as, jovens e adultos que possuem defici\u00eancias f\u00edsicas ou mentais e experimentam v\u00e1rias dificuldades, todos os dias, para sobreviverem. Desde a falta de medicamento, \u00e0s condi\u00e7\u00f5es financeiras, falta de condi\u00e7\u00f5es m\u00ednimas de locomo\u00e7\u00e3o at\u00e9 o atendimento desumanizado, por pessoas que deveriam estarem melhor preparadas para fazer acolhimento com mais empatia e compaix\u00e3o.<\/p>\n\n\n\n<p>Sem esquecer aqui tamb\u00e9m, todas as m\u00e3es de filhos com defici\u00eancias f\u00edsicas ou mentais, que a longa data j\u00e1 vinha enfrentando dificuldades no atendimento para os filhos, pois faltavam neuro pediatra, fonoaudi\u00f3logos, terapeuta ocupacional, fisioterapeutas etc. E com a pandemia, o pouco que existia acabou.&nbsp; N\u00f3s, m\u00e3es, nesse per\u00edodo tamb\u00e9m adoecemos. Cuidamos de nossos filhos, mas ningu\u00e9m cuida da gente.<\/p>\n\n\n\n<p>H\u00e1 um bom tempo venho dizendo em meu blog, que quem cuida tamb\u00e9m precisa ser cuidado, na mesma propor\u00e7\u00e3o de quem recebe cuidados ou at\u00e9 mais. Entretanto somos uma fatia humana, esquecida, n\u00e3o olhada e totalmente ignorada pela sociedade.<\/p>\n\n\n\n<p>Ano passado j\u00e1 t\u00ednhamos feito uma reuni\u00e3o com a prefeita. A pauta era os profissionais da sa\u00fade que estavam em falta, os medicamentos, fraldas, transporte adequado para transportar cadeirantes e demais materiais necess\u00e1rios para garantir qualidade de vida aos nossos filhos.<\/p>\n\n\n\n<p>Fomos ouvidas? Sim. Pela Prefeita, a Secret\u00e1ria de Sa\u00fade, a Secret\u00e1ria de Educa\u00e7\u00e3o e dois vereadores. Confesso que foi uma conversa agrad\u00e1vel. E acreditamos que mudan\u00e7as iam acontecer. Isso em 2021. Como iniciou 2022 sem altera\u00e7\u00e3o nenhuma optamos pela Audi\u00eancia P\u00fablica. E em conversa com os vereadores Landim e professor Leandro acordamos que seriam convidados a participar todos os vereadores, secret\u00e1rios, a Prefeita e todas as institui\u00e7\u00f5es que pudessem contribuir para que a realidade atual pudesse ser transformada. Ex. As universidades locais.<\/p>\n\n\n\n<p>Primeira das surpresas ao iniciarmos, \u00e9 que nossa C\u00e2mara \u00e9 composta por 15 vereadores. E l\u00e1 havia apenas quatro. Professor Leandro, Landim, professora Mazeh e Valdenira. Vereador Franco passou por l\u00e1, fez algumas sugest\u00f5es, mas deixou claro que este era um assunto desconhecido por ele. Vereador Marcos dizem que estava online, mas como n\u00e3o se manifestou, provavelmente \u00e9 por desconhecer o assunto.<\/p>\n\n\n\n<p>Quanto aos demais vereadores, n\u00e3o se preocupem, a vereadora Valdenira justificou vossas aus\u00eancias de forma veemente. Mas n\u00f3s enquanto mun\u00edcipes, esperamos ser melhor representados por voc\u00eas, na pr\u00f3xima Audi\u00eancia P\u00fablica, que acontecer\u00e1 no dia 29\/04\/2022. Esperamos tamb\u00e9m que esse tempo permita a voc\u00eas se inteirarem da pauta, para que os resultados sejam mais proveitosos.<\/p>\n\n\n\n<p>Sentimos falta do Secret\u00e1rio de Obras, pela dificuldade de locomo\u00e7\u00e3o na cidade, bem como do Secret\u00e1rio de Esporte e Cultura e demais Secretarias que podem contribuir para uma melhor qualidade de vida para nossos filhos e demais cidad\u00e3os de C\u00e1ceres que enfrentam dificuldades.<\/p>\n\n\n\n<p>Percebemos que temos leis lindas, fant\u00e1sticas no papel. Mas que na pr\u00e1tica n\u00e3o se efetivam. Portanto, pedimos a todos os cidad\u00e3os de C\u00e1ceres, principalmente advogados, que estejam ligados \u00e0 Defensoria P\u00fablica, Minist\u00e9rio P\u00fablico ou ao Foro, que nos auxiliem para que estas leis se efetivem.<\/p>\n\n\n\n<p>Pois n\u00e3o adianta nada sabermos que temos direito a rem\u00e9dio, fraldas, ADIs, profissionais da sa\u00fade especializados e atendimentos diferenciados em alguns espa\u00e7os, se quando entramos em uma fila preferencial n\u00f3s e nossos filhos recebemos olhares que nos esquadrinham, na busca de alguma anomalia f\u00edsica que nos garanta o direito de estar naquela fila.<\/p>\n\n\n\n<p>Gente, autismo n\u00e3o tem um aspecto f\u00edsico vis\u00edvel como em algumas outras s\u00edndromes.<\/p>\n\n\n\n<p>Mas voltando a Audi\u00eancia P\u00fablica, as discuss\u00f5es foram interessantes, com algumas sugest\u00f5es para otimizarem o atendimento em alguns \u00f3rg\u00e3os e uma lista de solicita\u00e7\u00f5es que os vereadores ficaram de levar a Prefeita Eliene Liberato e no dia 29\/04\/2022 trazerem uma resposta, das medidas adotadas para sanar as dificuldades apontadas como:<\/p>\n\n\n\n<ul><li>Os profissionais de Sa\u00fade que est\u00e3o faltando: neuropediatra, terapeuta ocupacional, fonoaudi\u00f3logo, psic\u00f3logos, fisioterapeutas etc.<\/li><li>Medicamentos, fraldas e demais materiais como sonda, que se usa em uma grande quantidade ao dia etc.<\/li><li>Transporte adequado, para transportar pessoas com defici\u00eancia para a fisioterapia,<\/li><li>Adequa\u00e7\u00e3o na cidade para que os cadeirantes possam circular no centro da cidade.<\/li><li>Que o CER e o CAPSIN voltem a funcionar com uma equipe de profissionais multidisciplinar.<\/li><li>Quando nossos filhos estiverem sendo atendidos, que n\u00f3s enquanto m\u00e3es ou pais tamb\u00e9m possamos receber atendimento, pois quando \u201ca boca cala o corpo fala\u201d.<\/li><\/ul>\n\n\n\n<p>E nossos corpos j\u00e1 n\u00e3o est\u00e3o mais falando, na verdade eles est\u00e3o gritando, por todas as dores acumuladas na a\u00e7\u00e3o de cuidar, por n\u00e3o sermos cuidados e ainda termos que lidar com o descaso e a falta de compaix\u00e3o do pr\u00f3ximo.<\/p>\n\n\n\n<p>Esperamos poder contar com o apoio de toda a sociedade Cacerense, na pr\u00f3xima reuni\u00e3o, pois, juntos somos mais fortes.<\/p>\n\n\n\n<p>No momento atual, dispensamos o t\u00edtulo de m\u00e3es guerreiras, queremos a constru\u00e7\u00e3o de uma Rede de Apoio, para oferecer os cuidados essenciais que nossos filhos t\u00eam direito e que n\u00f3s, m\u00e3es, tamb\u00e9m precisamos.<\/p>\n","protected":false},"excerpt":{"rendered":"<p>No dia 19 de mar\u00e7o de 2022, \u00e0s 19 horas, realizou-se na C\u00e2mara Municipal de C\u00e1ceres-MT uma Audi\u00eancia P\u00fablica para tratar das necessidades dos autistas com diagn\u00f3stico, daqueles que s\u00e3o autistas, mas ainda n\u00e3o tem diagn\u00f3stico, de todas as crian\u00e7as, jovens e adultos que possuem defici\u00eancias f\u00edsicas ou mentais e experimentam v\u00e1rias dificuldades, todos os &hellip;<\/p>\n<p class=\"read-more\"> <a class=\"\" href=\"https:\/\/quemcuidadocuidador.com.br\/index.php\/2022\/03\/26\/consolidar-direitos\/\"> <span class=\"screen-reader-text\">Consolidar Direitos<\/span> Leia mais &raquo;<\/a><\/p>\n","protected":false},"author":2,"featured_media":238,"comment_status":"open","ping_status":"open","sticky":false,"template":"","format":"standard","meta":{"om_disable_all_campaigns":false,"_monsterinsights_skip_tracking":false,"_monsterinsights_sitenote_active":false,"_monsterinsights_sitenote_note":"","_monsterinsights_sitenote_category":0,"site-sidebar-layout":"","site-content-layout":"","ast-main-header-display":"","ast-hfb-above-header-display":"","ast-hfb-below-header-display":"","ast-hfb-mobile-header-display":"","site-post-title":"","ast-breadcrumbs-content":"","ast-featured-img":"","footer-sml-layout":"","theme-transparent-header-meta":"","adv-header-id-meta":"","stick-header-meta":"","header-above-stick-meta":"","header-main-stick-meta":"","header-below-stick-meta":""},"categories":[5],"tags":[],"uagb_featured_image_src":{"full":["https:\/\/quemcuidadocuidador.com.br\/wp-content\/uploads\/2022\/03\/foto-da-audiencia-publica.jpeg",720,1280,false],"thumbnail":["https:\/\/quemcuidadocuidador.com.br\/wp-content\/uploads\/2022\/03\/foto-da-audiencia-publica-150x150.jpeg",150,150,true],"medium":["https:\/\/quemcuidadocuidador.com.br\/wp-content\/uploads\/2022\/03\/foto-da-audiencia-publica-169x300.jpeg",169,300,true],"medium_large":["https:\/\/quemcuidadocuidador.com.br\/wp-content\/uploads\/2022\/03\/foto-da-audiencia-publica.jpeg",720,1280,false],"large":["https:\/\/quemcuidadocuidador.com.br\/wp-content\/uploads\/2022\/03\/foto-da-audiencia-publica-576x1024.jpeg",576,1024,true],"1536x1536":["https:\/\/quemcuidadocuidador.com.br\/wp-content\/uploads\/2022\/03\/foto-da-audiencia-publica.jpeg",720,1280,false],"2048x2048":["https:\/\/quemcuidadocuidador.com.br\/wp-content\/uploads\/2022\/03\/foto-da-audiencia-publica.jpeg",720,1280,false]},"uagb_author_info":{"display_name":"Cicera A Feitosa","author_link":"https:\/\/quemcuidadocuidador.com.br\/index.php\/author\/cicera\/"},"uagb_comment_info":7,"uagb_excerpt":"No dia 19 de mar\u00e7o de 2022, \u00e0s 19 horas, realizou-se na C\u00e2mara Municipal de C\u00e1ceres-MT uma Audi\u00eancia P\u00fablica para tratar das necessidades dos autistas com diagn\u00f3stico, daqueles que s\u00e3o autistas, mas ainda n\u00e3o tem diagn\u00f3stico, de todas as crian\u00e7as, jovens e adultos que possuem defici\u00eancias f\u00edsicas ou mentais e experimentam v\u00e1rias dificuldades, todos os&hellip;","_links":{"self":[{"href":"https:\/\/quemcuidadocuidador.com.br\/index.php\/wp-json\/wp\/v2\/posts\/237"}],"collection":[{"href":"https:\/\/quemcuidadocuidador.com.br\/index.php\/wp-json\/wp\/v2\/posts"}],"about":[{"href":"https:\/\/quemcuidadocuidador.com.br\/index.php\/wp-json\/wp\/v2\/types\/post"}],"author":[{"embeddable":true,"href":"https:\/\/quemcuidadocuidador.com.br\/index.php\/wp-json\/wp\/v2\/users\/2"}],"replies":[{"embeddable":true,"href":"https:\/\/quemcuidadocuidador.com.br\/index.php\/wp-json\/wp\/v2\/comments?post=237"}],"version-history":[{"count":2,"href":"https:\/\/quemcuidadocuidador.com.br\/index.php\/wp-json\/wp\/v2\/posts\/237\/revisions"}],"predecessor-version":[{"id":240,"href":"https:\/\/quemcuidadocuidador.com.br\/index.php\/wp-json\/wp\/v2\/posts\/237\/revisions\/240"}],"wp:featuredmedia":[{"embeddable":true,"href":"https:\/\/quemcuidadocuidador.com.br\/index.php\/wp-json\/wp\/v2\/media\/238"}],"wp:attachment":[{"href":"https:\/\/quemcuidadocuidador.com.br\/index.php\/wp-json\/wp\/v2\/media?parent=237"}],"wp:term":[{"taxonomy":"category","embeddable":true,"href":"https:\/\/quemcuidadocuidador.com.br\/index.php\/wp-json\/wp\/v2\/categories?post=237"},{"taxonomy":"post_tag","embeddable":true,"href":"https:\/\/quemcuidadocuidador.com.br\/index.php\/wp-json\/wp\/v2\/tags?post=237"}],"curies":[{"name":"wp","href":"https:\/\/api.w.org\/{rel}","templated":true}]}}