{"id":230,"date":"2022-03-12T06:50:09","date_gmt":"2022-03-12T10:50:09","guid":{"rendered":"https:\/\/quemcuidadocuidador.com.br\/?p=230"},"modified":"2022-03-12T06:50:11","modified_gmt":"2022-03-12T10:50:11","slug":"ausencias","status":"publish","type":"post","link":"https:\/\/quemcuidadocuidador.com.br\/index.php\/2022\/03\/12\/ausencias\/","title":{"rendered":"Aus\u00eancias"},"content":{"rendered":"\n<p>Pela noite de pijama,<\/p>\n\n\n\n<p>Que nunca aconteceu.<\/p>\n\n\n\n<p>Pelos convites de anivers\u00e1rios,<\/p>\n\n\n\n<p>&nbsp;Que desapareceram<\/p>\n\n\n\n<p>Pela pelada no campo,<\/p>\n\n\n\n<p>&nbsp;Que desaconteceu.<\/p>\n\n\n\n<p>Pelo terer\u00e9 na cal\u00e7ada,<\/p>\n\n\n\n<p>&nbsp;Que se desbebeu.<\/p>\n\n\n\n<p>Pela festa de conclus\u00e3o do Ensino M\u00e9dio,<\/p>\n\n\n\n<p>Planejada, programada, marcada<\/p>\n\n\n\n<p>Na hora de pagar a cota,<\/p>\n\n\n\n<p>Informaram-me: Acabou!<\/p>\n\n\n\n<p>&nbsp;E, ningu\u00e9m avisou&#8230;<\/p>\n\n\n\n<p>Pela carteira de motorista.<\/p>\n\n\n\n<p>Que nunca ser\u00e1 tirada ou vista.<\/p>\n\n\n\n<p>Pela dispensa do quartel,<\/p>\n\n\n\n<p>Quanta aus\u00eancia de justi\u00e7a.<\/p>\n\n\n\n<p>No papel da reservista,<\/p>\n\n\n\n<p>Est\u00e1 escrito: Defici\u00eancia F\u00edsica.<\/p>\n\n\n\n<p>Todos os membros inteiros,<\/p>\n\n\n\n<p>E a vista.<\/p>\n\n\n\n<p>Pelo ENEM,<\/p>\n\n\n\n<p>N\u00e3o matriculado.<\/p>\n\n\n\n<p>Pelo vestibular,<\/p>\n\n\n\n<p>&nbsp;Nunca prestado.<\/p>\n\n\n\n<p>Pelo emprego,<\/p>\n\n\n\n<p>Nunca encontrado.<\/p>\n\n\n\n<p>Pela noite inici\u00e1tica no prost\u00edbulo,<\/p>\n\n\n\n<p>Culturalmente levado, por um tio.<\/p>\n\n\n\n<p>Que sumiu.<\/p>\n\n\n\n<p>Pela fam\u00edlia a constituir.<\/p>\n\n\n\n<p>&nbsp;Num eterno devir.<\/p>\n\n\n\n<p>Pela trabalhosa curatela,<\/p>\n\n\n\n<p>Que encerra em si,<\/p>\n\n\n\n<p>Cont\u00ednua e eterna mazela.<\/p>\n\n\n\n<p>Pela aus\u00eancia<\/p>\n\n\n\n<p>De amigos da mesma idade,<\/p>\n\n\n\n<p>Nas festas da comunidade&#8230;<\/p>\n","protected":false},"excerpt":{"rendered":"<p>Pela noite de pijama, Que nunca aconteceu. Pelos convites de anivers\u00e1rios, &nbsp;Que desapareceram Pela pelada no campo, &nbsp;Que desaconteceu. Pelo terer\u00e9 na cal\u00e7ada, &nbsp;Que se desbebeu. Pela festa de conclus\u00e3o do Ensino M\u00e9dio, Planejada, programada, marcada Na hora de pagar a cota, Informaram-me: Acabou! &nbsp;E, ningu\u00e9m avisou&#8230; Pela carteira de motorista. Que nunca ser\u00e1 tirada &hellip;<\/p>\n<p class=\"read-more\"> <a class=\"\" href=\"https:\/\/quemcuidadocuidador.com.br\/index.php\/2022\/03\/12\/ausencias\/\"> <span class=\"screen-reader-text\">Aus\u00eancias<\/span> Leia mais &raquo;<\/a><\/p>\n","protected":false},"author":2,"featured_media":231,"comment_status":"open","ping_status":"open","sticky":false,"template":"","format":"standard","meta":{"om_disable_all_campaigns":false,"_monsterinsights_skip_tracking":false,"_monsterinsights_sitenote_active":false,"_monsterinsights_sitenote_note":"","_monsterinsights_sitenote_category":0,"site-sidebar-layout":"","site-content-layout":"","ast-main-header-display":"","ast-hfb-above-header-display":"","ast-hfb-below-header-display":"","ast-hfb-mobile-header-display":"","site-post-title":"","ast-breadcrumbs-content":"","ast-featured-img":"","footer-sml-layout":"","theme-transparent-header-meta":"","adv-header-id-meta":"","stick-header-meta":"","header-above-stick-meta":"","header-main-stick-meta":"","header-below-stick-meta":""},"categories":[5],"tags":[],"uagb_featured_image_src":{"full":["https:\/\/quemcuidadocuidador.com.br\/wp-content\/uploads\/2022\/03\/patrick-hendry-jd0hS7Vhn_A-unsplash-scaled.jpg",2560,1707,false],"thumbnail":["https:\/\/quemcuidadocuidador.com.br\/wp-content\/uploads\/2022\/03\/patrick-hendry-jd0hS7Vhn_A-unsplash-150x150.jpg",150,150,true],"medium":["https:\/\/quemcuidadocuidador.com.br\/wp-content\/uploads\/2022\/03\/patrick-hendry-jd0hS7Vhn_A-unsplash-300x200.jpg",300,200,true],"medium_large":["https:\/\/quemcuidadocuidador.com.br\/wp-content\/uploads\/2022\/03\/patrick-hendry-jd0hS7Vhn_A-unsplash-768x512.jpg",768,512,true],"large":["https:\/\/quemcuidadocuidador.com.br\/wp-content\/uploads\/2022\/03\/patrick-hendry-jd0hS7Vhn_A-unsplash-1024x683.jpg",1024,683,true],"1536x1536":["https:\/\/quemcuidadocuidador.com.br\/wp-content\/uploads\/2022\/03\/patrick-hendry-jd0hS7Vhn_A-unsplash-1536x1024.jpg",1536,1024,true],"2048x2048":["https:\/\/quemcuidadocuidador.com.br\/wp-content\/uploads\/2022\/03\/patrick-hendry-jd0hS7Vhn_A-unsplash-2048x1365.jpg",2048,1365,true]},"uagb_author_info":{"display_name":"Cicera A Feitosa","author_link":"https:\/\/quemcuidadocuidador.com.br\/index.php\/author\/cicera\/"},"uagb_comment_info":9,"uagb_excerpt":"Pela noite de pijama, Que nunca aconteceu. Pelos convites de anivers\u00e1rios, &nbsp;Que desapareceram Pela pelada no campo, &nbsp;Que desaconteceu. Pelo terer\u00e9 na cal\u00e7ada, &nbsp;Que se desbebeu. Pela festa de conclus\u00e3o do Ensino M\u00e9dio, Planejada, programada, marcada Na hora de pagar a cota, Informaram-me: Acabou! &nbsp;E, ningu\u00e9m avisou&#8230; Pela carteira de motorista. Que nunca ser\u00e1 tirada&hellip;","_links":{"self":[{"href":"https:\/\/quemcuidadocuidador.com.br\/index.php\/wp-json\/wp\/v2\/posts\/230"}],"collection":[{"href":"https:\/\/quemcuidadocuidador.com.br\/index.php\/wp-json\/wp\/v2\/posts"}],"about":[{"href":"https:\/\/quemcuidadocuidador.com.br\/index.php\/wp-json\/wp\/v2\/types\/post"}],"author":[{"embeddable":true,"href":"https:\/\/quemcuidadocuidador.com.br\/index.php\/wp-json\/wp\/v2\/users\/2"}],"replies":[{"embeddable":true,"href":"https:\/\/quemcuidadocuidador.com.br\/index.php\/wp-json\/wp\/v2\/comments?post=230"}],"version-history":[{"count":1,"href":"https:\/\/quemcuidadocuidador.com.br\/index.php\/wp-json\/wp\/v2\/posts\/230\/revisions"}],"predecessor-version":[{"id":232,"href":"https:\/\/quemcuidadocuidador.com.br\/index.php\/wp-json\/wp\/v2\/posts\/230\/revisions\/232"}],"wp:featuredmedia":[{"embeddable":true,"href":"https:\/\/quemcuidadocuidador.com.br\/index.php\/wp-json\/wp\/v2\/media\/231"}],"wp:attachment":[{"href":"https:\/\/quemcuidadocuidador.com.br\/index.php\/wp-json\/wp\/v2\/media?parent=230"}],"wp:term":[{"taxonomy":"category","embeddable":true,"href":"https:\/\/quemcuidadocuidador.com.br\/index.php\/wp-json\/wp\/v2\/categories?post=230"},{"taxonomy":"post_tag","embeddable":true,"href":"https:\/\/quemcuidadocuidador.com.br\/index.php\/wp-json\/wp\/v2\/tags?post=230"}],"curies":[{"name":"wp","href":"https:\/\/api.w.org\/{rel}","templated":true}]}}