{"id":225,"date":"2022-03-05T05:13:03","date_gmt":"2022-03-05T09:13:03","guid":{"rendered":"https:\/\/quemcuidadocuidador.com.br\/?p=225"},"modified":"2022-03-05T05:13:04","modified_gmt":"2022-03-05T09:13:04","slug":"reivindicacoes-aos-nossos-governantes","status":"publish","type":"post","link":"https:\/\/quemcuidadocuidador.com.br\/index.php\/2022\/03\/05\/reivindicacoes-aos-nossos-governantes\/","title":{"rendered":"Reivindica\u00e7\u00f5es aos nossos governantes"},"content":{"rendered":"\n<p>Por que a humaniza\u00e7\u00e3o e a compaix\u00e3o s\u00e3o necess\u00e1rias para enxergarmos o outro e transformarmos suas vidas?<\/p>\n\n\n\n<p>Sonhamos encontrar o tempo todo pessoas humanizadas e que transbordem compaix\u00e3o. Pois estas pessoas poderiam transformar o dia-a-dia de nossos filhos com a\u00e7\u00f5es m\u00ednimas. Mas que, dependendo do momento, s\u00e3o realiza\u00e7\u00f5es gigantescas para eles. Como: vestir uma roupa sozinho, pisar na grama, experimentar alimentos de texturas diferentes, barulho muito alto, ou sair da rotina.<\/p>\n\n\n\n<p>Pequenas coisas, que desestabilizam suas emo\u00e7\u00f5es&#8230; e a nossa tamb\u00e9m. Nesses momentos temos que usar toda a nossa energia&#8230; &nbsp;ora para acalm\u00e1-los, ora para cont\u00ea-los.<\/p>\n\n\n\n<p>Quando isso acontece tamb\u00e9m precisamos ser cuidadas. Para termos o apoio necess\u00e1rio, para ressignificar nossas emo\u00e7\u00f5es, pois tamb\u00e9m passamos a sentir tudo em demasia.<\/p>\n\n\n\n<p>Quando esse sentir aos poucos ganha serenidade, ent\u00e3o nos reerguemos. Chega a hora de questionar e buscar a constru\u00e7\u00e3o de um mundo novo junto a sociedade. Quando temos filhos que n\u00e3o se encaixam dentro dos padr\u00f5es tra\u00e7ados pela sociedade, precisamos reivindicar dessa sociedade que nos deixou s\u00f3s por anos. Pois, muitas vezes somos a \u00fanica aldeia para nossos filhos.<\/p>\n\n\n\n<p>Neste momento amada sociedade, ap\u00f3s completar meio s\u00e9culo de vida e ter a certeza que por mais que eu tenha tentado e queira, n\u00e3o posso suprir todas as necessidades de meu filho, venho em nome de todas as m\u00e3es e pais reivindicar:<\/p>\n\n\n\n<p>Ent\u00e3o vamos l\u00e1:<\/p>\n\n\n\n<p>Um centro de refer\u00eancia \u00e9 preciso<\/p>\n\n\n\n<p>Para as crian\u00e7as e fam\u00edlias atender.<\/p>\n\n\n\n<p>Com todos os especialistas<\/p>\n\n\n\n<p>Para a qualidade da vida manter.<\/p>\n\n\n\n<p>Um espa\u00e7o de conviv\u00eancia \u00e9 necess\u00e1rio,<\/p>\n\n\n\n<p>Para que eles encontrem, outros pares.<\/p>\n\n\n\n<p>Aprendam a voar sozinhos<\/p>\n\n\n\n<p>E, saiam do ninho.<\/p>\n\n\n\n<p>Pais e m\u00e3es, n\u00e3o s\u00e3o eternos<\/p>\n\n\n\n<p>Embora tenhamos<\/p>\n\n\n\n<p>Um desejo imenso de eternidade<\/p>\n\n\n\n<p>Quando observamos nossos filhos.<\/p>\n\n\n\n<p>E pensamos &#8230;<\/p>\n\n\n\n<p>Quem vai se preocupar com o banho<\/p>\n\n\n\n<p>Os rem\u00e9dios na hora certa.<\/p>\n\n\n\n<p>Cortar cabelo,<\/p>\n\n\n\n<p>Fazer a barba,<\/p>\n\n\n\n<p>Cortar as unhas,<\/p>\n\n\n\n<p>Levar ao m\u00e9dico,<\/p>\n\n\n\n<p>E todo santo dia da forma mais sagrada dizer:<\/p>\n\n\n\n<p>Escova os dentes.<\/p>\n\n\n\n<p>Toma banho.<\/p>\n\n\n\n<p>Estende a toalha.<\/p>\n\n\n\n<p>Seca as axilas direito<\/p>\n\n\n\n<p>Passa o desodorante.<\/p>\n\n\n\n<p>Volta e d\u00e1 descarga no vaso.<\/p>\n\n\n\n<p>Baixa o volume da televis\u00e3o.<\/p>\n\n\n\n<p>Absolutamente, ningu\u00e9m.<\/p>\n\n\n\n<p>Parar tudo o que voc\u00ea est\u00e1 fazendo,<\/p>\n\n\n\n<p>Porque, ele quer um abra\u00e7o.<\/p>\n\n\n\n<p>Exatamente naquele momento.<\/p>\n\n\n\n<p>Viu, porque temos gana<\/p>\n\n\n\n<p>Por eternidade.<\/p>\n\n\n\n<p>N\u00e3o \u00e9 vaidade<\/p>\n\n\n\n<p>\u00c9 necessidade.<\/p>\n\n\n\n<p>Mas como n\u00e3o podemos t\u00ea-la&#8230;<\/p>\n\n\n\n<p>Que a nossa sociedade se torne a aldeia inteira que ir\u00e1 ajudar a educar, escutar e cuidar de nossos filhos quando aqui n\u00e3o estivermos mais.<\/p>\n\n\n\n<p>Senhores governos:<\/p>\n\n\n\n<p>O que voc\u00eas t\u00eam a nos proporcionar em termos pr\u00e1ticos e urgentes?<\/p>\n\n\n\n<p>S\u00e3o muitas m\u00e3es doentes, algumas que n\u00e3o suportaram a dor e tiraram a vida. N\u00e3o \u00e9 f\u00e1cil ressignificar a dor.<\/p>\n\n\n\n<p>Voc\u00eas s\u00e3o respons\u00e1veis pelas vidas desassistidas, esquecidas, oprimidas, destitu\u00eddas de vida, vidas sofridas, insipidas, descoloridas. Um eterno cinza.<\/p>\n\n\n\n<p>Queremos ter tempo para<\/p>\n\n\n\n<p>Sentir o calor e o brilho do sol<\/p>\n\n\n\n<p>Ver o azul do c\u00e9u se mesclar com o azul do mar.<\/p>\n\n\n\n<p>Caminhar na areia.<\/p>\n\n\n\n<p>Apreciar uma lua cheia.<\/p>\n\n\n\n<p>Ouvir o canto, dos passarinhos.<\/p>\n\n\n\n<p>Perceber a chuva chegar de mansinho.<\/p>\n\n\n\n<p>Ir ao cinema<\/p>\n\n\n\n<p>Passear os olhos por quadros, em uma galeria, sem sobressaltos.<\/p>\n\n\n\n<p>Reunir com amigos e papear.<\/p>\n\n\n\n<p>Por\u00e9m tudo isso que deve fazer parte da vida de qualquer ser humano quando temos filhos que precisam de aten\u00e7\u00e3o em tempo integral, n\u00e3o \u00e9 poss\u00edvel. A n\u00e3o ser que se tenha um excelente poder aquisitivo. Simplesmente deixamos de vivenciar.<\/p>\n\n\n\n<p>Estamos reivindicando cuidados para nossos filhos e para n\u00f3s tamb\u00e9m.<\/p>\n","protected":false},"excerpt":{"rendered":"<p>Por que a humaniza\u00e7\u00e3o e a compaix\u00e3o s\u00e3o necess\u00e1rias para enxergarmos o outro e transformarmos suas vidas? Sonhamos encontrar o tempo todo pessoas humanizadas e que transbordem compaix\u00e3o. Pois estas pessoas poderiam transformar o dia-a-dia de nossos filhos com a\u00e7\u00f5es m\u00ednimas. Mas que, dependendo do momento, s\u00e3o realiza\u00e7\u00f5es gigantescas para eles. Como: vestir uma roupa &hellip;<\/p>\n<p class=\"read-more\"> <a class=\"\" href=\"https:\/\/quemcuidadocuidador.com.br\/index.php\/2022\/03\/05\/reivindicacoes-aos-nossos-governantes\/\"> <span class=\"screen-reader-text\">Reivindica\u00e7\u00f5es aos nossos governantes<\/span> Leia mais &raquo;<\/a><\/p>\n","protected":false},"author":2,"featured_media":226,"comment_status":"open","ping_status":"closed","sticky":false,"template":"","format":"standard","meta":{"om_disable_all_campaigns":false,"_monsterinsights_skip_tracking":false,"_monsterinsights_sitenote_active":false,"_monsterinsights_sitenote_note":"","_monsterinsights_sitenote_category":0,"site-sidebar-layout":"","site-content-layout":"","ast-main-header-display":"","ast-hfb-above-header-display":"","ast-hfb-below-header-display":"","ast-hfb-mobile-header-display":"","site-post-title":"","ast-breadcrumbs-content":"","ast-featured-img":"","footer-sml-layout":"","theme-transparent-header-meta":"","adv-header-id-meta":"","stick-header-meta":"","header-above-stick-meta":"","header-main-stick-meta":"","header-below-stick-meta":""},"categories":[5],"tags":[],"uagb_featured_image_src":{"full":["https:\/\/quemcuidadocuidador.com.br\/wp-content\/uploads\/2022\/03\/foto-Pedro.jpg",751,1280,false],"thumbnail":["https:\/\/quemcuidadocuidador.com.br\/wp-content\/uploads\/2022\/03\/foto-Pedro-150x150.jpg",150,150,true],"medium":["https:\/\/quemcuidadocuidador.com.br\/wp-content\/uploads\/2022\/03\/foto-Pedro-176x300.jpg",176,300,true],"medium_large":["https:\/\/quemcuidadocuidador.com.br\/wp-content\/uploads\/2022\/03\/foto-Pedro.jpg",751,1280,false],"large":["https:\/\/quemcuidadocuidador.com.br\/wp-content\/uploads\/2022\/03\/foto-Pedro-601x1024.jpg",601,1024,true],"1536x1536":["https:\/\/quemcuidadocuidador.com.br\/wp-content\/uploads\/2022\/03\/foto-Pedro.jpg",751,1280,false],"2048x2048":["https:\/\/quemcuidadocuidador.com.br\/wp-content\/uploads\/2022\/03\/foto-Pedro.jpg",751,1280,false]},"uagb_author_info":{"display_name":"Cicera A Feitosa","author_link":"https:\/\/quemcuidadocuidador.com.br\/index.php\/author\/cicera\/"},"uagb_comment_info":16,"uagb_excerpt":"Por que a humaniza\u00e7\u00e3o e a compaix\u00e3o s\u00e3o necess\u00e1rias para enxergarmos o outro e transformarmos suas vidas? Sonhamos encontrar o tempo todo pessoas humanizadas e que transbordem compaix\u00e3o. Pois estas pessoas poderiam transformar o dia-a-dia de nossos filhos com a\u00e7\u00f5es m\u00ednimas. Mas que, dependendo do momento, s\u00e3o realiza\u00e7\u00f5es gigantescas para eles. Como: vestir uma roupa&hellip;","_links":{"self":[{"href":"https:\/\/quemcuidadocuidador.com.br\/index.php\/wp-json\/wp\/v2\/posts\/225"}],"collection":[{"href":"https:\/\/quemcuidadocuidador.com.br\/index.php\/wp-json\/wp\/v2\/posts"}],"about":[{"href":"https:\/\/quemcuidadocuidador.com.br\/index.php\/wp-json\/wp\/v2\/types\/post"}],"author":[{"embeddable":true,"href":"https:\/\/quemcuidadocuidador.com.br\/index.php\/wp-json\/wp\/v2\/users\/2"}],"replies":[{"embeddable":true,"href":"https:\/\/quemcuidadocuidador.com.br\/index.php\/wp-json\/wp\/v2\/comments?post=225"}],"version-history":[{"count":1,"href":"https:\/\/quemcuidadocuidador.com.br\/index.php\/wp-json\/wp\/v2\/posts\/225\/revisions"}],"predecessor-version":[{"id":227,"href":"https:\/\/quemcuidadocuidador.com.br\/index.php\/wp-json\/wp\/v2\/posts\/225\/revisions\/227"}],"wp:featuredmedia":[{"embeddable":true,"href":"https:\/\/quemcuidadocuidador.com.br\/index.php\/wp-json\/wp\/v2\/media\/226"}],"wp:attachment":[{"href":"https:\/\/quemcuidadocuidador.com.br\/index.php\/wp-json\/wp\/v2\/media?parent=225"}],"wp:term":[{"taxonomy":"category","embeddable":true,"href":"https:\/\/quemcuidadocuidador.com.br\/index.php\/wp-json\/wp\/v2\/categories?post=225"},{"taxonomy":"post_tag","embeddable":true,"href":"https:\/\/quemcuidadocuidador.com.br\/index.php\/wp-json\/wp\/v2\/tags?post=225"}],"curies":[{"name":"wp","href":"https:\/\/api.w.org\/{rel}","templated":true}]}}