{"id":221,"date":"2022-02-26T06:06:38","date_gmt":"2022-02-26T10:06:38","guid":{"rendered":"https:\/\/quemcuidadocuidador.com.br\/?p=221"},"modified":"2022-02-26T06:06:39","modified_gmt":"2022-02-26T10:06:39","slug":"pedro-e-feliz","status":"publish","type":"post","link":"https:\/\/quemcuidadocuidador.com.br\/index.php\/2022\/02\/26\/pedro-e-feliz\/","title":{"rendered":"Pedro \u00e9 feliz?"},"content":{"rendered":"\n<p><strong>PEDRO \u00c9 FELIZ?<\/strong><\/p>\n\n\n\n<p>A primeira vez que respondi essa pergunta foi muito dif\u00edcil. Parecia errado. Afinal, era eu que estava respondendo e n\u00e3o ele. Uma resposta que, embora eu dissesse sim, faltava-me convic\u00e7\u00e3o e certeza. O bicho inseguran\u00e7a parecia me morder. Na d\u00favida, por v\u00e1rias vezes chorei.<\/p>\n\n\n\n<p>Nossos filhos no mundo habitado por eles, que ora fazemos parte e ora n\u00e3o fazemos, s\u00e3o felizes? Mundos h\u00e1 que juntos com eles constru\u00edmos cada tijolo, assentamos e alisamos a argamassa. Para ter certeza que n\u00e3o deixamos arestas para machuc\u00e1-los. Isso acontece quando as pessoas que est\u00e3o por perto deles, muitas vezes escolhidas por eles, n\u00f3s tamb\u00e9m aprovamos, ou j\u00e1 faziam parte do nosso ciclo de conviv\u00eancia.<\/p>\n\n\n\n<p>H\u00e1 tempos sei que meu filho Pedro Henrique \u00e9 feliz. Mas este ano, em seu anivers\u00e1rio de 19 anos no dia 20\/02\/2022, sua felicidade alcan\u00e7ou picos elevados.<\/p>\n\n\n\n<p>Organizamos um almo\u00e7o. Quando os \u00faltimos convidados ainda estavam terminando de almo\u00e7ar, ele j\u00e1 estava pronto para os parab\u00e9ns e para cortar o bolo. \u00c0s 14:00 horas ligou para duas amigas que n\u00e3o puderam vir e comunicou: Agora voc\u00eas n\u00e3o precisam vir mais porque daqui a pouco vou para a missa.<\/p>\n\n\n\n<p>Ao chegar na Igreja Nossa Senhora do Carmo, no bairro do Junco \u2013 C\u00e1ceres -MT, anunciou aos presentes que era seu anivers\u00e1rio. Uma das organizadoras sugeriu que eu inclu\u00edsse seu nome na inten\u00e7\u00e3o da Santa Missa como aniversariante.<\/p>\n\n\n\n<p>Quando ele ouviu o nome dele, um sorriso espalhou por seu rosto. Ap\u00f3s a comunh\u00e3o e avisos, convidaram-no para ir \u00e0 frente do altar. Cantaram os parab\u00e9ns. O c\u00e2ntico Derrama \u00f3 Senhor&#8230; e ao t\u00e9rmino da ben\u00e7\u00e3o final, cantou-se o hino de Nossa Senhora do Carmo a pedido dele. Tamb\u00e9m deixaram um microfone a sua disposi\u00e7\u00e3o. E precisei reconhecer que ele pode cantar na igreja. A voz dele \u00e9 forte e agrad\u00e1vel. N\u00e3o poderia reclamar da forma acolhedora com que esta comunidade sempre o recebe.<\/p>\n\n\n\n<p>Enfim, seu anivers\u00e1rio foi preenchido pelas coisas que ele gosta.<\/p>\n\n\n\n<p>Entretanto, uma semana antes come\u00e7ou sua ansiedade, nem ele dormia direito, nem a gente. Como seu humor pode alterar, quando o dia terminou estava exausta e feliz.<\/p>\n\n\n\n<p>Pronta para nunca mais ter d\u00favidas, ao responder \u00e0 pergunta de um, a princ\u00edpio orientador. Com o passar do tempo, um querido e amado amigo.<\/p>\n\n\n\n<p>\u2500 C\u00edcera, Pedro \u00e9 feliz? \u2500 Perguntava James, em 2018,<\/p>\n\n\n\n<p>Eu respondia totalmente na d\u00favida e insegura.<\/p>\n\n\n\n<p>\u2500 S i m&#8230;<\/p>\n\n\n\n<p>A resposta hoje \u00e9:<\/p>\n\n\n\n<p>\u2500 SIM, James!&nbsp; Pedro \u00e9 feliz.<\/p>\n\n\n\n<p>Ali\u00e1s, muito, muito, muito, feliz.<\/p>\n\n\n\n<p>&nbsp;Em 2018 eu tinha medo, dele n\u00e3o ser feliz. A compreens\u00e3o da felicidade de Pedro Henrique s\u00f3 fez sentido quando entendi e aprendi a aceitar que ele \u00e9 feliz, em seu mundo. Minha epifania aconteceu ao compreender que: Quem sofre? Sou eu.&nbsp; Quem precisa se adaptar? Sou eu. Quem precisa aceitar? Sou eu. Quem quer o imposs\u00edvel?&nbsp; Tamb\u00e9m sou eu.<\/p>\n\n\n\n<p>Vejam bem, esse compreender e aceitar n\u00e3o significa acomodar, ou cruzar os bra\u00e7os. Tenho lutado por melhores condi\u00e7\u00f5es de vida para ele e todas as outras pessoas que como ele precisam de tratamentos especializados e serem inclu\u00eddas, como nunca tinha feito antes. A\u00e7\u00f5es humanas de algumas pessoas, ainda doem em mim. Mas nestes 19 anos, tenho ressignificado a dor, o desrespeito com o diferente e o descaso social em energia de a\u00e7\u00e3o. Para que as pessoas e os \u00f3rg\u00e3os p\u00fablicos ofere\u00e7am um atendimento de qualidade, com equidade, compaix\u00e3o e humanizado.<\/p>\n","protected":false},"excerpt":{"rendered":"<p>PEDRO \u00c9 FELIZ? A primeira vez que respondi essa pergunta foi muito dif\u00edcil. Parecia errado. Afinal, era eu que estava respondendo e n\u00e3o ele. Uma resposta que, embora eu dissesse sim, faltava-me convic\u00e7\u00e3o e certeza. O bicho inseguran\u00e7a parecia me morder. Na d\u00favida, por v\u00e1rias vezes chorei. Nossos filhos no mundo habitado por eles, que &hellip;<\/p>\n<p class=\"read-more\"> <a class=\"\" href=\"https:\/\/quemcuidadocuidador.com.br\/index.php\/2022\/02\/26\/pedro-e-feliz\/\"> <span class=\"screen-reader-text\">Pedro \u00e9 feliz?<\/span> Leia mais &raquo;<\/a><\/p>\n","protected":false},"author":2,"featured_media":222,"comment_status":"open","ping_status":"open","sticky":false,"template":"","format":"standard","meta":{"om_disable_all_campaigns":false,"_monsterinsights_skip_tracking":false,"_monsterinsights_sitenote_active":false,"_monsterinsights_sitenote_note":"","_monsterinsights_sitenote_category":0,"site-sidebar-layout":"","site-content-layout":"","ast-main-header-display":"","ast-hfb-above-header-display":"","ast-hfb-below-header-display":"","ast-hfb-mobile-header-display":"","site-post-title":"","ast-breadcrumbs-content":"","ast-featured-img":"","footer-sml-layout":"","theme-transparent-header-meta":"","adv-header-id-meta":"","stick-header-meta":"","header-above-stick-meta":"","header-main-stick-meta":"","header-below-stick-meta":""},"categories":[5],"tags":[],"uagb_featured_image_src":{"full":["https:\/\/quemcuidadocuidador.com.br\/wp-content\/uploads\/2022\/02\/Pedro-aniversario.jpeg",646,706,false],"thumbnail":["https:\/\/quemcuidadocuidador.com.br\/wp-content\/uploads\/2022\/02\/Pedro-aniversario-150x150.jpeg",150,150,true],"medium":["https:\/\/quemcuidadocuidador.com.br\/wp-content\/uploads\/2022\/02\/Pedro-aniversario-275x300.jpeg",275,300,true],"medium_large":["https:\/\/quemcuidadocuidador.com.br\/wp-content\/uploads\/2022\/02\/Pedro-aniversario.jpeg",646,706,false],"large":["https:\/\/quemcuidadocuidador.com.br\/wp-content\/uploads\/2022\/02\/Pedro-aniversario.jpeg",646,706,false],"1536x1536":["https:\/\/quemcuidadocuidador.com.br\/wp-content\/uploads\/2022\/02\/Pedro-aniversario.jpeg",646,706,false],"2048x2048":["https:\/\/quemcuidadocuidador.com.br\/wp-content\/uploads\/2022\/02\/Pedro-aniversario.jpeg",646,706,false]},"uagb_author_info":{"display_name":"Cicera A Feitosa","author_link":"https:\/\/quemcuidadocuidador.com.br\/index.php\/author\/cicera\/"},"uagb_comment_info":10,"uagb_excerpt":"PEDRO \u00c9 FELIZ? A primeira vez que respondi essa pergunta foi muito dif\u00edcil. Parecia errado. Afinal, era eu que estava respondendo e n\u00e3o ele. Uma resposta que, embora eu dissesse sim, faltava-me convic\u00e7\u00e3o e certeza. O bicho inseguran\u00e7a parecia me morder. Na d\u00favida, por v\u00e1rias vezes chorei. Nossos filhos no mundo habitado por eles, que&hellip;","_links":{"self":[{"href":"https:\/\/quemcuidadocuidador.com.br\/index.php\/wp-json\/wp\/v2\/posts\/221"}],"collection":[{"href":"https:\/\/quemcuidadocuidador.com.br\/index.php\/wp-json\/wp\/v2\/posts"}],"about":[{"href":"https:\/\/quemcuidadocuidador.com.br\/index.php\/wp-json\/wp\/v2\/types\/post"}],"author":[{"embeddable":true,"href":"https:\/\/quemcuidadocuidador.com.br\/index.php\/wp-json\/wp\/v2\/users\/2"}],"replies":[{"embeddable":true,"href":"https:\/\/quemcuidadocuidador.com.br\/index.php\/wp-json\/wp\/v2\/comments?post=221"}],"version-history":[{"count":1,"href":"https:\/\/quemcuidadocuidador.com.br\/index.php\/wp-json\/wp\/v2\/posts\/221\/revisions"}],"predecessor-version":[{"id":223,"href":"https:\/\/quemcuidadocuidador.com.br\/index.php\/wp-json\/wp\/v2\/posts\/221\/revisions\/223"}],"wp:featuredmedia":[{"embeddable":true,"href":"https:\/\/quemcuidadocuidador.com.br\/index.php\/wp-json\/wp\/v2\/media\/222"}],"wp:attachment":[{"href":"https:\/\/quemcuidadocuidador.com.br\/index.php\/wp-json\/wp\/v2\/media?parent=221"}],"wp:term":[{"taxonomy":"category","embeddable":true,"href":"https:\/\/quemcuidadocuidador.com.br\/index.php\/wp-json\/wp\/v2\/categories?post=221"},{"taxonomy":"post_tag","embeddable":true,"href":"https:\/\/quemcuidadocuidador.com.br\/index.php\/wp-json\/wp\/v2\/tags?post=221"}],"curies":[{"name":"wp","href":"https:\/\/api.w.org\/{rel}","templated":true}]}}